{"id":410983,"date":"2025-09-23T03:38:17","date_gmt":"2025-09-23T03:38:17","guid":{"rendered":"https:\/\/www.europesays.com\/fr\/410983\/"},"modified":"2025-09-23T03:38:17","modified_gmt":"2025-09-23T03:38:17","slug":"sommeil-quelle-est-la-position-parfaite-pour-un-bon-sommeil","status":"publish","type":"post","link":"https:\/\/www.europesays.com\/fr\/410983\/","title":{"rendered":"Sommeil : quelle est la position parfaite pour un bon sommeil ?"},"content":{"rendered":"<p>             <a href=\"https:\/\/ma-sante.news\/wp-content\/uploads\/2025\/09\/quelle-est-la-meilleure-position-pour-la-dormir-la-nuit-sommeil-de-qualite-Ma-Sante.jpg\" data-caption=\"Et vous, dans quelle position dormez vous la nuit ? \u00a9 Freepik\" rel=\"nofollow noopener\" target=\"_blank\"><img loading=\"lazy\" decoding=\"async\" width=\"696\" height=\"464\" class=\"entry-thumb td-modal-image ewww_webp_lazy_load\" src=\"data:image\/svg+xml,%3Csvg%20xmlns=\" http:=\"\" data-lazy- data-lazy- alt=\"Une femme qui dort presque exclusivement sur le dos.\" title=\"quelle est la meilleure position pour la dormir la nuit sommeil de qualite\u0301 Ma Sante\u0301\" data-lazy-src=\"https:\/\/www.europesays.com\/fr\/wp-content\/uploads\/2025\/09\/quelle-est-la-meilleure-position-pour-la-dormir-la-nuit-sommeil-de-qualite-Ma-Sante-696x464.jpg\" data-lazy-src-webp=\"https:\/\/www.europesays.com\/fr\/wp-content\/uploads\/2025\/09\/quelle-est-la-meilleure-position-pour-la-dormir-la-nuit-sommeil-de-qualite-Ma-Sante-696x464.jpg.webp\" data-lazy-srcset-webp=\"https:\/\/www.europesays.com\/fr\/wp-content\/uploads\/2025\/09\/quelle-est-la-meilleure-position-pour-la-dormir-la-nuit-sommeil-de-qualite-Ma-Sante-696x464.jpg.webp 696w, https:\/\/ma-sante.news\/wp-content\/uploads\/2025\/09\/quelle-est-la-meilleure-position-pour-la-dormir-la-nuit-sommeil-de-qualite-Ma-Sante-300x200.jpg.webp 300w, https:\/\/ma-sante.news\/wp-content\/uploads\/2025\/09\/quelle-est-la-meilleure-position-pour-la-dormir-la-nuit-sommeil-de-qualite-Ma-Sante-768x512.jpg.webp 768w, https:\/\/ma-sante.news\/wp-content\/uploads\/2025\/09\/quelle-est-la-meilleure-position-pour-la-dormir-la-nuit-sommeil-de-qualite-Ma-Sante-630x420.jpg.webp 630w, https:\/\/ma-sante.news\/wp-content\/uploads\/2025\/09\/quelle-est-la-meilleure-position-pour-la-dormir-la-nuit-sommeil-de-qualite-Ma-Sante.jpg.webp 800w\"\/><\/a>Et vous, dans quelle position dormez vous la nuit ? \u00a9 Freepik                                    \t\t\t             <a class=\"gofollow\" data-track=\"MjgsMCw2MA==\" href=\"https:\/\/ma-sante.news\/inscrivez-vous-a-notre-newsletter\/\" rel=\"nofollow noopener\" target=\"_blank\"><img loading=\"lazy\" decoding=\"async\" width=\"1068\" height=\"131\" src=\"data:image\/svg+xml,%3Csvg%20xmlns=\" http:=\"\" data-lazy-src=\"https:\/\/www.europesays.com\/fr\/wp-content\/uploads\/2025\/03\/banniere-newsletter.png\"\/><\/a> <\/p>\n<p>Les Fran\u00e7ais dorment en moyenne 7 h 04 en semaine et 7 h 38 le week-end, selon le dernier barom\u00e8tre de l\u2019Institut National du Sommeil et de la Vigilance (INSV, mars 2025). Mais derri\u00e8re ces chiffres, un constat : 43 % d\u00e9clarent souffrir d\u2019au moins <a href=\"https:\/\/ma-sante.news\/troubles-sommeil-soigner-insomnie-213678\/\" rel=\"nofollow noopener\" target=\"_blank\">un trouble du sommeil (insomnie, r\u00e9veils nocturnes, apn\u00e9es, etc.)<\/a>.<\/p>\n<p>Or, <a href=\"https:\/\/ma-sante.news\/sommeil-et-si-on-ameliorait-enfin-la-qualite-de-vos-nuits\/\" rel=\"nofollow noopener\" target=\"_blank\">la qualit\u00e9 du sommeil<\/a> ne se r\u00e9sume pas aux heures pass\u00e9es sous la couette. L\u2019environnement, l\u2019hygi\u00e8ne de vie et\u2026 la position dans laquelle nous dormons peuvent jouer un r\u00f4le d\u00e9terminant.\u00a0<\/p>\n<p>        Dormir sur le c\u00f4t\u00e9 : la posture la plus polyvalente    <strong>C\u00f4t\u00e9 gauche : un alli\u00e9 contre le reflux<\/strong>    <\/p>\n<p>Dormir sur le c\u00f4t\u00e9 est la position la plus fr\u00e9quemment adopt\u00e9e par les Fran\u00e7ais. Et elle n\u2019a pas vol\u00e9 sa r\u00e9putation de position \u00ab sant\u00e9 \u00bb.<\/p>\n<p><a href=\"https:\/\/pubmed.ncbi.nlm.nih.gov\/37969463\/\" target=\"_blank\" rel=\"noreferrer noopener nofollow\">Une \u00e9tude de la National Lubrary of Medecine<\/a> a montr\u00e9 que dormir sur le c\u00f4t\u00e9 gauche r\u00e9duit significativement les reflux gastro-\u0153sophagiens nocturnes et am\u00e9liore la qualit\u00e9 de vie des personnes souffrant de RGO. La m\u00e9canique est simple : en position lat\u00e9rale gauche, l\u2019estomac se trouve en contrebas de l\u2019\u0153sophage, ce qui limite les remont\u00e9es acides.<\/p>\n<p>        <strong>C\u00f4t\u00e9 droit : plus confortable pour certains c\u0153urs fragiles<\/strong>    <\/p>\n<p>Mais attention, ce qui est bon pour l\u2019estomac peut l\u2019\u00eatre moins pour le c\u0153ur. Chez les patients atteints d\u2019<a href=\"https:\/\/ma-sante.news\/insuffisance-cardiaque-danger-123856\/\" rel=\"nofollow noopener\" target=\"_blank\">insuffisance cardiaque<\/a>, plusieurs travaux montrent que la position c\u00f4t\u00e9 gauche est parfois mal tol\u00e9r\u00e9e, avec une sensation de g\u00eane respiratoire.\u00a0<\/p>\n<p>\u00c0 l\u2019inverse, le c\u00f4t\u00e9 droit est souvent mieux v\u00e9cu et permet une respiration plus stable. L\u2019American Heart Association, dans une actualisation de janvier 2025, souligne toutefois que ces donn\u00e9es concernent essentiellement les malades cardiaques. Rien ne prouve que dormir sur le c\u00f4t\u00e9 gauche soit n\u00e9faste pour les personnes en bonne sant\u00e9.<\/p>\n<p>        Sur le dos : l\u2019ami du dos, l\u2019ennemi des ronfleurs    <\/p>\n<p>La position sur le dos a longtemps \u00e9t\u00e9 pr\u00e9sent\u00e9e comme \u00ab neutre \u00bb et respectueuse de l\u2019alignement du corps. Et c\u2019est vrai ! Un oreiller sous les genoux permet de soulager les lombalgies et de pr\u00e9server la courbure naturelle du bas du dos.<\/p>\n<p>Mais dormir sur le dos aggrave<a href=\"https:\/\/ma-sante.news\/apnee-sommeil-ronflements-solution-lyon-139784\/\" rel=\"nofollow noopener\" target=\"_blank\"> le ronflement et l\u2019apn\u00e9e obstructive du sommeil (AOS)<\/a>. Selon <a href=\"https:\/\/pmc.ncbi.nlm.nih.gov\/articles\/PMC10204811\/\" target=\"_blank\" rel=\"noreferrer noopener nofollow\">une cohorte multicentrique<\/a>, pr\u00e8s de la moiti\u00e9 des patients apn\u00e9iques pr\u00e9sentent une forme dite \u00ab positionnelle \u00bb, avec une s\u00e9v\u00e9rit\u00e9 accrue en position dorsale. Des dispositifs appel\u00e9s \u00ab th\u00e9rapies positionnelles \u00bb (vestes, oreillers sp\u00e9ciaux) sont m\u00eame d\u00e9velopp\u00e9s pour emp\u00eacher les dormeurs de basculer sur le dos.<\/p>\n<p>        Sur le ventre : la position la moins recommand\u00e9e    <\/p>\n<p>Dormir sur le ventre n\u2019a pas bonne presse. Et pour cause, cette position entra\u00eene une torsion importante de la nuque et une pression sur la colonne lombaire. Les sp\u00e9cialistes la d\u00e9conseillent donc pour les adultes.\u00a0<\/p>\n<p>Elle est par ailleurs strictement interdite pour les nourrissons, car elle augmente le risque de mort inattendue du nourrisson.<\/p>\n<p>        Grossesse et nourrissons : deux cas tr\u00e8s sp\u00e9cifiques    <strong>Enceinte : plut\u00f4t sur le c\u00f4t\u00e9 gauche<\/strong>    <\/p>\n<p>\u00c0 partir du deuxi\u00e8me trimestre, dormir sur le dos peut comprimer la veine cave inf\u00e9rieure, ce qui r\u00e9duit le retour veineux vers le c\u0153ur et peut provoquer malaises et palpitations. Les autorit\u00e9s sanitaires fran\u00e7aises recommandent donc aux femmes enceintes de dormir sur le c\u00f4t\u00e9, et si possible sur le c\u00f4t\u00e9 gauche, afin de favoriser la circulation sanguine vers le placenta.<\/p>\n<p>        <strong>B\u00e9b\u00e9 : sur le dos, sans exception<\/strong>    <\/p>\n<p>Depuis les ann\u00e9es 1990, les campagnes de pr\u00e9vention insistent : <a href=\"https:\/\/ma-sante.news\/rythme-bebe-de-2-mois-comment-gerer-son-sommeil\/\" rel=\"nofollow noopener\" target=\"_blank\">les b\u00e9b\u00e9s doivent \u00eatre couch\u00e9s syst\u00e9matiquement sur le dos<\/a>, sur un matelas ferme, sans oreiller ni couverture. Cette recommandation a permis de r\u00e9duire de 76 % le risque de mort inattendue du nourrisson (MIN). Mais la vigilance reste essentielle car la France compte encore 250 \u00e0 350 d\u00e9c\u00e8s par an li\u00e9s \u00e0 la MIN.<\/p>\n<p>        L\u2019importance des oreillers et coussins    <\/p>\n<p>Le confort nocturne se joue aussi dans les d\u00e9tails.<\/p>\n<ul class=\"wp-block-list\">\n<li>Coussin entre les genoux : recommand\u00e9 pour ceux qui dorment sur le c\u00f4t\u00e9, il permet d\u2019aligner le bassin et la colonne, soulageant ainsi les hanches et le bas du dos.<\/li>\n<li>Oreiller sous les genoux : utile sur le dos, il favorise le rel\u00e2chement musculaire et r\u00e9duit la cambrure lombaire.<\/li>\n<li>Dispositifs anti-dos : pour les apn\u00e9iques positionnels, certains gilets ou oreillers emp\u00eachent de dormir sur le dos. Mais attention : ils ne remplacent pas la PPC (pression positive continue), traitement de r\u00e9f\u00e9rence de l\u2019apn\u00e9e s\u00e9v\u00e8re.<\/li>\n<\/ul>\n<p>        Quelle est la meilleure position pour VOUS ?    <\/p>\n<p>En pratique, tout d\u00e9pend de votre profil :<\/p>\n<ul class=\"wp-block-list\">\n<li><strong>Vous souffrez de reflux<\/strong> \u2192 c\u00f4t\u00e9 gauche.<\/li>\n<li><strong>Vous \u00eates cardiaque<\/strong> \u2192 c\u00f4t\u00e9 droit si le gauche vous g\u00eane.<\/li>\n<li><strong>Vous avez mal au dos<\/strong> \u2192 dos avec coussin sous les genoux ou c\u00f4t\u00e9 avec coussin entre les jambes.<\/li>\n<li><strong>Vous ronflez \/ avez de l\u2019apn\u00e9e<\/strong> \u2192 \u00e9vitez le dos.<\/li>\n<li><strong>Vous \u00eates enceinte<\/strong> \u2192 c\u00f4t\u00e9, plut\u00f4t gauche.<\/li>\n<li><strong>Votre b\u00e9b\u00e9<\/strong> \u2192 toujours sur le dos, lit vide.<\/li>\n<\/ul>\n<blockquote class=\"wp-block-quote is-layout-flow wp-block-quote-is-layout-flow\">\n<p><strong>\u00c0 SAVOIR\u00a0<\/strong><\/p>\n<p>Dormir sur le c\u00f4t\u00e9 ne profiterait pas seulement \u00e0 la digestion ou au dos. Une \u00e9tude publi\u00e9e dans le Journal of Neuroscience sugg\u00e8re que cette position aide aussi le cerveau \u00e0 mieux se \u00ab nettoyer \u00bb la nuit gr\u00e2ce au syst\u00e8me glymphatique, qui \u00e9limine les d\u00e9chets impliqu\u00e9s dans certaines maladies neurod\u00e9g\u00e9n\u00e9ratives comme Alzheimer.<\/p>\n<\/blockquote>\n<p>  <a class=\"gofollow\" data-track=\"MTIsMCw2MA==\" href=\"https:\/\/ma-sante.news\/annonceurs\/\" rel=\"nofollow noopener\" target=\"_blank\"><img loading=\"lazy\" decoding=\"async\" width=\"2560\" height=\"2133\" src=\"data:image\/svg+xml,%3Csvg%20xmlns=\" http:=\"\" data-lazy-src=\"https:\/\/www.europesays.com\/fr\/wp-content\/uploads\/2025\/03\/pub-annonceurs-4-scaled.jpg\"\/><\/a>    <img loading=\"lazy\" decoding=\"async\" width=\"755\" height=\"495\" src=\"data:image\/svg+xml,%3Csvg%20xmlns=\" http:=\"\" data-lazy-src=\"https:\/\/www.europesays.com\/fr\/wp-content\/uploads\/2025\/03\/Image1.jpg\" data-lazy-src-webp=\"https:\/\/www.europesays.com\/fr\/wp-content\/uploads\/2025\/03\/Image1.jpg.webp\" class=\"ewww_webp_lazy_load\"\/>Inscrivez-vous \u00e0 notre newsletter <br \/>Ma Sant\u00e9                      <\/p>\n","protected":false},"excerpt":{"rendered":"Et vous, dans quelle position dormez vous la nuit ? \u00a9 Freepik Les Fran\u00e7ais dorment en moyenne 7&hellip;\n","protected":false},"author":2,"featured_media":410984,"comment_status":"","ping_status":"","sticky":false,"template":"","format":"standard","meta":{"footnotes":""},"categories":[10],"tags":[1011,27,72,46667,71],"class_list":{"0":"post-410983","1":"post","2":"type-post","3":"status-publish","4":"format-standard","5":"has-post-thumbnail","7":"category-sante","8":"tag-fr","9":"tag-france","10":"tag-health","11":"tag-mieux-dormir","12":"tag-sante"},"share_on_mastodon":{"url":"https:\/\/pubeurope.com\/@fr\/115251531238454568","error":""},"_links":{"self":[{"href":"https:\/\/www.europesays.com\/fr\/wp-json\/wp\/v2\/posts\/410983","targetHints":{"allow":["GET"]}}],"collection":[{"href":"https:\/\/www.europesays.com\/fr\/wp-json\/wp\/v2\/posts"}],"about":[{"href":"https:\/\/www.europesays.com\/fr\/wp-json\/wp\/v2\/types\/post"}],"author":[{"embeddable":true,"href":"https:\/\/www.europesays.com\/fr\/wp-json\/wp\/v2\/users\/2"}],"replies":[{"embeddable":true,"href":"https:\/\/www.europesays.com\/fr\/wp-json\/wp\/v2\/comments?post=410983"}],"version-history":[{"count":0,"href":"https:\/\/www.europesays.com\/fr\/wp-json\/wp\/v2\/posts\/410983\/revisions"}],"wp:featuredmedia":[{"embeddable":true,"href":"https:\/\/www.europesays.com\/fr\/wp-json\/wp\/v2\/media\/410984"}],"wp:attachment":[{"href":"https:\/\/www.europesays.com\/fr\/wp-json\/wp\/v2\/media?parent=410983"}],"wp:term":[{"taxonomy":"category","embeddable":true,"href":"https:\/\/www.europesays.com\/fr\/wp-json\/wp\/v2\/categories?post=410983"},{"taxonomy":"post_tag","embeddable":true,"href":"https:\/\/www.europesays.com\/fr\/wp-json\/wp\/v2\/tags?post=410983"}],"curies":[{"name":"wp","href":"https:\/\/api.w.org\/{rel}","templated":true}]}}