{"id":410985,"date":"2025-09-23T03:39:09","date_gmt":"2025-09-23T03:39:09","guid":{"rendered":"https:\/\/www.europesays.com\/fr\/410985\/"},"modified":"2025-09-23T03:39:09","modified_gmt":"2025-09-23T03:39:09","slug":"aguerd-heros-rulli-infranchissable-chevalier-fautif","status":"publish","type":"post","link":"https:\/\/www.europesays.com\/fr\/410985\/","title":{"rendered":"Aguerd h\u00e9ros, Rulli infranchissable, Chevalier fautif"},"content":{"rendered":"<p>Qui a brill\u00e9, qui s\u2019est rat\u00e9\u00a0? D\u00e9couvrez les notes attribu\u00e9es aux acteurs du 110e Classique, disput\u00e9 lundi au V\u00e9lodrome.<\/p>\n<p class=\"fig-paragraph\">Fin de s\u00e9rie. Invaincu au V\u00e9lodrome en Ligue 1 depuis 2011,<a href=\"http:\/\/www.lefigaro.fr\/sports\/football\/ligue-1\/ligue-1-pour-la-premiere-fois-depuis-2011-l-om-s-offre-le-psg-au-velodrome-20250922\" data-fig-type=\"Article\" data-gtm-custom-categorie=\"navigation\" data-gtm-custom-action=\"crossclick\" data-gtm-custom-label=\"Contextuel\" data-gtm-event=\"customEventSPE\" data-fig-domain=\"LEFIGARO\" target=\"_blank\" rel=\"noopener\">\u00a0la premi\u00e8re ann\u00e9e de l\u2019\u00e8re qatarienne, le PSG est tomb\u00e9 \u00e0 Marseille (1-0)<\/a>\u00a0lundi, lors de la cinqui\u00e8me journ\u00e9e de Ligue 1. Un 110e Classique initialement programm\u00e9 dimanche mais report\u00e9 en raison de la m\u00e9t\u00e9o. Rappelons que le club phoc\u00e9en ne s\u2019\u00e9tait pay\u00e9 le scalp des Rouge et Bleu qu\u2019\u00e0 deux reprises depuis 2011,\u00a0<a href=\"https:\/\/www.lefigaro.fr\/sports\/football\/ligue-1\/actualites\/les-notes-de-psg-om-mandanda-infranchissable-neymar-voit-rouge-1014206\" data-fig-type=\"Article\" data-gtm-custom-categorie=\"navigation\" data-gtm-custom-action=\"crossclick\" data-gtm-custom-label=\"Contextuel\" data-gtm-event=\"customEventSPE\" data-fig-domain=\"LEFIGARO\" target=\"_blank\" rel=\"noopener\">en 2020 au Parc des Princes (0-1), en L1<\/a>, et en 2023,\u00a0<a href=\"http:\/\/www.lefigaro.fr\/sports\/football\/coupe-de-france\/les-notes-apres-om-psg-rongier-en-chef-de-meute-messi-musele-20230209\" data-fig-type=\"NewsFlash\" data-gtm-custom-categorie=\"navigation\" data-gtm-custom-action=\"crossclick\" data-gtm-custom-label=\"Contextuel\" data-gtm-event=\"customEventSPE\" data-fig-domain=\"LEFIGARO\" target=\"_blank\" rel=\"noopener\">\u00e0 Marseille, en Coupe de France (2-1)<\/a>. \u00c7a fait trois. Quatre \u00e9quipes aux premi\u00e8res loges en Ligue 1, avec 12 points,\u00a0dont Paris, Lyon et Strasbourg, mais Monaco est en t\u00eate du\u00a0<a href=\"https:\/\/www.lefigaro.fr\/sports\/football\/ligue-1\/classement\" target=\"_blank\" rel=\"nofollow noopener\" data-gtm-custom-categorie=\"navigation\" data-gtm-custom-action=\"crossclick\" data-gtm-custom-label=\"Contextuel\" data-gtm-event=\"customEventSPE\">classement<\/a>. L\u2019OM est d\u00e9sormais sixi\u00e8me (9 pts).<\/p>\n<p class=\"fig-paragraph\"><strong>OM<\/strong><\/p>\n<p class=\"fig-paragraph\">Quatorze ans que le V\u00e9lodrome attendait une victoire de son \u00e9quipe dans un Classique en Ligue 1. L\u2019OM a mis fin \u00e0 cette s\u00e9rie interminable, gr\u00e2ce au but opportuniste de <strong>Nayef Aguerd <\/strong>en tout d\u00e9but de match. Longtemps incertain et finalement titulaire, l\u2019ancien Rennais a livr\u00e9 une \u00e9norme prestation en charni\u00e8re centrale. \u00c0 l\u2019instar de <strong>Geronimo Rulli<\/strong><\/p>\n<p class=\"fig-premium-paywall__infos\">\n        Cet article est r\u00e9serv\u00e9 aux abonn\u00e9s.        Il vous reste 75% \u00e0 d\u00e9couvrir.\n    <\/p>\n<p>                <img  data- alt=\"Le Figaro\" class=\"fig-img--complete fig-img\"\/><\/p>\n<p class=\"fig-premium-paywall__title\">Vous avez envie de lire la suite ?<\/p>\n<p class=\"fig-premium-paywall__subtitle\">D\u00e9bloquez tous les articles imm\u00e9diatement.<\/p>\n<p class=\"fig-premium-paywall__connect\">\n                D\u00e9j\u00e0 abonn\u00e9\u00a0?                <a class=\"fig-premium-paywall__connect-link\" href=\"https:\/\/connect.lefigaro.fr\/login?client=horizon_web&amp;type=main&amp;redirect_uri=https%3A%2F%2Fwww.lefigaro.fr%2Fsports%2Ffootball%2Fligue-1%2Fles-notes-apres-om-psg-aguerd-heros-rulli-infranchissable-chevalier-fautif-20250922\" data-js-gtm=\"{&quot;customCategorie&quot;: &quot;conversion&quot;, &quot;customAction&quot;: &quot;before_Landing_Connexion_paywall_auto&quot;, &quot;customLabel&quot;: &quot;bGVmaWdhcm8uZnJfXzFmMDk3ZjJmLThmMWQtNmYyYy1iYTIyLTQ5ZTczZTgyZmI4YV9fTmV3c0ZsYXNo_Les notes apr\u00e8s OM-PSG\u00a0: Aguerd h\u00e9ros, Rulli infranchissable, Chevalier fautif_348&quot;, &quot;customIDSPE&quot;: &quot;bGVmaWdhcm8uZnJfXzFmMDk3ZjJmLThmMWQtNmYyYy1iYTIyLTQ5ZTczZTgyZmI4YV9fTmV3c0ZsYXNo&quot;, &quot;event&quot;: &quot;customEventSPE&quot;}\" target=\"_blank\" rel=\"noopener\"><br \/>\n                    Connectez-vous<br \/>\n                <\/a>\n            <\/p>\n","protected":false},"excerpt":{"rendered":"Qui a brill\u00e9, qui s\u2019est rat\u00e9\u00a0? D\u00e9couvrez les notes attribu\u00e9es aux acteurs du 110e Classique, disput\u00e9 lundi au&hellip;\n","protected":false},"author":2,"featured_media":410986,"comment_status":"","ping_status":"","sticky":false,"template":"","format":"standard","meta":{"footnotes":""},"categories":[9],"tags":[1011,27,66,149,93,60],"class_list":{"0":"post-410985","1":"post","2":"type-post","3":"status-publish","4":"format-standard","5":"has-post-thumbnail","7":"category-sports","8":"tag-fr","9":"tag-france","10":"tag-ligue-1","11":"tag-om","12":"tag-psg","13":"tag-sports"},"share_on_mastodon":{"url":"https:\/\/pubeurope.com\/@fr\/115251535252148311","error":""},"_links":{"self":[{"href":"https:\/\/www.europesays.com\/fr\/wp-json\/wp\/v2\/posts\/410985","targetHints":{"allow":["GET"]}}],"collection":[{"href":"https:\/\/www.europesays.com\/fr\/wp-json\/wp\/v2\/posts"}],"about":[{"href":"https:\/\/www.europesays.com\/fr\/wp-json\/wp\/v2\/types\/post"}],"author":[{"embeddable":true,"href":"https:\/\/www.europesays.com\/fr\/wp-json\/wp\/v2\/users\/2"}],"replies":[{"embeddable":true,"href":"https:\/\/www.europesays.com\/fr\/wp-json\/wp\/v2\/comments?post=410985"}],"version-history":[{"count":0,"href":"https:\/\/www.europesays.com\/fr\/wp-json\/wp\/v2\/posts\/410985\/revisions"}],"wp:featuredmedia":[{"embeddable":true,"href":"https:\/\/www.europesays.com\/fr\/wp-json\/wp\/v2\/media\/410986"}],"wp:attachment":[{"href":"https:\/\/www.europesays.com\/fr\/wp-json\/wp\/v2\/media?parent=410985"}],"wp:term":[{"taxonomy":"category","embeddable":true,"href":"https:\/\/www.europesays.com\/fr\/wp-json\/wp\/v2\/categories?post=410985"},{"taxonomy":"post_tag","embeddable":true,"href":"https:\/\/www.europesays.com\/fr\/wp-json\/wp\/v2\/tags?post=410985"}],"curies":[{"name":"wp","href":"https:\/\/api.w.org\/{rel}","templated":true}]}}