{"id":410991,"date":"2025-09-23T03:42:21","date_gmt":"2025-09-23T03:42:21","guid":{"rendered":"https:\/\/www.europesays.com\/fr\/410991\/"},"modified":"2025-09-23T03:42:21","modified_gmt":"2025-09-23T03:42:21","slug":"apres-la-cyberattaque-des-aeroports-en-europe-on-en-sait-plus-sur-les-motivations-des-hackers","status":"publish","type":"post","link":"https:\/\/www.europesays.com\/fr\/410991\/","title":{"rendered":"Apr\u00e8s la cyberattaque des a\u00e9roports en Europe, on en sait plus sur les motivations des hackers"},"content":{"rendered":"<p>Depuis le 20 septembre, plusieurs a\u00e9roports europ\u00e9ens font face \u00e0 des vols retard\u00e9s ou annul\u00e9s. En cause, une cyberattaque ayant vis\u00e9 Collins Aerospace, l\u2019un des principaux fournisseurs mondiaux de syst\u00e8mes critiques pour l\u2019aviation civile. Alors qu\u2019une enqu\u00eate est en cours, les premiers \u00e9l\u00e9ments commencent \u00e0 pr\u00e9ciser la nature de l\u2019attaque.<\/p>\n<p>Quel est l\u2019objectif des commanditaires de <a href=\"https:\/\/www.numerama.com\/cyberguerre\/2078659-beaucoup-dans-le-secteur-sont-surpris-pourquoi-la-cyberattaque-des-aeroports-europeens-a-pris-une-telle-ampleur.html\" target=\"_blank\" rel=\"noopener\">la cyberattaque qui a frapp\u00e9 de nombreux a\u00e9roports europ\u00e9ens<\/a> le week-end des 20 et 21 septembre 2025 ? Voici l\u2019une des questions qui s\u2019est rapidement impos\u00e9e aux parties impliqu\u00e9es dans l\u2019enqu\u00eate.<\/p>\n<p>En date du 22 septembre en fin de journ\u00e9e, la situation n\u2019est pas encore rentr\u00e9e dans l\u2019ordre. Les a\u00e9roports de Berlin, Bruxelles et Londres tentent tant bien que mal de s\u2019adapter \u00e0 cette situation d\u00e9grad\u00e9e avec plus ou moins de r\u00e9ussite. Les \u00e9quipes de l\u2019a\u00e9roport de Berlin <a href=\"https:\/\/www.reuters.com\/business\/aerospace-defense\/eu-agency-says-third-party-ransomware-behind-airport-disruptions-2025-09-22\/\" data-type=\"link\" data-id=\"https:\/\/www.reuters.com\/business\/aerospace-defense\/eu-agency-says-third-party-ransomware-behind-airport-disruptions-2025-09-22\/\" target=\"_blank\" rel=\"noreferrer noopener\">proc\u00e8dent \u00e0 des enregistrements manuels,<\/a> tandis qu\u2019\u00e0 Bruxelles, tablettes et ordinateurs portables ont \u00e9t\u00e9 mobilis\u00e9s.<\/p>\n<p>Les premi\u00e8res informations pointent vers des motivations essentiellement financi\u00e8res. En effet, l\u2019Agence de cybers\u00e9curit\u00e9 de l\u2019Union europ\u00e9enne (ENISA), a annonc\u00e9 ce jour que la cyberattaque r\u00e9sulterait d\u2019un <a href=\"https:\/\/www.numerama.com\/cyberguerre\/1087938-quest-ce-quun-ransomware.html\" data-popover-target=\"definition\" data-tag=\"Qu\u2019est-ce qu\u2019un ransomware\u00a0?\" data-chapo=\"Le ransomware fait partie de la famille des logiciels malveillants. Il chiffre vos donn\u00e9es, vous prenant ainsi en otage, avec la menace de d\u00e9voiler vos informations si vous ne payez pas la somme exig\u00e9e.\" data-image=\"https:\/\/c0.lestechnophiles.com\/www.numerama.com\/wp-content\/uploads\/2022\/08\/ransomware-numerama-v1-1024x576.jpg?key=58cd9339\" target=\"_blank\" rel=\"noopener\">ransomware<\/a>.<\/p>\n<p>                <img decoding=\"async\" width=\"1024\" height=\"396\" loading=\"lazy\" alt=\"BIT BOX 3\" title=\"BIT BOX 3\" class=\"is-block placeholder-default wp-image\" src=\"https:\/\/www.europesays.com\/fr\/wp-content\/uploads\/2025\/07\/bit-box-3-1024x396.jpg\" \/>            <\/p>\n<p>\n                    Vos donn\u00e9es m\u00e9ritent d\u2019\u00eatre mieux prot\u00e9g\u00e9es.                <\/p>\n<p>\n                    Les escroqueries, les virus et les ransomwares ne sont plus une fatalit\u00e9. Prot\u00e9gez votre vie priv\u00e9e et vos donn\u00e9es personnelles avec Bitdefender et profitez de votre vie num\u00e9rique en toute s\u00e9r\u00e9nit\u00e9.                <\/p>\n<p><a href=\"https:\/\/www.numerama.com\/wp-content\/uploads\/2025\/09\/design-sans-titre-2025-09-20t224711676-1.jpg\" target=\"_blank\" rel=\"noopener\"><img decoding=\"async\" width=\"1024\" height=\"576\" loading=\"lazy\" alt=\"La cyberattaque touche les a\u00e9roports de Bruxelles, Berlin, Londres Heathrow. L'a\u00e9roport de Dublin est \u00e9galement impact\u00e9 dans une moindre mesure \/\/ Source : Numerama\" title=\"La cyberattaque touche les a\u00e9roports de Bruxelles, Berlin, Londres Heathrow. L'a\u00e9roport de Dublin est \u00e9galement impact\u00e9 dans une moindre mesure \/\/ Source : Numerama\" class=\"wp-image-2079521 placeholder-default wp-image\" src=\"https:\/\/www.europesays.com\/fr\/wp-content\/uploads\/2025\/09\/design-sans-titre-2025-09-20t224711676-1-1024x576.jpg\" \/><\/a>La cyberattaque touche plusieurs a\u00e9roports, notamment \u00e0 Bruxelles, Berlin et Londres Heathrow. L\u2019a\u00e9roport de Dublin est \u00e9galement impact\u00e9 dans une moindre mesure. \/\/ Source : Numerama<\/p>\n<p>Une attaque par ransomware sur les a\u00e9roports.<\/p>\n<p>Ce type d\u2019attaque \u2014 aussi appel\u00e9 ran\u00e7ongiciel \u2014 implique un chiffrement d\u2019une partie des syst\u00e8mes informatiques de Collins Aerospace, ainsi que la demande d\u2019une ran\u00e7on. Dans sa communication officielle, l\u2019entreprise avait rapidement tenu \u00e0 rassurer quant \u00e0 la port\u00e9e de la compromission :<\/p>\n<p> \u00ab Nous avons pris connaissance d\u2019une perturbation informatique de notre logiciel Muse dans certains a\u00e9roports. Nous travaillons activement \u00e0 r\u00e9soudre le probl\u00e8me et \u00e0 r\u00e9tablir l\u2019int\u00e9gralit\u00e9 des fonctionnalit\u00e9s pour nos clients dans les meilleurs d\u00e9lais (\u2026) L\u2019impact se limite \u00e0 l\u2019enregistrement \u00e9lectronique des clients et au d\u00e9p\u00f4t des bagages et peut \u00eatre att\u00e9nu\u00e9 par des op\u00e9rations d\u2019enregistrement manuel. \u00bb<\/p>\n<p>Collins Aerospace promet de transmettre des informations au fil de l\u2019enqu\u00eate.<\/p>\n<p>Une certaine transparence partag\u00e9e par l\u2019ENISA, charg\u00e9e entre autres de coordonner la r\u00e9action de l\u2019UE en cas de cyberattaque d\u2019ampleur, comme c\u2019est le cas dans cette affaire : \u00ab Le type de ran\u00e7ongiciel a \u00e9t\u00e9 identifi\u00e9. Les forces de l\u2019ordre sont mobilis\u00e9es pour enqu\u00eater \u00bb, a indiqu\u00e9 l\u2019organisme dans un communiqu\u00e9.<\/p>\n<p>Un type d\u2019attaque spectaculaire et ravageur<\/p>\n<p>Combien de temps durera cette paralysie ? La pression autour de la r\u00e9solution de cette affaire est d\u00e9cupl\u00e9e par le nombre d\u2019acteurs concern\u00e9s.<\/p>\n<p>C\u2019est d\u2019ailleurs cette course contre-la-montre et cette pression m\u00e9diatique qui caract\u00e9rise les attaques de ce type.<\/p>\n<p>Interrog\u00e9 par l\u2019agence de presse Reuters, Rafe Pilling, le directeur du renseignement sur les menaces chez Sophos, rappelle d\u2019ailleurs que la notori\u00e9t\u00e9 de la cible est une caract\u00e9ristique prise en compte <a href=\"https:\/\/www.reuters.com\/business\/aerospace-defense\/eu-agency-says-third-party-ransomware-behind-airport-disruptions-2025-09-22\/\" data-type=\"link\" data-id=\"https:\/\/www.reuters.com\/business\/aerospace-defense\/eu-agency-says-third-party-ransomware-behind-airport-disruptions-2025-09-22\/\" target=\"_blank\" rel=\"noreferrer noopener\">dans la strat\u00e9gie des cybercriminels.<\/a><br \/>Selon plusieurs analystes, c\u2019est ce m\u00eame m\u00e9canisme qui frappe actuellement la marque britannique<a href=\"https:\/\/www.numerama.com\/cyberguerre\/2076111-pertes-records-usines-fermees-jaguar-land-rover-sembourbe-au-pire-moment-dans-une-cyberattaque-inedite.html\" data-type=\"link\" data-id=\"https:\/\/www.numerama.com\/cyberguerre\/2076111-pertes-records-usines-fermees-jaguar-land-rover-sembourbe-au-pire-moment-dans-une-cyberattaque-inedite.html\" target=\"_blank\" rel=\"noopener\"> Jaguar Land Rover, dont la production est paralys\u00e9e depuis plusieurs semaines.<\/a><\/p>\n<p>Ces affaires, tr\u00e8s suivies outre-manche, surviennent alors m\u00eame que le pouvoir l\u00e9gislatif britannique cherche \u00e0 endiguer le ph\u00e9nom\u00e8ne. Londres envisage notamment d\u2019interdire purement et simplement aux organisations publiques de c\u00e9der au chantage <a href=\"https:\/\/www.gov.uk\/government\/news\/uk-to-lead-crackdown-on-cyber-criminals-with-ransomware-measures\" data-type=\"link\" data-id=\"https:\/\/www.gov.uk\/government\/news\/uk-to-lead-crackdown-on-cyber-criminals-with-ransomware-measures\" target=\"_blank\" rel=\"noreferrer noopener\">et de payer des ran\u00e7ons pour redevenir op\u00e9rationnelles.<\/a><\/p>\n<p>            <img decoding=\"async\" src=\"https:\/\/www.europesays.com\/fr\/wp-content\/uploads\/2025\/04\/iPhone-16-pro.png\" alt=\"Toute l'actu tech en un clien d'oeil\"\/><\/p>\n<p class=\"card-install-pwa__title\">Toute l&rsquo;actu tech en un clin d&rsquo;\u0153il<\/p>\n<p class=\"card-install-pwa__description\">Ajoutez Numerama \u00e0 votre \u00e9cran d&rsquo;accueil et restez connect\u00e9s au futur !<\/p>\n<p>            <img decoding=\"async\" src=\"https:\/\/www.numerama.com\/wp-content\/themes\/numerama-next\/assets\/images\/premium\/logo-card-pwa-coupe.svg\" alt=\"Logo PWA\"\/><\/p>\n<p>       Installer Numerama<\/p>\n","protected":false},"excerpt":{"rendered":"Depuis le 20 septembre, plusieurs a\u00e9roports europ\u00e9ens font face \u00e0 des vols retard\u00e9s ou annul\u00e9s. En cause, une&hellip;\n","protected":false},"author":2,"featured_media":410992,"comment_status":"","ping_status":"","sticky":false,"template":"","format":"standard","meta":{"footnotes":""},"categories":[6],"tags":[663,37,35,33,34,1011,27,10933,54230,364],"class_list":{"0":"post-410991","1":"post","2":"type-post","3":"status-publish","4":"format-standard","5":"has-post-thumbnail","7":"category-economie","8":"tag-aeroport","9":"tag-avion","10":"tag-business","11":"tag-economie","12":"tag-economy","13":"tag-fr","14":"tag-france","15":"tag-hacker","16":"tag-ransomware","17":"tag-union-europeenne"},"share_on_mastodon":{"url":"https:\/\/pubeurope.com\/@fr\/115251547038580073","error":""},"_links":{"self":[{"href":"https:\/\/www.europesays.com\/fr\/wp-json\/wp\/v2\/posts\/410991","targetHints":{"allow":["GET"]}}],"collection":[{"href":"https:\/\/www.europesays.com\/fr\/wp-json\/wp\/v2\/posts"}],"about":[{"href":"https:\/\/www.europesays.com\/fr\/wp-json\/wp\/v2\/types\/post"}],"author":[{"embeddable":true,"href":"https:\/\/www.europesays.com\/fr\/wp-json\/wp\/v2\/users\/2"}],"replies":[{"embeddable":true,"href":"https:\/\/www.europesays.com\/fr\/wp-json\/wp\/v2\/comments?post=410991"}],"version-history":[{"count":0,"href":"https:\/\/www.europesays.com\/fr\/wp-json\/wp\/v2\/posts\/410991\/revisions"}],"wp:featuredmedia":[{"embeddable":true,"href":"https:\/\/www.europesays.com\/fr\/wp-json\/wp\/v2\/media\/410992"}],"wp:attachment":[{"href":"https:\/\/www.europesays.com\/fr\/wp-json\/wp\/v2\/media?parent=410991"}],"wp:term":[{"taxonomy":"category","embeddable":true,"href":"https:\/\/www.europesays.com\/fr\/wp-json\/wp\/v2\/categories?post=410991"},{"taxonomy":"post_tag","embeddable":true,"href":"https:\/\/www.europesays.com\/fr\/wp-json\/wp\/v2\/tags?post=410991"}],"curies":[{"name":"wp","href":"https:\/\/api.w.org\/{rel}","templated":true}]}}