{"id":410997,"date":"2025-09-23T03:46:11","date_gmt":"2025-09-23T03:46:11","guid":{"rendered":"https:\/\/www.europesays.com\/fr\/410997\/"},"modified":"2025-09-23T03:46:11","modified_gmt":"2025-09-23T03:46:11","slug":"fin-de-laventure-pour-les-ligeriens-dony-et-lyanna","status":"publish","type":"post","link":"https:\/\/www.europesays.com\/fr\/410997\/","title":{"rendered":"fin de l\u2019aventure pour les Lig\u00e9riens Dony et Lyanna"},"content":{"rendered":"<p>Il fallait sortir vainqueur de son groupe de quatre pour acc\u00e9der \u00e0 la finale. Samedi soir, les Lig\u00e9riens Dony et Lyanna ont donn\u00e9 leur meilleur d\u2019eux-m\u00eames mais n\u2019y sont malheureusement pas parvenus.<\/p>\n<p>  \u00ab\u00a0Tu as boss\u00e9 comme un lion\u00a0\u00bb<\/p>\n<p>Dans cette \u00ab\u00a0\u00e9tape des groupes\u00a0\u00bb, dernier obstacle avant la finale de The Voice Kids, le St\u00e9phanois de 14 ans, membre de l\u2019\u00e9quipe de Patrick Fiori , \u00e9tait associ\u00e9 \u00e0 Illian, Albert et Ga\u00ebtan pour interpr\u00e9ter un medley de cinq extraits ( Help\u00a0!  des Beatles, I Want to Break Free de Queen, \u00c7a (c\u2019est vraiment toi) de T\u00e9l\u00e9phone, Partir un jour des 2Be3 et What Makes You Beautiful de One Direction). Les \u00ab\u00a0Pat Boys\u00a0\u00bb ont litt\u00e9ralement mis le feu sur le plateau avec une prestation spectaculaire tant au niveau vocal que visuel. Pendant quelques instants, Dony s\u2019est m\u00eame mis dans la peau de Freddie Mercury, v\u00eatu de son iconique cape rouge et blanche et coiff\u00e9 de sa couronne. Mais malgr\u00e9 les \u00e9loges de Patrick Fiori (\u00ab\u00a0Tu as boss\u00e9 comme un lion, dans ton sourire il y a l\u2019envie et le plaisir. Tu as rendu les gens heureux\u00a0\u00bb), le jeune fan de <a href=\"https:\/\/www.leprogres.fr\/p\/lara-fabian\" target=\"_blank\" rel=\"nofollow noopener\">Lara Fabian<\/a> n\u2019a pas \u00e9t\u00e9 retenu par celui qui incarnait Phoebus dans la com\u00e9die musicale Notre-Dame-de-Paris (1998).<\/p>\n<p>  \u00ab\u00a0Tu as exist\u00e9 au milieu des grands\u00a0\u00bb<\/p>\n<p>Quelques minutes plus tard, Lyanna (11 ans) est entr\u00e9e sur le plateau accompagn\u00e9e de Sasha, Roxane et Constantin, tous les quatre membres de la team <a href=\"https:\/\/www.leprogres.fr\/p\/m-pokora\" target=\"_blank\" rel=\"nofollow noopener\">Matt Pokora<\/a>. Lors des \u00ab\u00a0auditions \u00e0 l\u2019aveugle\u00a0\u00bb, la Ricamandoise s\u2019\u00e9tait appropri\u00e9 APT , un titre du duo Ros\u00e9-Bruno Mars. Pour cette nouvelle \u00e9preuve, Lyanna a encore chant\u00e9 dans la langue de Shakespeare avec une reprise d\u2019 Abracadabra de <a href=\"https:\/\/www.leprogres.fr\/p\/lady-gaga\" target=\"_blank\" rel=\"nofollow noopener\">Lady Gaga<\/a>.<\/p>\n<p>\u00a0<\/p>\n<p>\u00ab\u00a0Vous avez \u00e9lev\u00e9 votre niveau\u00a0\u00bb a constat\u00e9 Matt Pokora qui avait fait travailler ses quatre \u00e9l\u00e8ves toute la semaine. Malheureusement, Lyanna non plus n\u2019ira pas en finale mais son coach lui a envoy\u00e9 un message fort\u00a0: \u00ab\u00a0Tu as exist\u00e9 au milieu des grands (Lyanna \u00e9tait la plus jeune du quatuor, NDLR). Ils faisaient tous une t\u00eate de plus que toi et quand tu \u00e9tais l\u00e0, on a vu que toi. Je suis tr\u00e8s fier, vraiment\u00a0\u00bb (1).<\/p>\n<p class=\"note\">(1) Albert s\u2019est qualifi\u00e9 dans le groupe de Dony et Roxane dans le groupe de Lyanna.<\/p>\n","protected":false},"excerpt":{"rendered":"Il fallait sortir vainqueur de son groupe de quatre pour acc\u00e9der \u00e0 la finale. Samedi soir, les Lig\u00e9riens&hellip;\n","protected":false},"author":2,"featured_media":410998,"comment_status":"","ping_status":"","sticky":false,"template":"","format":"standard","meta":{"footnotes":""},"categories":[9653],"tags":[1111,11,2430,1687,7539,1777,674,107,1011,27,11324,3367,873,12,25,4001,7538,2205],"class_list":{"0":"post-410997","1":"post","2":"type-post","3":"status-publish","4":"format-standard","5":"has-post-thumbnail","7":"category-saint-etienne","8":"tag-actu","9":"tag-actualites","10":"tag-auvergne-rhone-alpes","11":"tag-culture-loisirs","12":"tag-edition-loire-sud","13":"tag-eu","14":"tag-europe","15":"tag-fil-info","16":"tag-fr","17":"tag-france","18":"tag-la-ricamarie","19":"tag-loire","20":"tag-musique","21":"tag-news","22":"tag-republique-francaise","23":"tag-saint-etienne","24":"tag-saint-etienne-ville","25":"tag-television-medias"},"share_on_mastodon":{"url":"https:\/\/pubeurope.com\/@fr\/115251562620870325","error":""},"_links":{"self":[{"href":"https:\/\/www.europesays.com\/fr\/wp-json\/wp\/v2\/posts\/410997","targetHints":{"allow":["GET"]}}],"collection":[{"href":"https:\/\/www.europesays.com\/fr\/wp-json\/wp\/v2\/posts"}],"about":[{"href":"https:\/\/www.europesays.com\/fr\/wp-json\/wp\/v2\/types\/post"}],"author":[{"embeddable":true,"href":"https:\/\/www.europesays.com\/fr\/wp-json\/wp\/v2\/users\/2"}],"replies":[{"embeddable":true,"href":"https:\/\/www.europesays.com\/fr\/wp-json\/wp\/v2\/comments?post=410997"}],"version-history":[{"count":0,"href":"https:\/\/www.europesays.com\/fr\/wp-json\/wp\/v2\/posts\/410997\/revisions"}],"wp:featuredmedia":[{"embeddable":true,"href":"https:\/\/www.europesays.com\/fr\/wp-json\/wp\/v2\/media\/410998"}],"wp:attachment":[{"href":"https:\/\/www.europesays.com\/fr\/wp-json\/wp\/v2\/media?parent=410997"}],"wp:term":[{"taxonomy":"category","embeddable":true,"href":"https:\/\/www.europesays.com\/fr\/wp-json\/wp\/v2\/categories?post=410997"},{"taxonomy":"post_tag","embeddable":true,"href":"https:\/\/www.europesays.com\/fr\/wp-json\/wp\/v2\/tags?post=410997"}],"curies":[{"name":"wp","href":"https:\/\/api.w.org\/{rel}","templated":true}]}}