{"id":411001,"date":"2025-09-23T03:48:12","date_gmt":"2025-09-23T03:48:12","guid":{"rendered":"https:\/\/www.europesays.com\/fr\/411001\/"},"modified":"2025-09-23T03:48:12","modified_gmt":"2025-09-23T03:48:12","slug":"meurthe-et-moselle-pas-dattaque-averee-du-loup-dans-le-departement-mais-pour-combien-de-temps","status":"publish","type":"post","link":"https:\/\/www.europesays.com\/fr\/411001\/","title":{"rendered":"Meurthe-et-Moselle. Pas d&rsquo;attaque av\u00e9r\u00e9e du loup dans le d\u00e9partement, mais pour combien de temps ?"},"content":{"rendered":"<p>Depuis 1992 et sa r\u00e9introduction, le loup est class\u00e9 en esp\u00e8ce \u00abprot\u00e9g\u00e9e\u00bb par la convention de Berne (il a \u00e9t\u00e9 d\u00e9class\u00e9 au printemps). Dor\u00e9navant identifi\u00e9 partout sur l\u2019ensemble du territoire national, alors que sa population semble se stabiliser (1\u00a0013 soit 30 de plus qu\u2019en 2024), le loup est-il encore d\u2019actualit\u00e9 en Meurthe-et-Moselle\u00a0?<\/p>\n<p>Au regard des demandes d\u2019indemnisation \u00e9tablies par des \u00e9leveurs aupr\u00e8s de l\u2019organisme de r\u00e9f\u00e9rence, la direction d\u00e9partementale territoriale (DDT), le loup n\u2019est plus ici. Du moins, il n\u2019est plus dans les radars.<\/p>\n<p>Sous-pr\u00e9fet de Toul porteur du dossier loup\/lynx pour l\u2019ensemble du d\u00e9partement, <a href=\"https:\/\/www.estrepublicain.fr\/politique\/2025\/01\/09\/un-nouveau-sous-prefet-nomme-a-toul-nizar-azouz\" target=\"_blank\" rel=\"noopener\">Nizar Azouz<\/a> pr\u00e9cise\u00a0: \u00ab\u00a0A ce jour, il n\u2019y a pas d\u2019attaque av\u00e9r\u00e9e. Les attaques ont surtout eu lieu entre\u00a02015 et\u00a02020 et ensuite nous sommes en baisse continue depuis 2021. Sur 15 attaques de troupeau en 2024 et 13 en 2025, nous n\u2019avons recens\u00e9 aucune pr\u00e9dation du loup.\u00a0\u00bb<\/p>\n<p>\ufeffDeux hypoth\u00e9tiques \u0153uvres du loup en 2025<\/p>\n<p>D\u2019autres canid\u00e9s, types chiens errants, font&#8230;<\/p>\n","protected":false},"excerpt":{"rendered":"Depuis 1992 et sa r\u00e9introduction, le loup est class\u00e9 en esp\u00e8ce \u00abprot\u00e9g\u00e9e\u00bb par la convention de Berne (il&hellip;\n","protected":false},"author":2,"featured_media":411002,"comment_status":"","ping_status":"","sticky":false,"template":"","format":"standard","meta":{"footnotes":""},"categories":[9635],"tags":[1111,11,327,1867,4183,1687,33,1707,1704,1706,1705,436,1777,674,1011,27,775,1702,1703,12,25,104],"class_list":{"0":"post-411001","1":"post","2":"type-post","3":"status-publish","4":"format-standard","5":"has-post-thumbnail","7":"category-nancy","8":"tag-actu","9":"tag-actualites","10":"tag-agriculture","11":"tag-animaux","12":"tag-chasse","13":"tag-culture-loisirs","14":"tag-economie","15":"tag-edition-luneville","16":"tag-edition-nancy-et-agglomeration","17":"tag-edition-pont-a-mousson","18":"tag-edition-toul","19":"tag-environnement","20":"tag-eu","21":"tag-europe","22":"tag-fr","23":"tag-france","24":"tag-grand-est","25":"tag-nancy","26":"tag-nancy-ville-54b","27":"tag-news","28":"tag-republique-francaise","29":"tag-societe"},"share_on_mastodon":{"url":"https:\/\/pubeurope.com\/@fr\/115251570705156672","error":""},"_links":{"self":[{"href":"https:\/\/www.europesays.com\/fr\/wp-json\/wp\/v2\/posts\/411001","targetHints":{"allow":["GET"]}}],"collection":[{"href":"https:\/\/www.europesays.com\/fr\/wp-json\/wp\/v2\/posts"}],"about":[{"href":"https:\/\/www.europesays.com\/fr\/wp-json\/wp\/v2\/types\/post"}],"author":[{"embeddable":true,"href":"https:\/\/www.europesays.com\/fr\/wp-json\/wp\/v2\/users\/2"}],"replies":[{"embeddable":true,"href":"https:\/\/www.europesays.com\/fr\/wp-json\/wp\/v2\/comments?post=411001"}],"version-history":[{"count":0,"href":"https:\/\/www.europesays.com\/fr\/wp-json\/wp\/v2\/posts\/411001\/revisions"}],"wp:featuredmedia":[{"embeddable":true,"href":"https:\/\/www.europesays.com\/fr\/wp-json\/wp\/v2\/media\/411002"}],"wp:attachment":[{"href":"https:\/\/www.europesays.com\/fr\/wp-json\/wp\/v2\/media?parent=411001"}],"wp:term":[{"taxonomy":"category","embeddable":true,"href":"https:\/\/www.europesays.com\/fr\/wp-json\/wp\/v2\/categories?post=411001"},{"taxonomy":"post_tag","embeddable":true,"href":"https:\/\/www.europesays.com\/fr\/wp-json\/wp\/v2\/tags?post=411001"}],"curies":[{"name":"wp","href":"https:\/\/api.w.org\/{rel}","templated":true}]}}