{"id":411015,"date":"2025-09-23T03:58:22","date_gmt":"2025-09-23T03:58:22","guid":{"rendered":"https:\/\/www.europesays.com\/fr\/411015\/"},"modified":"2025-09-23T03:58:22","modified_gmt":"2025-09-23T03:58:22","slug":"pres-de-grenoble-du-porc-et-des-tags-racistes-retrouves-devant-une-salle-de-priere-musulmane","status":"publish","type":"post","link":"https:\/\/www.europesays.com\/fr\/411015\/","title":{"rendered":"Pr\u00e8s de Grenoble. Du porc et des tags racistes retrouv\u00e9s devant une salle de pri\u00e8re musulmane"},"content":{"rendered":"<p>            Par<br \/>\n        <strong><br \/>\n            <a href=\"https:\/\/actu.fr\/auteur\/lisa-rodrigues\" title=\"Consulter tous les articles de Lisa Rodrigues\" rel=\"nofollow noopener\" target=\"_blank\">Lisa Rodrigues<\/a><br \/>\n        <\/strong><\/p>\n<p>        Publi\u00e9 le<\/p>\n<p>            22 sept. 2025 \u00e0 11h40        <\/p>\n<p>\u00ab\u00a0Des actes injurieux et humiliants.\u00a0\u00bb La salle de pri\u00e8re musulmane de Fontaine, pr\u00e8s de <a href=\"https:\/\/actu.fr\/auvergne-rhone-alpes\/grenoble_38185\" rel=\"nofollow noopener\" target=\"_blank\">Grenoble,<\/a> a \u00e9t\u00e9 la cible d\u2019une <strong>d\u00e9gradation \u00e0 caract\u00e8re raciste<\/strong>, vendredi 19 septembre. Des tags islamophobes ont \u00e9t\u00e9 d\u00e9couverts sur des fen\u00eatres de la salle. Des morceaux et des ossements de porc ont aussi \u00e9t\u00e9 d\u00e9pos\u00e9s \u00e0 l\u2019entr\u00e9e du b\u00e2timent.<\/p>\n<p class=\" wall-content\">Un acte rapidement condamn\u00e9 par les politiques locaux (LFI, PCF) et la mairie. \u00ab\u00a0La Ville de Fontaine condamne avec la plus grande fermet\u00e9 [ces] actes islamophobes\u00a0\u00bb, a r\u00e9agi la municipalit\u00e9.<\/p>\n<p>    <a href=\"https:\/\/www.facebook.com\/plugins\/post.php?href=https%3A%2F%2Fwww.facebook.com%2Fpcf.fontaine%2Fposts%2Fpfbid0JmvWwUf6h4tY8bH5zqkqWHj3VQ7Qt7XRtuUo1FZTCs87rWZFTrvzcF7TC7qu7sSZl&amp;show_text=true&amp;width=350\" title=\"Ouvrie le lien\" rel=\"nofollow noopener\" target=\"_blank\">Cliquez ici pour visualiser le contenu<\/a><\/p>\n<p>Des \u00ab\u00a0gestes abominables\u00a0\u00bb<\/p>\n<p class=\" wall-content\">Selon la mairie de <a href=\"https:\/\/actu.fr\/auvergne-rhone-alpes\/fontaine_38169\" rel=\"nofollow noopener\" target=\"_blank\">Fontaine<\/a>, un signalement a tout de suite \u00e9t\u00e9 r\u00e9alis\u00e9 aupr\u00e8s des services de la pr\u00e9fecture de l\u2019Is\u00e8re et de la police nationale pour \u00ab\u00a0renforcer la vigilance \u00e0 proximit\u00e9 de cette salle\u00a0\u00bb. La Ville a \u00e9galement <strong>d\u00e9pos\u00e9 plainte<\/strong>.<\/p>\n<p class=\" wall-content\">La salle de pri\u00e8re est notamment utilis\u00e9e par l\u2019association culturelle des musulmans de Fontaine (ACMF), qui a fait part via un communiqu\u00e9 de sa \u00ab\u00a0profonde tristesse\u00a0\u00bb et de sa \u00ab\u00a0grande indignation\u00a0\u00bb.<\/p>\n<blockquote class=\"ac-article-quote wall-content\">\n<p>Ces gestes abominables, dirig\u00e9s contre un lieu d\u2019apaisement et de culte [&#8230;] portent atteinte non seulement aux victimes directes, mais \u00e0 l\u2019ensemble de notre communaut\u00e9 fontainoise.<\/p>\n<p>    <strong>Association culturelle des musulmans de Fontaine<\/strong>\n            <\/p><\/blockquote>\n<p>Votre r\u00e9gion, votre actu !<\/p>\n<p>Recevez chaque jour les infos qui comptent pour vous.<\/p>\n<p>\t<a href=\"https:\/\/actu.fr\/newsletter\" class=\"ac-btn ac-btn--corner ac-btn--medium ac-btn--blue800\" rel=\"nofollow noopener\" target=\"_blank\">S&rsquo;incrire<\/a><br \/>\nPas les premiers tags racistes sur la commune<\/p>\n<p class=\" wall-content\">Ce n\u2019est malheureusement pas la premi\u00e8re fois que la ville de Fontaine d\u00e9couvre sur des b\u00e2timents publics des tags ou d\u00e9gradations racistes.<\/p>\n<p class=\" wall-content\">En septembre 2023, une \u00e9cole avait d\u00e9couvert une inscription antis\u00e9mite \u00e0 son entr\u00e9e, quelques jours apr\u00e8s la rentr\u00e9e. D\u2019autres messages du m\u00eame acabit <a href=\"https:\/\/actu.fr\/auvergne-rhone-alpes\/grenoble_38185\/pres-de-grenoble-des-messages-antisemites-et-nazis-decouverts-dans-un-appartement_60221820.html\" rel=\"nofollow noopener\" target=\"_blank\">avaient \u00e9t\u00e9 d\u00e9couverts dans un appartement<\/a> cambriol\u00e9 et saccag\u00e9, quelques semaines plus tard.<\/p>\n<p class=\" wall-content\">Personnalisez votre actualit\u00e9 en ajoutant vos villes et m\u00e9dias en favori avec <a href=\"https:\/\/moncompte.actu.fr\" title=\"D\u00e9couvez Mon Actu\" rel=\"nofollow noopener\" data-trk=\"{&quot;cta&quot;:{&quot;action&quot;:&quot;https:\\\/\\\/moncompte.actu.fr&quot;,&quot;category&quot;:&quot;mon compte&quot;,&quot;from&quot;:&quot;article footer&quot;,&quot;name&quot;:&quot;Mon actu&quot;,&quot;type&quot;:&quot;cta&quot;}}\" target=\"_blank\">Mon Actu<\/a>.<\/p>\n","protected":false},"excerpt":{"rendered":"Par Lisa Rodrigues Publi\u00e9 le 22 sept. 2025 \u00e0 11h40 \u00ab\u00a0Des actes injurieux et humiliants.\u00a0\u00bb La salle de&hellip;\n","protected":false},"author":2,"featured_media":411016,"comment_status":"","ping_status":"","sticky":false,"template":"","format":"standard","meta":{"footnotes":""},"categories":[9566],"tags":[1111,11,2430,1777,674,1011,27,2731,5318,12,4020,25,104],"class_list":{"0":"post-411015","1":"post","2":"type-post","3":"status-publish","4":"format-standard","5":"has-post-thumbnail","7":"category-grenoble","8":"tag-actu","9":"tag-actualites","10":"tag-auvergne-rhone-alpes","11":"tag-eu","12":"tag-europe","13":"tag-fr","14":"tag-france","15":"tag-grenoble","16":"tag-islam","17":"tag-news","18":"tag-religion","19":"tag-republique-francaise","20":"tag-societe"},"share_on_mastodon":{"url":"https:\/\/pubeurope.com\/@fr\/115251609928998212","error":""},"_links":{"self":[{"href":"https:\/\/www.europesays.com\/fr\/wp-json\/wp\/v2\/posts\/411015","targetHints":{"allow":["GET"]}}],"collection":[{"href":"https:\/\/www.europesays.com\/fr\/wp-json\/wp\/v2\/posts"}],"about":[{"href":"https:\/\/www.europesays.com\/fr\/wp-json\/wp\/v2\/types\/post"}],"author":[{"embeddable":true,"href":"https:\/\/www.europesays.com\/fr\/wp-json\/wp\/v2\/users\/2"}],"replies":[{"embeddable":true,"href":"https:\/\/www.europesays.com\/fr\/wp-json\/wp\/v2\/comments?post=411015"}],"version-history":[{"count":0,"href":"https:\/\/www.europesays.com\/fr\/wp-json\/wp\/v2\/posts\/411015\/revisions"}],"wp:featuredmedia":[{"embeddable":true,"href":"https:\/\/www.europesays.com\/fr\/wp-json\/wp\/v2\/media\/411016"}],"wp:attachment":[{"href":"https:\/\/www.europesays.com\/fr\/wp-json\/wp\/v2\/media?parent=411015"}],"wp:term":[{"taxonomy":"category","embeddable":true,"href":"https:\/\/www.europesays.com\/fr\/wp-json\/wp\/v2\/categories?post=411015"},{"taxonomy":"post_tag","embeddable":true,"href":"https:\/\/www.europesays.com\/fr\/wp-json\/wp\/v2\/tags?post=411015"}],"curies":[{"name":"wp","href":"https:\/\/api.w.org\/{rel}","templated":true}]}}