{"id":411017,"date":"2025-09-23T03:59:17","date_gmt":"2025-09-23T03:59:17","guid":{"rendered":"https:\/\/www.europesays.com\/fr\/411017\/"},"modified":"2025-09-23T03:59:17","modified_gmt":"2025-09-23T03:59:17","slug":"lezeko-repense-les-lieux-de-vie-elle-ouvre-son-agence-specialisee-en-ecoconstruction-2","status":"publish","type":"post","link":"https:\/\/www.europesays.com\/fr\/411017\/","title":{"rendered":"\u00ab\u00a0Lezeko repense les lieux de vie\u00a0\u00bb\u00a0: elle ouvre son agence sp\u00e9cialis\u00e9e en \u00e9coconstruction"},"content":{"rendered":"<p>Originaire du sud de Rennes (<a href=\"https:\/\/www.ouest-france.fr\/bretagne\/ille-et-vilaine\/\" target=\"_blank\" rel=\"noopener\">Ille-et-Vilaine<\/a>), Charlotte Piel exerce en tant qu\u2019architecte dipl\u00f4m\u00e9e d\u2019\u00e9tat depuis quinze\u00a0ans. Apr\u00e8s avoir travaill\u00e9 pendant sept\u00a0ans dans des grandes agences du bassin rennais, elle a cr\u00e9\u00e9 Lezeko avec pour ambition de proposer une architecture consciente, responsable et design.<\/p>\n<p><a href=\"https:\/\/www.ouest-france.fr\/economie\/commerce\/rennes\/\" target=\"_blank\" rel=\"noopener\">Suivez l\u2019actualit\u00e9 des commerces \u00e0 Rennes<\/a><\/p>\n<p>L\u2019agence est sp\u00e9cialis\u00e9e en \u00e9coconstruction, en r\u00e9novation du b\u00e2ti, en restauration du patrimoine et en performance \u00e9nerg\u00e9tique. \u00a0Concr\u00e8tement, nous construisons des maisons passives \u00e9coconstruites, des immeubles vertueux. Nous r\u00e9novons des passoires thermiques et r\u00e9habilitons le b\u00e2ti ancien avec les savoir-faire artisanaux et locaux\u00a0.<\/p>\n<p>Tenir compte des enjeux environnementaux<\/p>\n<p>La soci\u00e9t\u00e9 accompagne \u00e9galement les entreprises et les collectivit\u00e9s qui souhaitent construire ou r\u00e9nover et remettre aux normes leur patrimoine immobilier. \u00c0 travers ses projets vertueux qui mettent en \u0153uvre des mat\u00e9riaux biosourc\u00e9s, g\u00e9osourc\u00e9s et recycl\u00e9s tel que le bois, les fibres v\u00e9g\u00e9tales, la terre crue, la ouate de cellulose, \u00a0Lezeko repense les lieux de vie et tient compte des enjeux environnementaux, sociaux et esth\u00e9tiques, sans jamais perdre de vue l\u2019humain\u00a0.<\/p>\n<p><strong>Lezeko<\/strong>, 8, rue Sapeur Michel Jouan, \u00e0 Rennes. T\u00e9l. 06\u00a066\u00a076\u00a081\u00a084 ou contact@lezeko.fr Site Internet\u00a0: www.lezeko.fr<\/p>\n<p>\u00a0<\/p>\n","protected":false},"excerpt":{"rendered":"Originaire du sud de Rennes (Ille-et-Vilaine), Charlotte Piel exerce en tant qu\u2019architecte dipl\u00f4m\u00e9e d\u2019\u00e9tat depuis quinze\u00a0ans. Apr\u00e8s avoir&hellip;\n","protected":false},"author":2,"featured_media":410548,"comment_status":"","ping_status":"","sticky":false,"template":"","format":"standard","meta":{"footnotes":""},"categories":[2821],"tags":[1111,11,54180,829,13242,1777,674,1011,27,54179,9692,12,10102,584,35047,25,54181,4717],"class_list":{"0":"post-411017","1":"post","2":"type-post","3":"status-publish","4":"format-standard","5":"has-post-thumbnail","7":"category-rennes","8":"tag-actu","9":"tag-actualites","10":"tag-agence","11":"tag-bretagne","12":"tag-ecoconstruction","13":"tag-eu","14":"tag-europe","15":"tag-fr","16":"tag-france","17":"tag-lezeko","18":"tag-lieux","19":"tag-news","20":"tag-ouvre","21":"tag-rennes","22":"tag-repense","23":"tag-republique-francaise","24":"tag-specialisee","25":"tag-vie"},"share_on_mastodon":{"url":"https:\/\/pubeurope.com\/@fr\/115251613710079081","error":""},"_links":{"self":[{"href":"https:\/\/www.europesays.com\/fr\/wp-json\/wp\/v2\/posts\/411017","targetHints":{"allow":["GET"]}}],"collection":[{"href":"https:\/\/www.europesays.com\/fr\/wp-json\/wp\/v2\/posts"}],"about":[{"href":"https:\/\/www.europesays.com\/fr\/wp-json\/wp\/v2\/types\/post"}],"author":[{"embeddable":true,"href":"https:\/\/www.europesays.com\/fr\/wp-json\/wp\/v2\/users\/2"}],"replies":[{"embeddable":true,"href":"https:\/\/www.europesays.com\/fr\/wp-json\/wp\/v2\/comments?post=411017"}],"version-history":[{"count":0,"href":"https:\/\/www.europesays.com\/fr\/wp-json\/wp\/v2\/posts\/411017\/revisions"}],"wp:featuredmedia":[{"embeddable":true,"href":"https:\/\/www.europesays.com\/fr\/wp-json\/wp\/v2\/media\/410548"}],"wp:attachment":[{"href":"https:\/\/www.europesays.com\/fr\/wp-json\/wp\/v2\/media?parent=411017"}],"wp:term":[{"taxonomy":"category","embeddable":true,"href":"https:\/\/www.europesays.com\/fr\/wp-json\/wp\/v2\/categories?post=411017"},{"taxonomy":"post_tag","embeddable":true,"href":"https:\/\/www.europesays.com\/fr\/wp-json\/wp\/v2\/tags?post=411017"}],"curies":[{"name":"wp","href":"https:\/\/api.w.org\/{rel}","templated":true}]}}