{"id":411026,"date":"2025-09-23T04:04:15","date_gmt":"2025-09-23T04:04:15","guid":{"rendered":"https:\/\/www.europesays.com\/fr\/411026\/"},"modified":"2025-09-23T04:04:15","modified_gmt":"2025-09-23T04:04:15","slug":"deux-avions-evitent-une-collision-de-justesse-a-nice-un-passager-temoigne","status":"publish","type":"post","link":"https:\/\/www.europesays.com\/fr\/411026\/","title":{"rendered":"deux avions \u00e9vitent une collision de justesse \u00e0 Nice, un passager t\u00e9moigne"},"content":{"rendered":"<p class=\"article-p mdl\">Un drame a \u00e9t\u00e9 \u00e9vit\u00e9 de justesse dimanche 21 septembre \u00e0 l&rsquo;a\u00e9roport de Nice.<strong> Deux avions ont fr\u00f4l\u00e9 la collision.<\/strong> Un appareil de la compagnie\u00a0Nouvel Air\u00a0se serait engag\u00e9 par erreur sur une piste o\u00f9 se trouvait d\u00e9j\u00e0 un avion d\u2019EasyJet\u00a0en phase de d\u00e9collage.\u00a0<\/p>\n<p class=\"article-p mdl\">Le Bureau d\u2019enqu\u00eates et d\u2019analyses pour la s\u00e9curit\u00e9 de l\u2019aviation civile (BEA) a qualifi\u00e9 l\u2019incident de \u00ab\u00a0grave\u00a0\u00bb. Une enqu\u00eate a \u00e9t\u00e9 ouverte et l\u2019inspection des bo\u00eetes noires est en cours. \u00c0 bord de l\u2019avion d\u2019EasyJet, les passagers ont cru voir le pire arriver.\u00a0<\/p>\n<p class=\"article-p mdl\">William, l\u2019un d\u2019eux, raconte que\u00a0<a class=\"link\" href=\"https:\/\/www.rtl.fr\/actu\/justice-faits-divers\/nice-une-collision-entre-deux-avions-evitee-a-trois-metres-pres-7900544240\" title=\"Nice : une collision entre deux avions, \u00e9vit\u00e9e &quot;\u00e0 trois m\u00e8tres&quot; pr\u00e8s\" rel=\"nofollow noopener\" target=\"_blank\">la collision a \u00e9t\u00e9 \u00e9vit\u00e9e \u00ab\u00a0\u00e0 moins de trois m\u00e8tres\u00a0\u00bb<\/a>. Selon son t\u00e9moignage, l\u2019appareil sur lequel il voyageait s\u2019appr\u00eatait \u00e0 s\u2019aligner sur la piste lorsqu\u2019il a brusquement frein\u00e9. Quelques instants plus tard, un autre avion a surgi, provoquant un violent vacarme et de fortes secousses : \u00ab\u00a0<strong>L&rsquo;avion a trembl\u00e9 de tous les c\u00f4t\u00e9s et on ne comprenait pas<\/strong>. Avec mes voisins de si\u00e8ge, on pensait que c&rsquo;\u00e9tait le tonnerre.\u00a0\u00bb<\/p>\n<p>            \u00ab\u00a0Des passagers ont fondu en larmes\u00a0\u00bb<\/p>\n<p class=\"article-p mdl\">Quelques minutes plus tard, le pilote sort de sa cabine, visiblement \u00e9branl\u00e9 : \u00ab\u00a0Il nous a dit qu&rsquo;on avait \u00e9chapp\u00e9 de tr\u00e8s peu \u00e0 un crash.<strong> Il est sorti la voix tremblante<\/strong>, il nous a montr\u00e9 sa main en nous disant qu&rsquo;il ne pouvait plus reprendre le vol dans cet \u00e9tat.\u00a0\u00bb<\/p>\n<p class=\"article-p mdl\">Le pilote leur aurait expliqu\u00e9 qu&rsquo;il avait bien eu l&rsquo;autorisation de la tour de contr\u00f4le pour passer sur la piste, mais l&rsquo;autre appareil aurait fait une erreur. \u00ab\u00a0Apr\u00e8s son annonce, <strong>des gens se sont effondr\u00e9s en sanglots et en larmes<\/strong>. On a eu de la chance, on a \u00e9chapp\u00e9 au pire\u00a0\u00bb, t\u00e9moigne William au micro de M6.\u00a0<\/p>\n<p>    La r\u00e9daction vous recommande<\/p>\n<p class=\"s-newsletter__title\">\n                L\u2019actualit\u00e9 par la r\u00e9daction de RTL dans votre bo\u00eete mail.\n            <\/p>\n<p class=\"s-newsletter__subtitle\">\n                Gr\u00e2ce \u00e0 votre compte RTL abonnez-vous \u00e0 la newsletter RTL info pour suivre toute l&rsquo;actualit\u00e9 au quotidien\n            <\/p>\n<p>\n                                    Lire la suite\n                                <\/p>\n","protected":false},"excerpt":{"rendered":"Un drame a \u00e9t\u00e9 \u00e9vit\u00e9 de justesse dimanche 21 septembre \u00e0 l&rsquo;a\u00e9roport de Nice. Deux avions ont fr\u00f4l\u00e9&hellip;\n","protected":false},"author":2,"featured_media":411027,"comment_status":"","ping_status":"","sticky":false,"template":"","format":"standard","meta":{"footnotes":""},"categories":[2819],"tags":[119,1111,11,7182,13796,4098,661,1777,674,107,1011,27,12,2401,882,362,360,25],"class_list":{"0":"post-411026","1":"post","2":"type-post","3":"status-publish","4":"format-standard","5":"has-post-thumbnail","7":"category-nice","8":"tag-accident","9":"tag-actu","10":"tag-actualites","11":"tag-aviation","12":"tag-avions","13":"tag-crash","14":"tag-easyjet","15":"tag-eu","16":"tag-europe","17":"tag-fil-info","18":"tag-fr","19":"tag-france","20":"tag-news","21":"tag-nice","22":"tag-provence-alpes-cote-dazur","23":"tag-replay","24":"tag-replay-integral","25":"tag-republique-francaise"},"share_on_mastodon":{"url":"https:\/\/pubeurope.com\/@fr\/115251633274327913","error":""},"_links":{"self":[{"href":"https:\/\/www.europesays.com\/fr\/wp-json\/wp\/v2\/posts\/411026","targetHints":{"allow":["GET"]}}],"collection":[{"href":"https:\/\/www.europesays.com\/fr\/wp-json\/wp\/v2\/posts"}],"about":[{"href":"https:\/\/www.europesays.com\/fr\/wp-json\/wp\/v2\/types\/post"}],"author":[{"embeddable":true,"href":"https:\/\/www.europesays.com\/fr\/wp-json\/wp\/v2\/users\/2"}],"replies":[{"embeddable":true,"href":"https:\/\/www.europesays.com\/fr\/wp-json\/wp\/v2\/comments?post=411026"}],"version-history":[{"count":0,"href":"https:\/\/www.europesays.com\/fr\/wp-json\/wp\/v2\/posts\/411026\/revisions"}],"wp:featuredmedia":[{"embeddable":true,"href":"https:\/\/www.europesays.com\/fr\/wp-json\/wp\/v2\/media\/411027"}],"wp:attachment":[{"href":"https:\/\/www.europesays.com\/fr\/wp-json\/wp\/v2\/media?parent=411026"}],"wp:term":[{"taxonomy":"category","embeddable":true,"href":"https:\/\/www.europesays.com\/fr\/wp-json\/wp\/v2\/categories?post=411026"},{"taxonomy":"post_tag","embeddable":true,"href":"https:\/\/www.europesays.com\/fr\/wp-json\/wp\/v2\/tags?post=411026"}],"curies":[{"name":"wp","href":"https:\/\/api.w.org\/{rel}","templated":true}]}}