{"id":411028,"date":"2025-09-23T04:06:00","date_gmt":"2025-09-23T04:06:00","guid":{"rendered":"https:\/\/www.europesays.com\/fr\/411028\/"},"modified":"2025-09-23T04:06:00","modified_gmt":"2025-09-23T04:06:00","slug":"ouste-nos-immanquables-pour-sortir-cette-semaine-a-nantes-3","status":"publish","type":"post","link":"https:\/\/www.europesays.com\/fr\/411028\/","title":{"rendered":"Ouste\u00a0! Nos immanquables pour sortir cette semaine \u00e0 Nantes"},"content":{"rendered":"<p>Chaque semaine, le guide des sorties dans la m\u00e9tropole de Nantes, <a href=\"https:\/\/nantes.maville.com\/actu\/actudet_-a-nantes-50-000-exemplaires-d-ouste-le-guide-culturel-gratuit-d-ouest-france-distribues-samedi-_52716-6978662_actu.Htm\" target=\"_self\" rel=\"noopener\">Ouste<\/a>, vous propose un choix de spectacles, concerts, bons plans&#8230; dont les r\u00e9servations ne sont pas boucl\u00e9es. Voici quatre propositions.<\/p>\n<p>Faire troupeau et rire avec Marion Thomas<\/p>\n<p>Avec Faire troupeau, sorte de conf\u00e9rence th\u00e9\u00e2tralis\u00e9e dont elle est l\u2019auteur et l\u2019interpr\u00e8te, la Nantaise Marion Thomas nous invite \u00e0 reconsid\u00e9rer le mouton. \u00c0 ne plus voir du suivisme dans le troupeau, mais la force du collectif. C\u2019est malin, joyeux, dr\u00f4le et intelligent, avec un karaok\u00e9 m\u00e9morable. Il n\u2019y a pas que nous que Faire troupeau a emball\u00e9s \u00e0 sa sortie de cr\u00e9ation au TU, l\u2019an dernier\u00a0: la pi\u00e8ce est propos\u00e9e, cette semaine, \u00e0 Onyx et en novembre au Lieu unique.<\/p>\n<p><strong>Vendredi 26\u00a0septembre, <\/strong>20\u00a0h\u00a030. Onyx, 1,\u00a0place Oc\u00e9ane (Atlantis), tram 1\u00a0arr\u00eat Schoelcher. 10 \u00e0 20\u00a0\u20ac. <strong>Mardi\u00a04 et mercredi 5\u00a0novembre<\/strong>, 20\u00a0h. Lieu unique (complet, mais il y a une liste d\u2019attente au cas o\u00f9 une place se lib\u00e8re). Nantes. De 9 \u00e0 25\u00a0\u20ac.<\/p>\n<p>Richie Hawtin, l\u00e9gende de la sc\u00e8ne techno<\/p>\n<p>\t<img decoding=\"async\" src=\"https:\/\/www.europesays.com\/fr\/wp-content\/uploads\/2025\/09\/P35478584D6987152G_px_640_.jpg\" alt=\"photo richie hawtin.  \u00a9  @simadehgani\" width=\"640\" title=\" Richie Hawtin.   @simadehgani \"\/><\/p>\n<p class=\"elmt-legende\"> Richie Hawtin.   @simadehgani <\/p>\n<p>Le Warehouse d\u00e9marre fort pour son d\u00e9but de saison avec Richie Hawtin. Connu \u00e9galement sous son alias Plastikman, l\u2019artiste canadien est l\u2019un des pionniers de la techno minimaliste avec ses labels embl\u00e9matiques Minus et Plus 8. Avec aussi Kyle, Sonic crew et Akira.<\/p>\n<p><strong>Vendredi 26\u00a0septembre,<\/strong> 23\u00a0h\u00a030. Warehouse, hangar \u00e0 bananes, \u00e0 Nantes. Tram 1, arr\u00eat chantiers navals. C5, arr\u00eat Hangar-\u00e0-bananes. \u00c0 partir de 23\u00a0\u20ac en pr\u00e9vente. Site internet\u00a0: www.warehouse-nantes.fr<\/p>\n<p>Dans la caverne de Vox Low<\/p>\n<p>\t<img decoding=\"async\" src=\"https:\/\/www.europesays.com\/fr\/wp-content\/uploads\/2025\/09\/P35478585D6987152G_px_640_.jpg\" alt=\"photo le groupe de post-punk vox low est en concert\u00a0au ferrailleur le 27\u00a0septembre.  \u00a9  marion barat\" width=\"640\" title=\" Le groupe de post-punk Vox Low est en concert\u00a0au Ferrailleur le 27\u00a0septembre.   Marion Barat \"\/><\/p>\n<p class=\"elmt-legende\"> Le groupe de post-punk Vox Low est en concert\u00a0au Ferrailleur le 27\u00a0septembre.   Marion Barat <\/p>\n<p>Des riffs abrasifs, une basse ronde, des beats \u00e9lectroniques et une voix caverneuse. Groupe parisien, Vox Low m\u00eale noirceur cold wave, rythmes techno\u00efdes et fi\u00e8vre post-punk. La bande-son d\u2019une f\u00eate nihiliste dans les catacombes ou le point de rencontre entre c\u00e9l\u00e9brations profanes et danse venimeuse.<\/p>\n<p><strong>Samedi 27\u00a0septembre,<\/strong> 20\u00a0h\u00a030. Ferrailleur, Hangar \u00e0 bananes, \u00e0 Nantes. Tram 1, arr\u00eat Chantiers-Navals. C5, arr\u00eat Hangar-\u00e0-bananes. Entr\u00e9e\u00a0: 26\u00a0\u20ac.<\/p>\n<p>La Nuit du th\u00e9\u00e2tre<\/p>\n<p>Dans la m\u00eame soir\u00e9e, de 21\u00a0h\u00a030 au petit matin, passer d\u2019un th\u00e9\u00e2tre \u00e0 l\u2019autre, de Sosies de R\u00e9my Devos \u00e0 la conf\u00e9rence satirique Conseils pour une jeune \u00e9pouse, d\u2019un stand-up \u00e0 une com\u00e9die musicale, d\u00e9couvrir des compagnies locales\u2026 C\u2019est l\u2019opportunit\u00e9 offerte par la Nuit du th\u00e9\u00e2tre. Vingt-cinq spectacles sont propos\u00e9s par onze th\u00e9\u00e2tres nantais. Pour ceux qui manquent d\u2019id\u00e9es, \u00ab\u00a0kits\u00a0\u00bb \u00e0 th\u00e8mes de trois spectacles\u00a0: Com\u00e9dies made in Naoned, humour noir, Rattrapage de succ\u00e8s, Cr\u00e9ations 2025, com\u00e9dies cultes\u2026<\/p>\n<p><strong>Samedi 27\u00a0septembre,<\/strong> de 21\u00a0h \u00e0 l\u2019aube au th\u00e9\u00e2tre de la rue de Belleville, le th\u00e9\u00e2tre 100\u00a0noms, la compagnie du caf\u00e9-th\u00e9\u00e2tre, le Krapo roy, le TNT, le th\u00e9\u00e2tre de Poche Graslin, le th\u00e9\u00e2tre Beaulieu, le th\u00e9\u00e2tre du cyclope, la Fabrique \u00e0 impros, le th\u00e9\u00e2tre de Jeanne, le th\u00e9\u00e2tre du Sphinx\u2026 15\u00a0\u20ac par spectacle. Pass d\u00e9couverte 3\u00a0spectacles\u00a0: 35\u00a0\u20ac.<\/p>\n<p>\u00a0<\/p>\n","protected":false},"excerpt":{"rendered":"Chaque semaine, le guide des sorties dans la m\u00e9tropole de Nantes, Ouste, vous propose un choix de spectacles,&hellip;\n","protected":false},"author":2,"featured_media":411029,"comment_status":"","ping_status":"","sticky":false,"template":"","format":"standard","meta":{"footnotes":""},"categories":[2818],"tags":[1111,11,1777,674,1011,27,30934,766,12,2636,25,5572,4251],"class_list":{"0":"post-411028","1":"post","2":"type-post","3":"status-publish","4":"format-standard","5":"has-post-thumbnail","7":"category-nantes","8":"tag-actu","9":"tag-actualites","10":"tag-eu","11":"tag-europe","12":"tag-fr","13":"tag-france","14":"tag-immanquables","15":"tag-nantes","16":"tag-news","17":"tag-pays-de-la-loire","18":"tag-republique-francaise","19":"tag-semaine","20":"tag-sortir"},"share_on_mastodon":{"url":"https:\/\/pubeurope.com\/@fr\/115251641698326902","error":""},"_links":{"self":[{"href":"https:\/\/www.europesays.com\/fr\/wp-json\/wp\/v2\/posts\/411028","targetHints":{"allow":["GET"]}}],"collection":[{"href":"https:\/\/www.europesays.com\/fr\/wp-json\/wp\/v2\/posts"}],"about":[{"href":"https:\/\/www.europesays.com\/fr\/wp-json\/wp\/v2\/types\/post"}],"author":[{"embeddable":true,"href":"https:\/\/www.europesays.com\/fr\/wp-json\/wp\/v2\/users\/2"}],"replies":[{"embeddable":true,"href":"https:\/\/www.europesays.com\/fr\/wp-json\/wp\/v2\/comments?post=411028"}],"version-history":[{"count":0,"href":"https:\/\/www.europesays.com\/fr\/wp-json\/wp\/v2\/posts\/411028\/revisions"}],"wp:featuredmedia":[{"embeddable":true,"href":"https:\/\/www.europesays.com\/fr\/wp-json\/wp\/v2\/media\/411029"}],"wp:attachment":[{"href":"https:\/\/www.europesays.com\/fr\/wp-json\/wp\/v2\/media?parent=411028"}],"wp:term":[{"taxonomy":"category","embeddable":true,"href":"https:\/\/www.europesays.com\/fr\/wp-json\/wp\/v2\/categories?post=411028"},{"taxonomy":"post_tag","embeddable":true,"href":"https:\/\/www.europesays.com\/fr\/wp-json\/wp\/v2\/tags?post=411028"}],"curies":[{"name":"wp","href":"https:\/\/api.w.org\/{rel}","templated":true}]}}