{"id":411038,"date":"2025-09-23T04:12:19","date_gmt":"2025-09-23T04:12:19","guid":{"rendered":"https:\/\/www.europesays.com\/fr\/411038\/"},"modified":"2025-09-23T04:12:19","modified_gmt":"2025-09-23T04:12:19","slug":"la-pluie-va-t-elle-epargner-toulouse-et-loccitanie-la-meteo-de-ce-mardi","status":"publish","type":"post","link":"https:\/\/www.europesays.com\/fr\/411038\/","title":{"rendered":"La pluie va-t-elle \u00e9pargner Toulouse et l&rsquo;Occitanie ? La m\u00e9t\u00e9o de ce mardi"},"content":{"rendered":"<p>            Par<br \/>\n        <strong><br \/>\n            <a href=\"https:\/\/actu.fr\/auteur\/anaelle-montagne\" title=\"Consulter tous les articles de Anaelle Montagne\" rel=\"nofollow noopener\" target=\"_blank\">Anaelle Montagne<\/a><br \/>\n        <\/strong><\/p>\n<p>        Publi\u00e9 le<\/p>\n<p>            23 sept. 2025 \u00e0 5h02        <\/p>\n<p>La chaleur du week-end para\u00eet d\u00e9j\u00e0 bien lointaine \u00e0 Toulouse. Ce mardi 23\u00a0septembre 2025, la journ\u00e9e s\u2019annonce tr\u00e8s nuageuse dans la Ville rose. Mais les habitants seront-ils \u00e9pargn\u00e9s par la pluie\u2009?<\/p>\n<p>Le temps \u00e0 Toulouse<br \/>\n    <img   decoding=\"async\" loading=\"lazy\" src=\"https:\/\/www.europesays.com\/fr\/wp-content\/uploads\/2025\/09\/meteo-toulouse-22-sept-960x640.jpg\" alt=\"La m\u00e9t\u00e9o \u00e0 Toulouse\" width=\"960\" height=\"640\"\/><br \/>\n    La m\u00e9t\u00e9o \u00e0 Toulouse (\u00a9M\u00e9t\u00e9o France)<\/p>\n<p class=\" wall-content\">Le matin, le ciel sera gris au-dessus de Toulouse, mais pas de pluie annonc\u00e9e. De m\u00eame dans l\u2019apr\u00e8s-midi, o\u00f9 les temp\u00e9ratures<strong> ne devraient pas d\u00e9passer les 15 degr\u00e9s<\/strong> \u2013 soit 5 degr\u00e9s de moins que les maximales de saison.<\/p>\n<p class=\" wall-content\">Attention aux rafales de vent qui, elles, atteindront les 40\u00a0km\/h.<\/p>\n<p>En Occitanie<br \/>\n    <img   decoding=\"async\" loading=\"lazy\" src=\"https:\/\/www.europesays.com\/fr\/wp-content\/uploads\/2025\/09\/meteo-occitanie-22-sept-960x640.jpg\" alt=\"La m\u00e9t\u00e9o en Occitanie.\" width=\"960\" height=\"640\"\/><br \/>\n    La m\u00e9t\u00e9o en Occitanie. (\u00a9M\u00e9t\u00e9o France)<\/p>\n<p class=\" wall-content\">Dans la r\u00e9gion, dans la matin\u00e9e, la pluie ne devrait tomber que sur l\u2019Aveyron et le Tarn, donc \u00e0 Castres, <a href=\"https:\/\/actu.fr\/occitanie\/albi_81004\" rel=\"nofollow noopener\" target=\"_blank\">Albi<\/a>, Rodez et Laguiole. Dans le reste du d\u00e9partement, le ciel restera tr\u00e8s couvert, sauf sur la c\u00f4te m\u00e9diterran\u00e9enne \u2013 \u00e0 Perpignan, B\u00e9ziers et Montpellier, o\u00f9 le soleil pointera le bout de son nez.<\/p>\n<p>Vid\u00e9os : en ce moment sur Actu<\/p>\n<p class=\" wall-content\">L\u2019apr\u00e8s-midi, le nord de l\u2019Occitanie restera sujet \u00e0 de faibles pluies, le reste sera \u00e9pargn\u00e9. L\u00e0 non plus, pas plus de 15 degr\u00e9s attendus sauf sur la c\u00f4te m\u00e9diterran\u00e9enne, o\u00f9 le mercure affichera 18 \u00e0 19 degr\u00e9s.<\/p>\n<p class=\" wall-content\">Personnalisez votre actualit\u00e9 en ajoutant vos villes et m\u00e9dias en favori avec <a href=\"https:\/\/moncompte.actu.fr\" title=\"D\u00e9couvez Mon Actu\" rel=\"nofollow noopener\" data-trk=\"{&quot;cta&quot;:{&quot;action&quot;:&quot;https:\\\/\\\/moncompte.actu.fr&quot;,&quot;category&quot;:&quot;mon compte&quot;,&quot;from&quot;:&quot;article footer&quot;,&quot;name&quot;:&quot;Mon actu&quot;,&quot;type&quot;:&quot;cta&quot;}}\" target=\"_blank\">Mon Actu<\/a>.<\/p>\n","protected":false},"excerpt":{"rendered":"Par Anaelle Montagne Publi\u00e9 le 23 sept. 2025 \u00e0 5h02 La chaleur du week-end para\u00eet d\u00e9j\u00e0 bien lointaine&hellip;\n","protected":false},"author":2,"featured_media":411039,"comment_status":"","ping_status":"","sticky":false,"template":"","format":"standard","meta":{"footnotes":""},"categories":[2816],"tags":[1111,11,1777,674,1011,27,2487,12,2680,25,2312],"class_list":{"0":"post-411038","1":"post","2":"type-post","3":"status-publish","4":"format-standard","5":"has-post-thumbnail","7":"category-toulouse","8":"tag-actu","9":"tag-actualites","10":"tag-eu","11":"tag-europe","12":"tag-fr","13":"tag-france","14":"tag-meteo","15":"tag-news","16":"tag-occitanie","17":"tag-republique-francaise","18":"tag-toulouse"},"share_on_mastodon":{"url":"https:\/\/pubeurope.com\/@fr\/115251665413433100","error":""},"_links":{"self":[{"href":"https:\/\/www.europesays.com\/fr\/wp-json\/wp\/v2\/posts\/411038","targetHints":{"allow":["GET"]}}],"collection":[{"href":"https:\/\/www.europesays.com\/fr\/wp-json\/wp\/v2\/posts"}],"about":[{"href":"https:\/\/www.europesays.com\/fr\/wp-json\/wp\/v2\/types\/post"}],"author":[{"embeddable":true,"href":"https:\/\/www.europesays.com\/fr\/wp-json\/wp\/v2\/users\/2"}],"replies":[{"embeddable":true,"href":"https:\/\/www.europesays.com\/fr\/wp-json\/wp\/v2\/comments?post=411038"}],"version-history":[{"count":0,"href":"https:\/\/www.europesays.com\/fr\/wp-json\/wp\/v2\/posts\/411038\/revisions"}],"wp:featuredmedia":[{"embeddable":true,"href":"https:\/\/www.europesays.com\/fr\/wp-json\/wp\/v2\/media\/411039"}],"wp:attachment":[{"href":"https:\/\/www.europesays.com\/fr\/wp-json\/wp\/v2\/media?parent=411038"}],"wp:term":[{"taxonomy":"category","embeddable":true,"href":"https:\/\/www.europesays.com\/fr\/wp-json\/wp\/v2\/categories?post=411038"},{"taxonomy":"post_tag","embeddable":true,"href":"https:\/\/www.europesays.com\/fr\/wp-json\/wp\/v2\/tags?post=411038"}],"curies":[{"name":"wp","href":"https:\/\/api.w.org\/{rel}","templated":true}]}}