{"id":41104,"date":"2025-04-21T09:01:21","date_gmt":"2025-04-21T09:01:21","guid":{"rendered":"https:\/\/www.europesays.com\/fr\/41104\/"},"modified":"2025-04-21T09:01:21","modified_gmt":"2025-04-21T09:01:21","slug":"mort-de-la-chanteuse-clodagh-rodgers-qui-a-represente-le-royaume-uni-a-leurovision-2","status":"publish","type":"post","link":"https:\/\/www.europesays.com\/fr\/41104\/","title":{"rendered":"Mort de la chanteuse Clodagh Rodgers, qui a repr\u00e9sent\u00e9 le Royaume-Uni \u00e0 l\u2019Eurovision"},"content":{"rendered":"<p>Carnet noir. \u00c0 moins d\u2019un mois de la finale de la prochaine \u00e9dition de l\u2019Eurovision \u2013 au cours de laquelle la chanteuse Louane va d\u00e9fendre les couleurs du drapeau tricolore \u00e0 B\u00e2le (Suisse) avec son titre Maman \u2013 une c\u00e9l\u00e8bre chanteuse ayant particip\u00e9 au concours europ\u00e9en vient tout juste de perdre la vie. Il s\u2019agit de l\u2019artiste anglaise Clodagh Rodgers qui, selon les informations r\u00e9v\u00e9l\u00e9es par Sky Media , vendredi 18 avril, est d\u00e9c\u00e9d\u00e9e \u00e0 l\u2019\u00e2ge de 78 ans apr\u00e8s un long combat contre la maladie. Mort de Clodagh Rodgers : son fils, Sam Sorbie, partage la terrible nouvelle \u00a0\u00bb C&rsquo;est avec le c\u0153ur lourd que ma ch\u00e8re et belle maman Clodagh est malheureusement d\u00e9c\u00e9d\u00e9e apr\u00e8s avoir lutt\u00e9 contre une maladie au cours des trois derni\u00e8res ann\u00e9es. Elle est d\u00e9c\u00e9d\u00e9e paisiblement hier, entour\u00e9e de sa famille \u00e0 Cobham , a ainsi \u00e9crit son fils, Sam Sorbie, dans un communiqu\u00e9. Maman a v\u00e9cu une vie incroyable, pleine d&rsquo;amour et de bonheur. Sa carri\u00e8re fantastique l&rsquo;a men\u00e9e \u00e0 se produire sur sc\u00e8ne, \u00e0 voyager \u00e0 travers le monde, \u00e0 consacrer sa vie \u00e0 ses deux fils et \u00e0 \u00eatre le pilier de cette famille .\u00a0\u00bb Avant de conclure, le c\u0153ur lourd : \u00a0\u00bb La vie ne sera plus la m\u00eame sans maman, mais elle sera enfin en paix avec papa, sa nounou et son papa. Nous l&rsquo;aimons tous et elle nous manque terriblement .\u00a0\u00bb Mais au fait, \u00e0 quand remonte le passage de Clodagh Rodgers \u00e0 l\u2019Eurovision ? C\u2019est en 1971 que Clodagh Rodgers a repr\u00e9sent\u00e9 le Royaume-Uni, lors de la 13e \u00e9dition de l\u2019Eurovision (alors organis\u00e9e \u00e0 Dublin). Pour rappel, l\u2019artiste y avait interpr\u00e9t\u00e9 la chanson Jack In The Box qui, apr\u00e8s son passage au concours europ\u00e9en, avait connu un franc succ\u00e8s ! Mais lors du concours, la chanteuse avait manqu\u00e9, de justesse, le podium puisqu\u2019elle \u00e9tait arriv\u00e9e \u00e0 la quatri\u00e8me place \u2013 derri\u00e8re respectivement l\u2019Allemagne, l\u2019Espagne et les gagnants, Monaco \u2013 qui \u00e9taient, cette ann\u00e9e-l\u00e0, repr\u00e9sent\u00e9s par la chanteuse fran\u00e7aise S\u00e9verine.<\/p>\n","protected":false},"excerpt":{"rendered":"Carnet noir. \u00c0 moins d\u2019un mois de la finale de la prochaine \u00e9dition de l\u2019Eurovision \u2013 au cours&hellip;\n","protected":false},"author":2,"featured_media":41105,"comment_status":"","ping_status":"","sticky":false,"template":"","format":"standard","meta":{"footnotes":""},"categories":[1588],"tags":[11,12562,1777,674,12563,12,473,1853,12564,1851,1850,1852],"class_list":{"0":"post-41104","1":"post","2":"type-post","3":"status-publish","4":"format-standard","5":"has-post-thumbnail","7":"category-royaume-uni","8":"tag-actualites","9":"tag-clodagh-rodgers","10":"tag-eu","11":"tag-europe","12":"tag-leurovision","13":"tag-news","14":"tag-royaume-uni","15":"tag-royaume-uni-de-grande-bretagne-et-dirlande-du-nord","16":"tag-sam-sorbie","17":"tag-uk","18":"tag-united-kingdom","19":"tag-united-kingdom-of-great-britain-and-northern-ireland"},"share_on_mastodon":{"url":"https:\/\/pubeurope.com\/@fr\/114375143159733439","error":""},"_links":{"self":[{"href":"https:\/\/www.europesays.com\/fr\/wp-json\/wp\/v2\/posts\/41104","targetHints":{"allow":["GET"]}}],"collection":[{"href":"https:\/\/www.europesays.com\/fr\/wp-json\/wp\/v2\/posts"}],"about":[{"href":"https:\/\/www.europesays.com\/fr\/wp-json\/wp\/v2\/types\/post"}],"author":[{"embeddable":true,"href":"https:\/\/www.europesays.com\/fr\/wp-json\/wp\/v2\/users\/2"}],"replies":[{"embeddable":true,"href":"https:\/\/www.europesays.com\/fr\/wp-json\/wp\/v2\/comments?post=41104"}],"version-history":[{"count":0,"href":"https:\/\/www.europesays.com\/fr\/wp-json\/wp\/v2\/posts\/41104\/revisions"}],"wp:featuredmedia":[{"embeddable":true,"href":"https:\/\/www.europesays.com\/fr\/wp-json\/wp\/v2\/media\/41105"}],"wp:attachment":[{"href":"https:\/\/www.europesays.com\/fr\/wp-json\/wp\/v2\/media?parent=41104"}],"wp:term":[{"taxonomy":"category","embeddable":true,"href":"https:\/\/www.europesays.com\/fr\/wp-json\/wp\/v2\/categories?post=41104"},{"taxonomy":"post_tag","embeddable":true,"href":"https:\/\/www.europesays.com\/fr\/wp-json\/wp\/v2\/tags?post=41104"}],"curies":[{"name":"wp","href":"https:\/\/api.w.org\/{rel}","templated":true}]}}