{"id":411040,"date":"2025-09-23T04:14:33","date_gmt":"2025-09-23T04:14:33","guid":{"rendered":"https:\/\/www.europesays.com\/fr\/411040\/"},"modified":"2025-09-23T04:14:33","modified_gmt":"2025-09-23T04:14:33","slug":"le-depute-ps-roger-vicot-annonce-son-desistement-a-lille","status":"publish","type":"post","link":"https:\/\/www.europesays.com\/fr\/411040\/","title":{"rendered":"le d\u00e9put\u00e9 PS Roger Vicot annonce son d\u00e9sistement \u00e0 Lille"},"content":{"rendered":"<p>Rendez\u2010vous l\u00e0 o\u00f9 tout a commenc\u00e9. Samedi, il est environ 20 heures quand Roger Vicot convie les journalistes \u00e0 le retrouver ce lundi matin pour une conf\u00e9rence de presse au Ghosn, un bar\u2010restaurant du centre\u2010ville de Lille. Une invitation qui laisse deviner d\u2019embl\u00e9e son d\u00e9sistement imminent dans la course \u00e0 la primaire socialiste.<\/p>\n<p>C\u2019est dans cette ambiance feutr\u00e9e, tout pr\u00e8s de la pr\u00e9fecture du Nord, que le d\u00e9put\u00e9 socialiste Roger Vicot a pris l\u2019habitude d\u2019organiser des temps forts autour de sa campagne en vue des municipales de mars 2026. Annonce de sa candidature \u00e0 l\u2019investiture socialiste en septembre 2023, lancement de son site internet (d\u00e9sormais hors\u2010ligne) \u201c<a href=\"https:\/\/rogervicot2026.fr\/\" target=\"_blank\" rel=\"noopener\">RogerVicot2026<\/a>\u201d en octobre 2024 et enfin invitation aux militants et sympathisants \u00e0 un ap\u00e9ro d\u2019apr\u00e8s braderie le 6 septembre dernier.<\/p>\n<p>Deux semaines plus tard, apr\u00e8s deux ans de campagne et malgr\u00e9 un pr\u00e9\u2010programme d\u2019une centaine de propositions d\u00e9j\u00e0 \u00e9crites, Roger Vicot a donc annonc\u00e9 qu\u2019il renon\u00e7ait \u00e0 la course. \u00ab\u202fSi je ne suis pas consid\u00e9r\u00e9 comme cr\u00e9dible pour le beffroi, je me retirerais\u202f\u00bb, nous avait\u2010il indiqu\u00e9 peu de temps avant le lancement d\u2019un sondage r\u00e9alis\u00e9 par l\u2019IFOP.<br \/>Un sondage d\u00e9terminant<br \/>Cette enqu\u00eate, command\u00e9e par les instances nationales du Parti socialiste, a \u00e9t\u00e9 r\u00e9alis\u00e9e durant la semaine du 8 septembre pour tester la notori\u00e9t\u00e9 des deux candidats \u00e0 l\u2019investiture socialiste et les intentions de vote \u00e0 leur \u00e9gard face aux concurrents d\u00e9j\u00e0 d\u00e9clar\u00e9s aux municipales \u00e0 Lille. \u00ab\u202fCr\u00e9dible\u202f\u00bb, \u00e7a voulait dire que Roger Vicot \u00e9tait pr\u00eat \u00e0 laisser tomber s\u2019il arrivait derri\u00e8re Arnaud Deslandes.<\/p>\n<p>Le d\u00e9put\u00e9 semble\u00a0\u2026<\/p>\n<p>Nous vous offrons l\u2019acc\u00e8s \u00e0 cet article<\/p>\n<p>Et \u00e0 toutes nos enqu\u00eates pendant deux jours\u00a0\u00a0! <br \/>Oui, on est g\u00e9n\u00e9reux \ud83d\ude09 Mais pensez aussi \u00e0 <a href=\"https:\/\/www.mediacites.fr\/sabonner\/\" target=\"_blank\" style=\"color:#fff\" rel=\"noopener\">vous abonner<\/a>\u00a0\u00a0!<\/p>\n<p>\t\tEn renseignant votre adresse, vous acceptez nos <a href=\"https:\/\/www.mediacites.fr\/conditions-generales-d-utilisation\/\" target=\"_blank\" rel=\"noopener\">conditions g\u00e9n\u00e9rales d\u2019utilisation<\/a>. <br \/>Mediacit\u00e9s s\u2019engage \u00e0 ne pas c\u00e9der votre adresse \u00e0 des tiers. En cas d\u2019\u00e9chec, \u00e9crivez \u00e0 <a href=\"https:\/\/www.mediacites.fr\/decryptage\/lille\/2025\/09\/22\/municipales-2026-le-depute-ps-roger-vicot-devrait-annoncer-son-desistement-a-lille\/mailto:contact@mediacites.fr\" target=\"_blank\" rel=\"noopener\">contact@mediacites.fr<\/a><\/p>\n<ul>\n<li>J\u2019acc\u00e8de aux 4 \u00e9ditions de Mediacit\u00e9s (Lille, Lyon, Nantes et Toulouse)<\/li>\n<li>Je d\u00e9couvre un m\u00e9dia 100 % ind\u00e9pendant, avec 0 % de publicit\u00e9<\/li>\n<\/ul>\n<p>Envie de lire la\u00a0suite\u202f?<\/p>\n<p class=\"price\">1\u20ac le premier mois<\/p>\n<p class=\"description\">Puis 7,90\u20ac par\u00a0mois<\/p>\n<p><a class=\"button button--green\" href=\"https:\/\/www.mediacites.fr\/sabonner\/?sub=55\" style=\"margin-top:22px;font-size:13px;\" target=\"_blank\" rel=\"noopener\">Je teste\u202f! <\/a><\/p>\n<ul>\n<li>Acc\u00e8s aux 4 \u00e9ditions de Mediacit\u00e9s (Lille, Lyon, Nantes et Toulouse)<\/li>\n<li>100 % ind\u00e9pendant, avec 0 % de publicit\u00e9<\/li>\n<li>R\u00e9siliation facile \u00e0 tout moment<\/li>\n<\/ul>\n<p>Mediacit\u00e9s offre l\u2019acc\u00e8s \u00e0 cet article aux lecteurs de News2Com<\/p>\n<p>Et \u00e0 toutes nos enqu\u00eates pendant deux jours\u00a0\u00a0! <br \/>Oui, on est g\u00e9n\u00e9reux \ud83d\ude09 Mais pensez aussi \u00e0 <a href=\"https:\/\/www.mediacites.fr\/sabonner\/\" target=\"_blank\" style=\"color:#fff\" rel=\"noopener\">vous abonner<\/a>\u00a0\u00a0!<\/p>\n<p>\t\tEn renseignant votre adresse, vous acceptez nos <a href=\"https:\/\/www.mediacites.fr\/conditions-generales-d-utilisation\/\" target=\"_blank\" rel=\"noopener\">conditions g\u00e9n\u00e9rales d\u2019utilisation<\/a>. <br \/>Mediacit\u00e9s s\u2019engage \u00e0 ne pas c\u00e9der votre adresse \u00e0 des tiers. En cas d\u2019\u00e9chec, \u00e9crivez \u00e0 <a href=\"https:\/\/www.mediacites.fr\/decryptage\/lille\/2025\/09\/22\/municipales-2026-le-depute-ps-roger-vicot-devrait-annoncer-son-desistement-a-lille\/mailto:contact@mediacites.fr\" target=\"_blank\" rel=\"noopener\">contact@mediacites.fr<\/a><\/p>\n<ul>\n<li>J\u2019acc\u00e8de aux 4 \u00e9ditions de Mediacit\u00e9s (Lille, Lyon, Nantes et Toulouse)<\/li>\n<li>Je d\u00e9couvre un m\u00e9dia 100 % ind\u00e9pendant, avec 0 % de publicit\u00e9<\/li>\n<\/ul>\n","protected":false},"excerpt":{"rendered":"Rendez\u2010vous l\u00e0 o\u00f9 tout a commenc\u00e9. Samedi, il est environ 20 heures quand Roger Vicot convie les journalistes&hellip;\n","protected":false},"author":2,"featured_media":411041,"comment_status":"","ping_status":"","sticky":false,"template":"","format":"standard","meta":{"footnotes":""},"categories":[2815],"tags":[1111,11,54232,16403,1777,674,1011,27,811,1307,15626,3434,12,3541,25,54233],"class_list":{"0":"post-411040","1":"post","2":"type-post","3":"status-publish","4":"format-standard","5":"has-post-thumbnail","7":"category-lille","8":"tag-actu","9":"tag-actualites","10":"tag-arnaud-deslandes","11":"tag-decryptage","12":"tag-eu","13":"tag-europe","14":"tag-fr","15":"tag-france","16":"tag-hauts-de-france","17":"tag-lille","18":"tag-martine-aubry","19":"tag-municipales-2026","20":"tag-news","21":"tag-parti-socialiste","22":"tag-republique-francaise","23":"tag-roger-vicot"},"share_on_mastodon":{"url":"https:\/\/pubeurope.com\/@fr\/115251672740649548","error":""},"_links":{"self":[{"href":"https:\/\/www.europesays.com\/fr\/wp-json\/wp\/v2\/posts\/411040","targetHints":{"allow":["GET"]}}],"collection":[{"href":"https:\/\/www.europesays.com\/fr\/wp-json\/wp\/v2\/posts"}],"about":[{"href":"https:\/\/www.europesays.com\/fr\/wp-json\/wp\/v2\/types\/post"}],"author":[{"embeddable":true,"href":"https:\/\/www.europesays.com\/fr\/wp-json\/wp\/v2\/users\/2"}],"replies":[{"embeddable":true,"href":"https:\/\/www.europesays.com\/fr\/wp-json\/wp\/v2\/comments?post=411040"}],"version-history":[{"count":0,"href":"https:\/\/www.europesays.com\/fr\/wp-json\/wp\/v2\/posts\/411040\/revisions"}],"wp:featuredmedia":[{"embeddable":true,"href":"https:\/\/www.europesays.com\/fr\/wp-json\/wp\/v2\/media\/411041"}],"wp:attachment":[{"href":"https:\/\/www.europesays.com\/fr\/wp-json\/wp\/v2\/media?parent=411040"}],"wp:term":[{"taxonomy":"category","embeddable":true,"href":"https:\/\/www.europesays.com\/fr\/wp-json\/wp\/v2\/categories?post=411040"},{"taxonomy":"post_tag","embeddable":true,"href":"https:\/\/www.europesays.com\/fr\/wp-json\/wp\/v2\/tags?post=411040"}],"curies":[{"name":"wp","href":"https:\/\/api.w.org\/{rel}","templated":true}]}}