{"id":411048,"date":"2025-09-23T04:18:11","date_gmt":"2025-09-23T04:18:11","guid":{"rendered":"https:\/\/www.europesays.com\/fr\/411048\/"},"modified":"2025-09-23T04:18:11","modified_gmt":"2025-09-23T04:18:11","slug":"comment-le-cocon-veut-soulager-les-aidants-dans-lest-lyonnais","status":"publish","type":"post","link":"https:\/\/www.europesays.com\/fr\/411048\/","title":{"rendered":"comment Le Cocon veut soulager les aidants dans l\u2019Est lyonnais"},"content":{"rendered":"<p>Install\u00e9e au c\u0153ur de la r\u00e9sidence Marianne, la maison des aidants Le Cocon se veut un espace chaleureux, d\u2019\u00e9coute et de soutien. Une \u00e9quipe pluridisciplinaire y propose accompagnement administratif et juridique, soutien psychologique, formations adapt\u00e9es, activit\u00e9s de d\u00e9tente et de loisirs, ainsi qu\u2019une chambre de r\u00e9pit.<\/p>\n<p>\u00ab\u00a0Le Cocon, structure simple et efficace, et surtout humaine, a \u00e9t\u00e9 pens\u00e9 comme un endroit refuge et&#8230;<\/p>\n","protected":false},"excerpt":{"rendered":"Install\u00e9e au c\u0153ur de la r\u00e9sidence Marianne, la maison des aidants Le Cocon se veut un espace chaleureux,&hellip;\n","protected":false},"author":2,"featured_media":411049,"comment_status":"","ping_status":"","sticky":false,"template":"","format":"standard","meta":{"footnotes":""},"categories":[1889],"tags":[1111,11,2430,3152,1777,674,1011,27,2428,21446,12,18283,25,2429,71,3151,801],"class_list":{"0":"post-411048","1":"post","2":"type-post","3":"status-publish","4":"format-standard","5":"has-post-thumbnail","7":"category-lyon","8":"tag-actu","9":"tag-actualites","10":"tag-auvergne-rhone-alpes","11":"tag-edition-est-lyonnais","12":"tag-eu","13":"tag-europe","14":"tag-fr","15":"tag-france","16":"tag-lyon","17":"tag-mions","18":"tag-news","19":"tag-plaine-de-lest","20":"tag-republique-francaise","21":"tag-rhone","22":"tag-sante","23":"tag-selection-de-la-redaction-69","24":"tag-social"},"share_on_mastodon":{"url":"https:\/\/pubeurope.com\/@fr\/115251688413239087","error":""},"_links":{"self":[{"href":"https:\/\/www.europesays.com\/fr\/wp-json\/wp\/v2\/posts\/411048","targetHints":{"allow":["GET"]}}],"collection":[{"href":"https:\/\/www.europesays.com\/fr\/wp-json\/wp\/v2\/posts"}],"about":[{"href":"https:\/\/www.europesays.com\/fr\/wp-json\/wp\/v2\/types\/post"}],"author":[{"embeddable":true,"href":"https:\/\/www.europesays.com\/fr\/wp-json\/wp\/v2\/users\/2"}],"replies":[{"embeddable":true,"href":"https:\/\/www.europesays.com\/fr\/wp-json\/wp\/v2\/comments?post=411048"}],"version-history":[{"count":0,"href":"https:\/\/www.europesays.com\/fr\/wp-json\/wp\/v2\/posts\/411048\/revisions"}],"wp:featuredmedia":[{"embeddable":true,"href":"https:\/\/www.europesays.com\/fr\/wp-json\/wp\/v2\/media\/411049"}],"wp:attachment":[{"href":"https:\/\/www.europesays.com\/fr\/wp-json\/wp\/v2\/media?parent=411048"}],"wp:term":[{"taxonomy":"category","embeddable":true,"href":"https:\/\/www.europesays.com\/fr\/wp-json\/wp\/v2\/categories?post=411048"},{"taxonomy":"post_tag","embeddable":true,"href":"https:\/\/www.europesays.com\/fr\/wp-json\/wp\/v2\/tags?post=411048"}],"curies":[{"name":"wp","href":"https:\/\/api.w.org\/{rel}","templated":true}]}}