{"id":411056,"date":"2025-09-23T04:23:24","date_gmt":"2025-09-23T04:23:24","guid":{"rendered":"https:\/\/www.europesays.com\/fr\/411056\/"},"modified":"2025-09-23T04:23:24","modified_gmt":"2025-09-23T04:23:24","slug":"en-pleine-tournee-triomphale-panayotis-pascot-ajoute-des-dates-a-lodeon-pour-noel","status":"publish","type":"post","link":"https:\/\/www.europesays.com\/fr\/411056\/","title":{"rendered":"En pleine tourn\u00e9e triomphale, Panayotis Pascot ajoute des dates \u00e0 l\u2019Od\u00e9on pour No\u00ebl"},"content":{"rendered":"<p class=\"paragraph text_align_left lp-f-body-02\">Vid\u00e9aste, chroniqueur t\u00e9l\u00e9, humoriste, com\u00e9dien, sc\u00e9nariste, r\u00e9alisateur, show runner, romancier\u2026 \u00c0 27 ans, l\u2019ultra-dou\u00e9 touche-\u00e0-tout <a href=\"https:\/\/www.leparisien.fr\/culture-loisirs\/humour\/panayotis-pascot-remet-son-costume-dhumoriste-ce-spectacle-cest-vraiment-une-pulsion-de-vie-02-12-2024-K3MUXYZLRRDFFKR67QJM4CLR6Q.php\" target=\"_blank\" rel=\"noreferrer nofollow noopener\">Panayotis Pascot<\/a> va bient\u00f4t pouvoir ajouter une ligne \u00e0 <a href=\"https:\/\/www.leparisien.fr\/culture-loisirs\/panayotis-pascot-l-art-de-sortir-du-lot-31-10-2019-8183667.php\" target=\"_blank\" rel=\"noreferrer nofollow noopener\">son d\u00e9j\u00e0 \u00e9pais CV<\/a>. Le 30 septembre prochain, il lance en kiosque une revue, baptis\u00e9e \u00ab Entre les deux \u00bb (154 pages, 19,90\u20ac), le nom de son deuxi\u00e8me spectacle. Comme dans son (brillant) one-man-show, il y parle de cette p\u00e9riode o\u00f9 l\u2019on n\u2019est plus un enfant, mais o\u00f9 l\u2019on n\u2019en a pas encore.<\/p>\n<p>Une revue qui ravira les fans<\/p>\n<p class=\"paragraph text_align_left lp-f-body-02\">Un \u00e9l\u00e9gant magazine, sorte de compl\u00e9ment papier de sa performance sc\u00e9nique, dans lequel l\u2019artiste \u2212 qui s\u2019est d\u00e9j\u00e0 fait un nom dans l\u2019\u00e9dition avec le succ\u00e8s ph\u00e9nom\u00e9nal (400 000 exemplaires vendus) de son premier r\u00e9cit, <a href=\"https:\/\/www.leparisien.fr\/culture-loisirs\/livres\/le-phenomene-panayotis-pascot-numero-1-des-ventes-en-librairie-un-livre-qui-aide-a-saccepter-soi-meme-01-10-2023-RWYOUABDTVF6VEXFPFD64J6YOM.php\" target=\"_blank\" rel=\"noreferrer nofollow noopener\">\u00ab La Prochaine fois que tu mordras la poussi\u00e8re \u00bb<\/a> -, interroge aussi bien sa ni\u00e8ce de 6 ans que la com\u00e9dienne Agn\u00e8s Jaoui ou le rappeur belge Damso. Une revue tr\u00e8s joliment illustr\u00e9e, au ton po\u00e9tiquement d\u00e9cal\u00e9, qui ravira les fans de l\u2019humoriste.<\/p>\n<p class=\"paragraph text_align_left lp-f-body-02\">Et bonne nouvelle pour ceux qui n\u2019ont pas encore vu son deuxi\u00e8me seul en sc\u00e8ne : alors que Panayotis Pascot ach\u00e8vera d\u00e9but octobre une s\u00e9rie de dates \u00e0 guichets ferm\u00e9s \u00e0 Bobino (Paris XIVe), et avant d\u2019investir l\u2019Olympia (IXe) en janvier, il annonce ces jours-ci de nouvelles dates dans l\u2019enceinte prestigieuse de l\u2019Od\u00e9on (VIe), temple du th\u00e9\u00e2tre public parisien qui n\u2019a pas l\u2019habitude d\u2019accueillir des spectacles de stand-up. Il s\u2019y produira du 26 au 31 d\u00e9cembre.<\/p>\n<p>Un second opus moins m\u00e9lancolique que le premier<\/p>\n<p class=\"paragraph text_align_left lp-f-body-02\">Avec \u00ab Entre les deux \u00bb, son deuxi\u00e8me show de stand-up, Panayotis Pascot, confirme sa propension \u00e0 introduire une intense lumi\u00e8re dans une th\u00e9matique &#8211; le d\u00e9senchantement de l\u2019entr\u00e9e \u00e0 l\u2019\u00e2ge adulte &#8211; qui pourrait \u00eatre tr\u00e8s sombre sur le papier. Ne pas (totalement) se fier \u00e0 des phrases prononc\u00e9es dans le spectacle, comme \u00ab la vie, c\u2019est pas ouf \u00bb : moins m\u00e9lancolique que le premier, le show d\u00e9borde d\u2019humour, d\u2019humeur. De vie.<\/p>\n<p class=\"paragraph text_align_left lp-f-body-02\">On rit, beaucoup, m\u00eame quand il s\u2019agit de parler de moments durs. La d\u00e9pression qui l\u2019a fauch\u00e9 en plein vol en 2023 et l\u2019a isol\u00e9 du reste du monde comme \u00ab une \u00eele sans pont \u00bb ? Il ne l\u2019esquive pas, mais danse avec elle, fait mine de la confondre avec un canap\u00e9 hypermoelleux, en surligne avec brio les absurdit\u00e9s, les hypocrisies. \u00ab Vous avez d\u00e9j\u00e0 r\u00e9pondu non \u00e0 la question \u00e7a va ? Essayez ! \u00bb exhorte-t-il.<\/p>\n<p>Il transforme ses id\u00e9es noires en sketchs color\u00e9s<\/p>\n<p class=\"paragraph text_align_left lp-f-body-02\">Ses r\u00e9centes visites chez les psys &#8211; il en voit trois en m\u00eame temps, nous apprend-il &#8211; donnent naissance \u00e0 certains passages parmi les plus dr\u00f4les du spectacle. Alchimiste du rire, Panayotis Pascot transforme ses id\u00e9es noires en sketchs color\u00e9s. R\u00e9jouissant.<\/p>\n<p class=\"paragraph text_align_left lp-f-body-02\">Apr\u00e8s un premier spectacle pass\u00e9 \u00e0 diss\u00e9quer la mort de l\u2019enfance, \u00e0 scanner sans complaisance, mais avec tendresse, la figure paternelle, Panayotis Pascot part ici en exploration d\u2019un monde adulte escort\u00e9 de ses coups durs, de ses banales d\u00e9ceptions comme\u2026 l\u2019imminence d\u2019une calvitie, et analyse en profondeur son envie de devenir p\u00e8re, lui qui gal\u00e8re d\u00e9j\u00e0 \u00e0 s\u2019occuper de son chat.<\/p>\n<p class=\"paragraph text_align_left lp-f-body-02\"><b>PODCAST. Panayotis Pascot, itin\u00e9raire d\u2019un humoriste tourment\u00e9<\/b><\/p>\n<p class=\"paragraph text_align_left lp-f-body-02\">Papa d\u00e8s 27 ans ? Oui\u2026 enfin, non. En couple avec un homme, Panayotis Pascot rappelle qu\u2019il faut \u00ab cinq ans en moyenne \u00bb \u00e0 un couple gay pour acc\u00e9der \u00e0 la parentalit\u00e9. \u00ab Ce sont des temporalit\u00e9s qui n\u2019ont aucun sens \u00bb, observe l\u2019humoriste.<\/p>\n<p class=\"paragraph text_align_left lp-f-body-02\">Et en cas de GPA (gestation pour autrui), dilemme. Qui sera le donneur ? \u00ab Quels g\u00e8nes on choisit pour l\u2019enfant ? \u00bb, reformule-t-il sur sc\u00e8ne. Vertigineuse question, propice \u00e0 de r\u00e9jouissantes digressions g\u00e9n\u00e9tico-historiques enrob\u00e9es du d\u00e9bat l\u2019opposant \u00e0 son mec sur \u00ab l\u2019\u00e9ducation potentielle d\u2019un enfant qui n\u2019existe pas \u00bb.<\/p>\n<p class=\"paragraph text_align_left lp-f-body-02\">Solaire et enveloppant, Panayotis Pascot amplifie dans le jeu une originalit\u00e9 rafra\u00eechissante \u00e0 laquelle il greffe un positionnement plus ancr\u00e9, plus adulte, que dans son premier spectacle. L\u2019affirmation d\u2019un artiste singulier aux talents pluriels.<\/p>\n<p>La note de la r\u00e9daction :<\/p>\n<p>\u00ab Entre les deux \u00bb, spectacle de Panayotis Pascot \u00e0 Bobino (XIVe) jusqu\u2019au 4 octobre (complet), puis \u00e0 l\u2019Od\u00e9on (VIe) du 26 au 31 d\u00e9cembre, et l\u2019Olympia (IXe) du 20 au 24 janvier. En tourn\u00e9e 2025-2026.<\/p>\n","protected":false},"excerpt":{"rendered":"Vid\u00e9aste, chroniqueur t\u00e9l\u00e9, humoriste, com\u00e9dien, sc\u00e9nariste, r\u00e9alisateur, show runner, romancier\u2026 \u00c0 27 ans, l\u2019ultra-dou\u00e9 touche-\u00e0-tout Panayotis Pascot va&hellip;\n","protected":false},"author":2,"featured_media":411057,"comment_status":"","ping_status":"","sticky":false,"template":"","format":"standard","meta":{"footnotes":""},"categories":[1888],"tags":[11,1687,1777,674,1011,27,708,12,626,25],"class_list":{"0":"post-411056","1":"post","2":"type-post","3":"status-publish","4":"format-standard","5":"has-post-thumbnail","7":"category-paris","8":"tag-actualites","9":"tag-culture-loisirs","10":"tag-eu","11":"tag-europe","12":"tag-fr","13":"tag-france","14":"tag-humour","15":"tag-news","16":"tag-paris","17":"tag-republique-francaise"},"share_on_mastodon":{"url":"https:\/\/pubeurope.com\/@fr\/115251708353655112","error":""},"_links":{"self":[{"href":"https:\/\/www.europesays.com\/fr\/wp-json\/wp\/v2\/posts\/411056","targetHints":{"allow":["GET"]}}],"collection":[{"href":"https:\/\/www.europesays.com\/fr\/wp-json\/wp\/v2\/posts"}],"about":[{"href":"https:\/\/www.europesays.com\/fr\/wp-json\/wp\/v2\/types\/post"}],"author":[{"embeddable":true,"href":"https:\/\/www.europesays.com\/fr\/wp-json\/wp\/v2\/users\/2"}],"replies":[{"embeddable":true,"href":"https:\/\/www.europesays.com\/fr\/wp-json\/wp\/v2\/comments?post=411056"}],"version-history":[{"count":0,"href":"https:\/\/www.europesays.com\/fr\/wp-json\/wp\/v2\/posts\/411056\/revisions"}],"wp:featuredmedia":[{"embeddable":true,"href":"https:\/\/www.europesays.com\/fr\/wp-json\/wp\/v2\/media\/411057"}],"wp:attachment":[{"href":"https:\/\/www.europesays.com\/fr\/wp-json\/wp\/v2\/media?parent=411056"}],"wp:term":[{"taxonomy":"category","embeddable":true,"href":"https:\/\/www.europesays.com\/fr\/wp-json\/wp\/v2\/categories?post=411056"},{"taxonomy":"post_tag","embeddable":true,"href":"https:\/\/www.europesays.com\/fr\/wp-json\/wp\/v2\/tags?post=411056"}],"curies":[{"name":"wp","href":"https:\/\/api.w.org\/{rel}","templated":true}]}}