{"id":411058,"date":"2025-09-23T04:24:12","date_gmt":"2025-09-23T04:24:12","guid":{"rendered":"https:\/\/www.europesays.com\/fr\/411058\/"},"modified":"2025-09-23T04:24:12","modified_gmt":"2025-09-23T04:24:12","slug":"paris-suspendues-les-soirees-gang-bang-du-xve-se-delocalisent-dans-les-parkings-et-les-cinemas","status":"publish","type":"post","link":"https:\/\/www.europesays.com\/fr\/411058\/","title":{"rendered":"Paris\u00a0: suspendues, les soir\u00e9es gang bang du XVe se d\u00e9localisent dans les parkings et les cin\u00e9mas"},"content":{"rendered":"<p class=\"paragraph text_align_left lp-f-body-02\">Un parking, une cave, un cin\u00e9ma, un bois\u2026 \u00c0 d\u00e9faut de pouvoir continuer \u00e0 organiser <a href=\"https:\/\/www.leparisien.fr\/paris-75\/paris-les-soirees-gang-bangs-du-xve-pourraient-bientot-accueillir-plus-de-monde-au-grand-dam-des-riverains-08-02-2025-OIKTDUKXLBDZBP42NIDEUBBTW4.php\" target=\"_self\" rel=\"nofollow noopener\">ses soir\u00e9es gang bang rue d\u2019Alleray<\/a>, \u00e0 Paris (XVe), le \u00ab Z \u00bb, patron de la Factory qui a d\u00fb fermer temporairement ses portes, multiplie aujourd\u2019hui les prestations \u00ab hors-les-murs \u00bb.<\/p>\n<p class=\"paragraph text_align_left lp-f-body-02\">Une dizaine \u00ab d\u2019\u00e9v\u00e9nements \u00bb \u00e0 80 euros l\u2019inscription sont d\u00e9j\u00e0 book\u00e9s jusqu\u2019\u00e0 mi-novembre, date \u00e0 laquelle il esp\u00e8re pouvoir reprendre son <a href=\"https:\/\/www.leparisien.fr\/paris-75\/une-horde-dhommes-en-rut-des-gang-bangs-payants-organises-sans-crainte-dans-un-immeuble-de-paris-16-11-2024-FIJTMNYBYFASNHNIIS7JTGQ7OI.php\" target=\"_self\" rel=\"nofollow noopener\">activit\u00e9 orgiaque, mais l\u00e9gale, dans son local commercial<\/a> situ\u00e9 au sous-sol d\u2019une cossue r\u00e9sidence parisienne \u00e0 10 000 euros le m2. \u00ab On aimerait tellement qu\u2019il ne rouvre jamais \u00bb, soupire une voisine du dessus.<\/p>\n<p>\u00ab Culture du viol collectif \u00bb<\/p>\n<p class=\"paragraph text_align_left lp-f-body-02\">Mais le business est florissant pour cette pratique sexuelle que les voisins apparentent \u00e0 \u00ab une culture du viol collectif \u00bb. La plupart des dates du \u00ab Z \u00bb affichent complet. Au programme du vendredi 19 septembre figurait ainsi un kidnapping \u00ab <a href=\"https:\/\/www.leparisien.fr\/paris-75\/paris-dans-les-gang-bangs-du-xve-aucun-jeu-non-consenti-se-defend-lorganisateur-traque-par-les-autorites-04-12-2024-LTSQ42TX35G2LBSYT4IYLV7DDI.php\" target=\"_self\" rel=\"nofollow noopener\">consenti et longuement m\u00fbri et r\u00e9fl\u00e9chi<\/a> \u00bb de celle que le \u00ab Z \u00bb surnomme \u00ab Petite Poup\u00e9e \u00bb.<\/p>\n<p class=\"paragraph text_align_left lp-f-body-02\">Le rendez-vous \u00e9tait fix\u00e9 dans le centre de Paris pour les deux premiers hommes charg\u00e9s d\u2019enlever la belle dans une camionnette puis de la cagouler, de la menotter et de la d\u00e9shabiller.<\/p>\n<p class=\"paragraph text_align_left lp-f-body-02\">Avant de la d\u00e9poser \u00ab dans une cave humide de Paris \u00bb pour \u00eatre \u00ab livr\u00e9e \u00e0 trois mecs \u00bb, qui eux aussi ont pay\u00e9 80 euros. \u00ab Chacun lui donnera un code une fois qu\u2019il aura joui \u00bb, d\u00e9taillait le sc\u00e9nario, permettant \u00e0 \u00ab Petite Poup\u00e9e \u00bb de passer \u00e0 l\u2019\u00e9tape suivante de sa nuit. Une dizaine d\u2019hommes devaient ensuite se relayer pour le gang bang matinal.<\/p>\n<p>Lieux publics<\/p>\n<p class=\"paragraph text_align_left lp-f-body-02\">Ces prochains jours, Mona sera \u00e0 son tour soumise \u00e0 quatre hommes \u00ab dans les m\u00e9andres d\u2019un immense parking parisien, et il faudra \u00eatre rapide et discret \u00bb, pr\u00e9vient \u00ab Z \u00bb. Ce mardi, c\u2019est dans un cin\u00e9ma parisien que B\u00e9linda offrira son corps. Puis jeudi, deux \u00e9v\u00e9nements sont pr\u00e9vus chez l\u2019habitant, dont un dans le XVIe arrondissement.<\/p>\n<p class=\"paragraph text_align_left lp-f-body-02\">Parfois dans une chambre, dans un lieu public, ou un appartement lou\u00e9 pour l\u2019occasion\u2026 \u00ab Malgr\u00e9 la <a href=\"https:\/\/www.leparisien.fr\/paris-75\/nous-continuerons-mais-differemment-a-paris-coup-darret-aux-soirees-gang-bangs-du-xve-09-08-2025-ZJLLNW4WTJHQFMZW2WIW4NCY2M.php\" target=\"_self\" rel=\"nofollow noopener\">fermeture de la Factory, nous continuons les gangs bangs<\/a> \u00bb, promettait le \u00ab Z \u00bb aux 6 000 abonn\u00e9s de son groupe sur l\u2019application Telegram, lorsqu\u2019il avait \u00e9t\u00e9 contraint de fermer son lieu de d\u00e9bauche.<\/p>\n<p class=\"paragraph text_align_left lp-f-body-02\">Dans une lettre du 4 ao\u00fbt, la pr\u00e9fecture de police de Paris avait \u00ab inform\u00e9 l\u2019exploitant du refus de sa demande de d\u00e9rogation d\u2019accessibilit\u00e9 et, en cons\u00e9quence, de l\u2019interdiction d\u2019accueil du public dans son \u00e9tablissement \u00bb du XVe arrondissement, indique l\u2019instance polici\u00e8re.<\/p>\n<p class=\"paragraph text_align_left lp-f-body-02\">Une premi\u00e8re victoire pour les autorit\u00e9s, apr\u00e8s plus d\u2019un an de recherches pour trouver la faille et fermer ces locaux commerciaux \u2014 autrefois espace de stockage \u2014 qui jouxtent le parking souterrain de la cinquantaine d\u2019habitants de la copropri\u00e9t\u00e9. Ces derniers r\u00e9clament une action des pouvoirs publics.<\/p>\n<p>La Factory doit rouvrir cet automne<\/p>\n<p class=\"paragraph text_align_left lp-f-body-02\">Mais \u00ab apr\u00e8s mise aux normes administratives, la Factory rouvrira ses portes aux alentours de novembre, voire plus t\u00f4t si on s\u2019en sort bien \u00bb, continue d\u2019annoncer le \u00ab Z \u00bb sur son site Internet qui vante les 300 \u00e9v\u00e9nements organis\u00e9s par an dans ce local.<\/p>\n<p class=\"paragraph text_align_left lp-f-body-02\">\u00ab L\u2019organisateur joue avec les r\u00e8gles administratives, la morale et les lois, mart\u00e8le-t-on du c\u00f4t\u00e9 des autorit\u00e9s. Il flirte en permanence avec la ligne, mais nous poursuivrons notre travail pour qu\u2019il finisse par arr\u00eater. \u00bb \u00ab Il a re\u00e7u un redressement de plus de 7 000 euros \u00bb, indique sur X Anthony Samama, adjoint au maire du XVe en charge de la s\u00e9curit\u00e9.<\/p>\n<p class=\"paragraph text_align_left lp-f-body-02\">Du c\u00f4t\u00e9 de la copropri\u00e9t\u00e9, en litige avec la paire form\u00e9e par le \u00ab Z \u00bb, exploitant, et le propri\u00e9taire du local, fils d\u2019un m\u00e9decin c\u00e9l\u00e8bre pour ses r\u00e9gimes, on esp\u00e8re ne pas perdre les proc\u00e9dures en cours. \u00ab Il r\u00e9clame un am\u00e9nagement de notre r\u00e9sidence pour avoir un meilleur acc\u00e8s, et que les travaux soient r\u00e9alis\u00e9s \u00e0 nos frais \u00e0 nous, habitants de l\u2019immeuble \u00bb, peste un p\u00e8re de famille vivant dans les \u00e9tages.<\/p>\n<p class=\"paragraph text_align_left lp-f-body-02\">\u00ab Et si le Z obtient gain de cause, les autorit\u00e9s ne pourraient plus trouver \u00e0 redire \u00e0 son activit\u00e9 \u00bb, pr\u00e9dit un voisin.<\/p>\n","protected":false},"excerpt":{"rendered":"Un parking, une cave, un cin\u00e9ma, un bois\u2026 \u00c0 d\u00e9faut de pouvoir continuer \u00e0 organiser ses soir\u00e9es gang&hellip;\n","protected":false},"author":2,"featured_media":411059,"comment_status":"","ping_status":"","sticky":false,"template":"","format":"standard","meta":{"footnotes":""},"categories":[1888],"tags":[11,1777,674,1011,27,1944,12,626,25],"class_list":{"0":"post-411058","1":"post","2":"type-post","3":"status-publish","4":"format-standard","5":"has-post-thumbnail","7":"category-paris","8":"tag-actualites","9":"tag-eu","10":"tag-europe","11":"tag-fr","12":"tag-france","13":"tag-ma-ville","14":"tag-news","15":"tag-paris","16":"tag-republique-francaise"},"share_on_mastodon":{"url":"https:\/\/pubeurope.com\/@fr\/115251712067804790","error":""},"_links":{"self":[{"href":"https:\/\/www.europesays.com\/fr\/wp-json\/wp\/v2\/posts\/411058","targetHints":{"allow":["GET"]}}],"collection":[{"href":"https:\/\/www.europesays.com\/fr\/wp-json\/wp\/v2\/posts"}],"about":[{"href":"https:\/\/www.europesays.com\/fr\/wp-json\/wp\/v2\/types\/post"}],"author":[{"embeddable":true,"href":"https:\/\/www.europesays.com\/fr\/wp-json\/wp\/v2\/users\/2"}],"replies":[{"embeddable":true,"href":"https:\/\/www.europesays.com\/fr\/wp-json\/wp\/v2\/comments?post=411058"}],"version-history":[{"count":0,"href":"https:\/\/www.europesays.com\/fr\/wp-json\/wp\/v2\/posts\/411058\/revisions"}],"wp:featuredmedia":[{"embeddable":true,"href":"https:\/\/www.europesays.com\/fr\/wp-json\/wp\/v2\/media\/411059"}],"wp:attachment":[{"href":"https:\/\/www.europesays.com\/fr\/wp-json\/wp\/v2\/media?parent=411058"}],"wp:term":[{"taxonomy":"category","embeddable":true,"href":"https:\/\/www.europesays.com\/fr\/wp-json\/wp\/v2\/categories?post=411058"},{"taxonomy":"post_tag","embeddable":true,"href":"https:\/\/www.europesays.com\/fr\/wp-json\/wp\/v2\/tags?post=411058"}],"curies":[{"name":"wp","href":"https:\/\/api.w.org\/{rel}","templated":true}]}}