{"id":411067,"date":"2025-09-23T04:29:13","date_gmt":"2025-09-23T04:29:13","guid":{"rendered":"https:\/\/www.europesays.com\/fr\/411067\/"},"modified":"2025-09-23T04:29:13","modified_gmt":"2025-09-23T04:29:13","slug":"la-police-soupconne-un-sabotage-politique-dune-voie-ferre-2","status":"publish","type":"post","link":"https:\/\/www.europesays.com\/fr\/411067\/","title":{"rendered":"La police soup\u00e7onne un sabotage \u00ab politique \u00bb d\u2019une voie ferr\u00e9"},"content":{"rendered":"<p class=\"mb-4 text-lg md:leading-8 break-words\"><strong>L\u2019ombre russe &#8211; L\u2019Allemagne fait face \u00e0 une multiplication des actes de sabotage visant ses infrastructures, notamment des c\u00e2bles sectionn\u00e9s qui ont perturb\u00e9 le transport ferroviaire r\u00e9gional dans l\u2019ouest du pays<\/strong><\/p>\n<p class=\"mb-4 text-lg md:leading-8 break-words\">Ces c\u00e2bles sectionn\u00e9s avaient entra\u00een\u00e9 d\u2019importantes perturbations du transport ferroviaire r\u00e9gional dans l\u2019ouest du pays. La police <a href=\"https:\/\/www.20minutes.fr\/dossier\/allemagne?at_medium=RSS%20feed&amp;at_campaign=ynews&amp;utm_source=yahoo&amp;utm_medium=rss&amp;utm_campaign=news_feed&amp;utm_content=in_article_link\" rel=\"nofollow noopener\" target=\"_blank\" data-ylk=\"slk:allemande;elm:context_link;itc:0;sec:content-canvas\" class=\"link \">allemande<\/a> enqu\u00eate ce lundi sur un possible \u00ab\u00a0motif politique\u00a0\u00bb apr\u00e8s cet acte de <a href=\"https:\/\/www.20minutes.fr\/dossier\/sabotage?at_medium=RSS%20feed&amp;at_campaign=ynews&amp;utm_source=yahoo&amp;utm_medium=rss&amp;utm_campaign=news_feed&amp;utm_content=in_article_link\" rel=\"nofollow noopener\" target=\"_blank\" data-ylk=\"slk:sabotage;elm:context_link;itc:0;sec:content-canvas\" class=\"link \">sabotage<\/a>. Les d\u00e9gradations d\u2019infrastructures publiques se sont multipli\u00e9es ces derniers mois dans le pays.<\/p>\n<p class=\"mb-4 text-lg md:leading-8 break-words\">L\u2019Allemagne, qui est l\u2019un des plus fervents soutiens de l\u2019<a href=\"https:\/\/www.20minutes.fr\/monde\/ukraine\/?at_medium=RSS%20feed&amp;at_campaign=ynews&amp;utm_source=yahoo&amp;utm_medium=rss&amp;utm_campaign=news_feed&amp;utm_content=in_article_link\" rel=\"nofollow noopener\" target=\"_blank\" data-ylk=\"slk:Ukraine;elm:context_link;itc:0;sec:content-canvas\" class=\"link \">Ukraine<\/a> depuis l\u2019invasion de cette derni\u00e8re par la <a href=\"https:\/\/www.20minutes.fr\/monde\/russie\/?at_medium=RSS%20feed&amp;at_campaign=ynews&amp;utm_source=yahoo&amp;utm_medium=rss&amp;utm_campaign=news_feed&amp;utm_content=in_article_link\" rel=\"nofollow noopener\" target=\"_blank\" data-ylk=\"slk:Russie;elm:context_link;itc:0;sec:content-canvas\" class=\"link \">Russie<\/a> en f\u00e9vrier\u00a02022, est particuli\u00e8rement en alerte face \u00e0 la menace russe. Il accuse Moscou de mener des op\u00e9rations de sabotage dans le cadre de la guerre \u00ab\u00a0hybride\u00a0\u00bb que le pays dirig\u00e9 par Poutine est suspect\u00e9 de mener contre l\u2019Occident.<\/p>\n<p>\u00ab\u00a0Ne devenez pas un agent jetable\u00a0\u00bb<\/p>\n<p class=\"mb-4 text-lg md:leading-8 break-words\">La semaine pass\u00e9e, les renseignements allemands avaient fait \u00e9tat d\u2019un nouveau record de d\u00e9g\u00e2ts caus\u00e9s \u00e0 l\u2019\u00e9conomie allemande par des cyberattaques ou des sabotages en\u00a02025, pour un montant de 289,2\u00a0milliards d\u2019euros. Ils avaient point\u00e9 les responsabilit\u00e9s russes mais aussi chinoises.<\/p>\n<p class=\"mb-4 text-lg md:leading-8 break-words\">Le 9 septembre dernier, l\u2019incendie de deux pyl\u00f4nes \u00e9lectriques dans un secteur excentr\u00e9 de Berlin avait priv\u00e9 d\u2019\u00e9lectricit\u00e9 environ 50.000 particuliers et professionnels jusqu\u2019\u00e0 plusieurs jours. L\u00e0 encore, la police avait soup\u00e7onn\u00e9 un acte criminel. Un acte revendiqu\u00e9 par des militants antimilitaristes.<\/p>\n<p><a href=\"https:\/\/www.20minutes.fr\/monde\/ukraine\/\" rel=\"nofollow noopener\" target=\"_blank\" data-ylk=\"slk:Notre dossier sur la guerre en Ukraine;elm:context_link;itc:0;sec:content-canvas\" class=\"link \">Notre dossier sur la guerre en Ukraine<\/a><\/p>\n<p class=\"mb-4 text-lg md:leading-8 break-words\">D\u00e9but septembre, les autorit\u00e9s allemandes ont m\u00eame lanc\u00e9 une campagne d\u2019information sur les efforts de recrutement des services secrets russes sur les r\u00e9seaux sociaux. \u00ab\u00a0Ne devenez pas un agent je(&#8230;)<\/p>\n<p class=\"mb-4 text-lg md:leading-8 break-words\"><a href=\"https:\/\/www.20minutes.fr\/monde\/ukraine\/4174601-20250922-allemagne-police-soupconne-sabotage-politique-voie-ferre?at_medium=RSS%20feed&amp;at_campaign=ynews&amp;utm_source=yahoo&amp;utm_medium=rss&amp;utm_campaign=news_feed&amp;utm_content=read_more_link&quot;\" rel=\"nofollow noopener\" target=\"_blank\" data-ylk=\"slk:Lire la suite sur 20minutes;elm:context_link;itc:0;sec:content-canvas\" class=\"link \">Lire la suite sur 20minutes<\/a><\/p>\n<p>\u00c0 lire aussi :<br \/><a href=\"https:\/\/www.20minutes.fr\/monde\/allemagne\/4172120-20250909-allemagne-sabotage-coupe-electricite-berlin-antimilitaristes-revendiquent?at_medium=RSS%20feed&amp;at_campaign=ynews&amp;utm_source=yahoo&amp;utm_medium=rss&amp;utm_campaign=news_feed&amp;utm_content=related_content_link\" rel=\"nofollow noopener\" target=\"_blank\" data-ylk=\"slk:Allemagne\u00a0: Un sabotage coupe l\u2019\u00e9lectricit\u00e9 \u00e0 Berlin, des antimilitaristes revendiquent;elm:context_link;itc:0;sec:content-canvas\" class=\"link \">Allemagne\u00a0: Un sabotage coupe l\u2019\u00e9lectricit\u00e9 \u00e0 Berlin, des antimilitaristes revendiquent<\/a><br \/><a href=\"https:\/\/www.20minutes.fr\/monde\/israel\/4116651-20241020-allemagne-police-arrete-libyen-soupconne-preparer-attentat-contre-ambassade-israel?at_medium=RSS%20feed&amp;at_campaign=ynews&amp;utm_source=yahoo&amp;utm_medium=rss&amp;utm_campaign=news_feed&amp;utm_content=related_content_link\" rel=\"nofollow noopener\" target=\"_blank\" data-ylk=\"slk:Allemagne\u00a0: La police arr\u00eate un Libyen soup\u00e7onn\u00e9 de pr\u00e9parer un attentat contre l\u2019ambassade d\u2019Isra\u00ebl;elm:context_link;itc:0;sec:content-canvas\" class=\"link \">Allemagne\u00a0: La police arr\u00eate un Libyen soup\u00e7onn\u00e9 de pr\u00e9parer un attentat contre l\u2019ambassade d\u2019Isra\u00ebl<\/a><\/p>\n","protected":false},"excerpt":{"rendered":"L\u2019ombre russe &#8211; L\u2019Allemagne fait face \u00e0 une multiplication des actes de sabotage visant ses infrastructures, notamment des&hellip;\n","protected":false},"author":2,"featured_media":411068,"comment_status":"","ping_status":"","sticky":false,"template":"","format":"standard","meta":{"footnotes":""},"categories":[1587],"tags":[11,672,1804,1805,1803,1777,674,1801,6899,3442,12,1802,12999,6917],"class_list":{"0":"post-411067","1":"post","2":"type-post","3":"status-publish","4":"format-standard","5":"has-post-thumbnail","7":"category-allemagne","8":"tag-actualites","9":"tag-allemagne","10":"tag-bundesrepublik-deutschland","11":"tag-de","12":"tag-deutschland","13":"tag-eu","14":"tag-europe","15":"tag-germany","16":"tag-leconomie-allemande","17":"tag-lallemagne","18":"tag-news","19":"tag-republique-federale-dallemagne","20":"tag-sabotage","21":"tag-transport-ferroviaire"},"share_on_mastodon":{"url":"https:\/\/pubeurope.com\/@fr\/115251731825158000","error":""},"_links":{"self":[{"href":"https:\/\/www.europesays.com\/fr\/wp-json\/wp\/v2\/posts\/411067","targetHints":{"allow":["GET"]}}],"collection":[{"href":"https:\/\/www.europesays.com\/fr\/wp-json\/wp\/v2\/posts"}],"about":[{"href":"https:\/\/www.europesays.com\/fr\/wp-json\/wp\/v2\/types\/post"}],"author":[{"embeddable":true,"href":"https:\/\/www.europesays.com\/fr\/wp-json\/wp\/v2\/users\/2"}],"replies":[{"embeddable":true,"href":"https:\/\/www.europesays.com\/fr\/wp-json\/wp\/v2\/comments?post=411067"}],"version-history":[{"count":0,"href":"https:\/\/www.europesays.com\/fr\/wp-json\/wp\/v2\/posts\/411067\/revisions"}],"wp:featuredmedia":[{"embeddable":true,"href":"https:\/\/www.europesays.com\/fr\/wp-json\/wp\/v2\/media\/411068"}],"wp:attachment":[{"href":"https:\/\/www.europesays.com\/fr\/wp-json\/wp\/v2\/media?parent=411067"}],"wp:term":[{"taxonomy":"category","embeddable":true,"href":"https:\/\/www.europesays.com\/fr\/wp-json\/wp\/v2\/categories?post=411067"},{"taxonomy":"post_tag","embeddable":true,"href":"https:\/\/www.europesays.com\/fr\/wp-json\/wp\/v2\/tags?post=411067"}],"curies":[{"name":"wp","href":"https:\/\/api.w.org\/{rel}","templated":true}]}}