{"id":411077,"date":"2025-09-23T04:36:33","date_gmt":"2025-09-23T04:36:33","guid":{"rendered":"https:\/\/www.europesays.com\/fr\/411077\/"},"modified":"2025-09-23T04:36:33","modified_gmt":"2025-09-23T04:36:33","slug":"notre-objectif-est-deja-rempli-le-volley-auch-gers-commence-son-aventure-en-regionale-2-ce-samedi","status":"publish","type":"post","link":"https:\/\/www.europesays.com\/fr\/411077\/","title":{"rendered":"\u00ab\u00a0Notre objectif est d\u00e9j\u00e0 rempli\u00a0\u00bb\u00a0: le Volley Auch Gers commence son aventure en R\u00e9gionale 2 ce samedi"},"content":{"rendered":"<p>\n                                                                    l&rsquo;essentiel<br \/>\n                                                                Cr\u00e9\u00e9 au printemps, le nouveau club auscitain s\u2019appr\u00eate \u00e0 entrer en comp\u00e9tition chez les seniors hommes et femmes, ce samedi 20\u00a0septembre au gymnase Pardailhan.\n                            <\/p>\n<p>Le moment tant attendu est sur le point d\u2019arriver. <a href=\"https:\/\/www.ladepeche.fr\/2025\/04\/09\/nous-voulons-repondre-a-cette-demande-volley-auch-gers-un-nouveau-club-pour-jouer-la-carte-de-la-competition-12615378.php\" target=\"_self\" rel=\"nofollow noopener\">Six mois apr\u00e8s sa cr\u00e9ation<\/a>, le Volley Auch Gers (VAG) va go\u00fbter au parfum enivrant de la comp\u00e9tition. Les deux \u00e9quipes seniors entament en effet leur aventure en R\u00e9gionale 2 ce samedi au gymnase Pardailhan\u00a0: les hommes ouvriront le bal face \u00e0 Albi \u00e0 15\u00a0heures, les femmes suivront \u00e0 17\u00a0h\u00a045 contre Castres 3. Entre les deux rencontres, une petite r\u00e9ception sera organis\u00e9e en pr\u00e9sence des partenaires et sponsors du club.<\/p>\n<p class=\"std-elt__inline\">\n        <strong>\u00c0 lire aussi :<\/strong><br \/>\n        <a href=\"https:\/\/www.ladepeche.fr\/2025\/09\/03\/on-ne-sattendait-pas-a-autant-de-monde-le-nouveau-club-de-volley-ball-dauch-seduit-avant-la-foire-du-sport-et-de-la-culture-12906532.php\" rel=\"nofollow noopener\" target=\"_blank\">\u00ab\u00a0On ne s\u2019attendait pas \u00e0 autant de monde\u00a0\u00bb\u00a0: le nouveau club de volley-ball d\u2019Auch s\u00e9duit avant la foire du sport et de la culture<\/a>\n    <\/p>\n<p>Pour le copr\u00e9sident Paul Legrand, ce premier rendez-vous constitue d\u00e9j\u00e0 une petite victoire, quels que soient les r\u00e9sultats des deux rencontres \u00e0 venir. \u00ab\u00a0Notre objectif est d\u00e9j\u00e0 rempli\u00a0: on a assez de monde pour jouer le match\u00a0\u00bb, sourit le dirigeant, qui \u00e9voque \u00ab\u00a08 joueuses\u00a0\u00bb et \u00ab\u00a011 ou 12 joueurs\u00a0\u00bb sur les deux feuilles de match.<\/p>\n<p>\u00ab\u00a0On a pr\u00e9vu 50 places assises\u00a0\u00bb<\/p>\n<p>Avant le grand saut, les deux formations auscitaines ont pu se jauger gr\u00e2ce \u00e0 deux matchs amicaux, contre Beaumont-de-Lomagne (R1) et une autre formation de leur poule respective. \u00ab\u00a0Le but \u00e9tait qu\u2019on trouve des rep\u00e8res ensemble, mais aussi de tester tout le monde, y compris les d\u00e9butants et d\u00e9butantes. Samedi, on va essayer de gagner le match donc on va mettre nos meilleurs joueurs\u00a0\u00bb, souligne Paul Legrand.<\/p>\n<p>\u00c0 l\u2019or\u00e9e de cette premi\u00e8re saison en R2, le copr\u00e9sident du VAG se garde bien d\u2019afficher ses ambitions. \u00ab\u00a0On attend de voir les trois ou quatre premiers matchs qui nous am\u00e8nent jusqu\u2019aux vacances de la Toussaint pour d\u00e9finir si on a des objectifs sportifs.\u00a0\u00bb Il esp\u00e8re en revanche une belle f\u00eate sportive pour l\u2019ouverture de la saison, ce samedi \u00e0 domicile. \u00ab\u00a0On a pr\u00e9vu 50 places assises. S\u2019il y a plus de monde, il faudra rester debout. Ce serait d\u00e9j\u00e0 \u00e9norme pour nous\u00a0\u00bb, conclut-il.<\/p>\n","protected":false},"excerpt":{"rendered":"l&rsquo;essentiel Cr\u00e9\u00e9 au printemps, le nouveau club auscitain s\u2019appr\u00eate \u00e0 entrer en comp\u00e9tition chez les seniors hommes et&hellip;\n","protected":false},"author":2,"featured_media":411078,"comment_status":"","ping_status":"","sticky":false,"template":"","format":"standard","meta":{"footnotes":""},"categories":[1417],"tags":[1011,27,60,1470,1469],"class_list":{"0":"post-411077","1":"post","2":"type-post","3":"status-publish","4":"format-standard","5":"has-post-thumbnail","7":"category-volley","8":"tag-fr","9":"tag-france","10":"tag-sports","11":"tag-volley","12":"tag-volleyball"},"share_on_mastodon":{"url":"https:\/\/pubeurope.com\/@fr\/115251759286154672","error":""},"_links":{"self":[{"href":"https:\/\/www.europesays.com\/fr\/wp-json\/wp\/v2\/posts\/411077","targetHints":{"allow":["GET"]}}],"collection":[{"href":"https:\/\/www.europesays.com\/fr\/wp-json\/wp\/v2\/posts"}],"about":[{"href":"https:\/\/www.europesays.com\/fr\/wp-json\/wp\/v2\/types\/post"}],"author":[{"embeddable":true,"href":"https:\/\/www.europesays.com\/fr\/wp-json\/wp\/v2\/users\/2"}],"replies":[{"embeddable":true,"href":"https:\/\/www.europesays.com\/fr\/wp-json\/wp\/v2\/comments?post=411077"}],"version-history":[{"count":0,"href":"https:\/\/www.europesays.com\/fr\/wp-json\/wp\/v2\/posts\/411077\/revisions"}],"wp:featuredmedia":[{"embeddable":true,"href":"https:\/\/www.europesays.com\/fr\/wp-json\/wp\/v2\/media\/411078"}],"wp:attachment":[{"href":"https:\/\/www.europesays.com\/fr\/wp-json\/wp\/v2\/media?parent=411077"}],"wp:term":[{"taxonomy":"category","embeddable":true,"href":"https:\/\/www.europesays.com\/fr\/wp-json\/wp\/v2\/categories?post=411077"},{"taxonomy":"post_tag","embeddable":true,"href":"https:\/\/www.europesays.com\/fr\/wp-json\/wp\/v2\/tags?post=411077"}],"curies":[{"name":"wp","href":"https:\/\/api.w.org\/{rel}","templated":true}]}}