{"id":411089,"date":"2025-09-23T04:43:11","date_gmt":"2025-09-23T04:43:11","guid":{"rendered":"https:\/\/www.europesays.com\/fr\/411089\/"},"modified":"2025-09-23T04:43:11","modified_gmt":"2025-09-23T04:43:11","slug":"luis-enrique-ne-mache-pas-ses-mots-apres-la-defaite","status":"publish","type":"post","link":"https:\/\/www.europesays.com\/fr\/411089\/","title":{"rendered":"Luis Enrique ne m\u00e2che pas ses mots apr\u00e8s la d\u00e9faite"},"content":{"rendered":"<p><strong>Le Paris Saint-Germain s\u2019est inclin\u00e9 1-0 f<\/strong><strong>ace \u00e0 l\u2019Olympique de Marseille (<b><a href=\"https:\/\/www.parisfans.fr\/videos-psg\/resume-video-om-psg-1-0-chevalier-se-rate-et-marseille-cree-la-surprise-865217.html\" target=\"_blank\" rel=\"noopener nofollow\">r\u00e9sum\u00e9 vid\u00e9o OM\/PSG<\/a><\/b><b>)<\/b> ce lundi au Stade V\u00e9lodrome dans le cadre de la 4e journ\u00e9e de Ligue 1 2025-2026. Apr\u00e8s ce match, l\u2019entra\u00eeneur parisien Luis Enrique s\u2019est exprim\u00e9 au micro de Ligue 1+.<\/strong><\/p>\n<p>Luis Enrique \u00ab\u00a0on a eu des clairs chances de marquer. C\u2019est \u00e7a le football.\u00a0\u00bb<\/p>\n<p><strong>Elle est encore plus am\u00e8re cette d\u00e9faite ce soir ?<\/strong><\/p>\n<p>Bien s\u00fbr, nous ne sommes pas habitu\u00e9s \u00e0 perdre des matchs, mais aujourd\u2019hui on a fait quand m\u00eame un bon match. C\u2019\u00e9tait serr\u00e9 et difficile, mais je pense qu\u2019on aurait m\u00e9rit\u00e9 un petit peu plus.<\/p>\n<p><strong>Qu\u2019est-ce qui s\u2019est pass\u00e9, vous avez \u00e9t\u00e9 en difficult\u00e9 ?<\/strong><\/p>\n<p>Je dois analyser le match pour pouvoir le dire. Je pense qu\u2019on a fait beaucoup de choses tr\u00e8s bien, on a eu des clairs chances de marquer. C\u2019est \u00e7a le football.<\/p>\n<p><strong>Quel mot allez-vous trouver aupr\u00e8s des joueurs ?<\/strong><\/p>\n<p>Aucun point une d\u00e9faite dans un classique c\u2019est toujours difficile, mais c\u2019est une \u00e9quipe de champions il faut continuer et pr\u00e9parer les prochains matchs de la meilleure des mani\u00e8res.<\/p>\n<p>\t\t\t\t\t\t\t\t\t\t\t\t\t\t\t\t\t\t\t\t\t\t\t<img loading=\"lazy\" src=\"https:\/\/www.europesays.com\/fr\/wp-content\/uploads\/2025\/04\/ParisFans_Logo.png\" decoding=\"async\" class=\"lazyload\" width=\"240\" height=\"54\" data-eio-rwidth=\"240\" data-eio-rheight=\"54\"\/><\/p>\n","protected":false},"excerpt":{"rendered":"Le Paris Saint-Germain s\u2019est inclin\u00e9 1-0 face \u00e0 l\u2019Olympique de Marseille (r\u00e9sum\u00e9 vid\u00e9o OM\/PSG) ce lundi au Stade&hellip;\n","protected":false},"author":2,"featured_media":411090,"comment_status":"","ping_status":"","sticky":false,"template":"","format":"standard","meta":{"footnotes":""},"categories":[1410],"tags":[63,1011,27,921,53996,49762,60],"class_list":{"0":"post-411089","1":"post","2":"type-post","3":"status-publish","4":"format-standard","5":"has-post-thumbnail","7":"category-football","8":"tag-football","9":"tag-fr","10":"tag-france","11":"tag-luis-enrique","12":"tag-marseille-psg","13":"tag-om-psg","14":"tag-sports"},"share_on_mastodon":{"url":"https:\/\/pubeurope.com\/@fr\/115251787285662521","error":""},"_links":{"self":[{"href":"https:\/\/www.europesays.com\/fr\/wp-json\/wp\/v2\/posts\/411089","targetHints":{"allow":["GET"]}}],"collection":[{"href":"https:\/\/www.europesays.com\/fr\/wp-json\/wp\/v2\/posts"}],"about":[{"href":"https:\/\/www.europesays.com\/fr\/wp-json\/wp\/v2\/types\/post"}],"author":[{"embeddable":true,"href":"https:\/\/www.europesays.com\/fr\/wp-json\/wp\/v2\/users\/2"}],"replies":[{"embeddable":true,"href":"https:\/\/www.europesays.com\/fr\/wp-json\/wp\/v2\/comments?post=411089"}],"version-history":[{"count":0,"href":"https:\/\/www.europesays.com\/fr\/wp-json\/wp\/v2\/posts\/411089\/revisions"}],"wp:featuredmedia":[{"embeddable":true,"href":"https:\/\/www.europesays.com\/fr\/wp-json\/wp\/v2\/media\/411090"}],"wp:attachment":[{"href":"https:\/\/www.europesays.com\/fr\/wp-json\/wp\/v2\/media?parent=411089"}],"wp:term":[{"taxonomy":"category","embeddable":true,"href":"https:\/\/www.europesays.com\/fr\/wp-json\/wp\/v2\/categories?post=411089"},{"taxonomy":"post_tag","embeddable":true,"href":"https:\/\/www.europesays.com\/fr\/wp-json\/wp\/v2\/tags?post=411089"}],"curies":[{"name":"wp","href":"https:\/\/api.w.org\/{rel}","templated":true}]}}