{"id":411092,"date":"2025-09-23T04:45:32","date_gmt":"2025-09-23T04:45:32","guid":{"rendered":"https:\/\/www.europesays.com\/fr\/411092\/"},"modified":"2025-09-23T04:45:32","modified_gmt":"2025-09-23T04:45:32","slug":"un-gratte-ciel-de-144-metres-de-haut-va-bientot-revoir-le-jour-a-nantes","status":"publish","type":"post","link":"https:\/\/www.europesays.com\/fr\/411092\/","title":{"rendered":"Un gratte-ciel de 144 m\u00e8tres de haut va bient\u00f4t (re)voir le jour \u00e0 Nantes"},"content":{"rendered":"<p>Au socle, on y trouvera un h\u00f4tel quatre \u00e9toiles d\u2019une centaine de chambres.<\/p>\n<p>PCA-STREAM<\/p>\n<p>Une transition \u00e9cologique volontaire et un projet tr\u00e8s attendu<\/p>\n<p>La r\u00e9novation s\u2019inscrit dans la dynamique de transition \u00e9cologique port\u00e9e par la Ville de Nantes. Le gratte-ciel sera d\u00e9samiant\u00e9, puis raccord\u00e9 au r\u00e9seau de chaleur urbain, fonctionnant aux \u00e9nergies renouvelables. <a href=\"https:\/\/www.admagazine.fr\/article\/jardins-sur-les-toits-exemples-spectaculaires\" target=\"_blank\" rel=\"noopener\">Toitures v\u00e9g\u00e9talis\u00e9es<\/a>, r\u00e9mploi des mat\u00e9riaux, stationnement de v\u00e9lo massifs, nichoirs pour oiseaux et insectes compl\u00e8tent cette conception bioclimatique. En bref, un b\u00e2timent plus responsable, confortable et durable.<br \/>Ferm\u00e9e depuis d\u00e9j\u00e0 quatre ans, la tour continue de flotter dans le paysage nantais, priv\u00e9 de son bar panoramique Le Nid. Avec ce projet, le gratte-ciel compte se repositionner comme un symbole de la ville, moins aust\u00e8re, plus ouverte et plus en phase avec son \u00e9poque. Rendez-vous en 2029.<\/p>\n<p>Gr\u00e2ce \u00e0 des fa\u00e7ades claires, en aluminium recycl\u00e9, la tour gagnera en luminosit\u00e9 et l\u00e9g\u00e8ret\u00e9.<\/p>\n<p>PCA-STREAM<\/p>\n<p>On d\u00e9voile d&rsquo;autre tour spectaculaires \u00e0 bient\u00f4t d\u00e9couvrir\u2026<\/p>\n<p>The Link, le futur plus haut gratte-ciel de France<\/p>\n<p>La fin d&rsquo;ann\u00e9e 2025 devrait voir l&rsquo;inauguration d&rsquo;une tour encore plus haute que la tour First \u00e0 la D\u00e9fense, qui d\u00e9tient toujours le record national. <a href=\"https:\/\/www.admagazine.fr\/article\/plus-haut-gratte-ciel-france\" target=\"_blank\" rel=\"noopener\"><strong>The Link<\/strong><\/a>, dont la construction est encore en cours, s&rsquo;appr\u00eate \u00e0 ouvrir ses portes prochainement. Le projet, qui atteindra 242 m\u00e8tres de haut, a \u00e9t\u00e9 confi\u00e9 \u00e0 l&rsquo;agence d&rsquo;architecture PCA Stream de Philippe Chiambaretta. \u00ab The Link r\u00e9\u00e9quilibrera la skyline de La D\u00e9fense, en miroir de la Tour First, dans la perspective de l\u2019axe historique, du Louvre \u00e0 l\u2019Arche de La D\u00e9fense via les Champs\u2011\u00c9lys\u00e9es, pr\u00e9cisent les architectes. Elle offrira un nouveau signal visible depuis l\u2019ensemble de la m\u00e9tropole parisienne \u00bb.<\/p>\n<p>M99, la nouvelle tour de Marseille<\/p>\n<p>Baptis\u00e9e <a href=\"https:\/\/www.admagazine.fr\/article\/une-nouvelle-tour-spectaculaire-de-99-metres-seleve-a-marseille\" target=\"_blank\" rel=\"noopener\">M99<\/a> et sign\u00e9e par l&rsquo;architecte Jean-Baptiste Pietri, cette tour de 99 m\u00e8tres de hauteur promet de devenir l\u2019une des ic\u00f4nes de la skyline marseillaise, m\u00ealant logements, h\u00f4tel de luxe et espaces de vie panoramiques. Dot\u00e9e d&rsquo;une fa\u00e7ade faite \u00e0 45% de verre et de 30 \u00e9tages aux lignes blanches et arrondies, la tour M99 revendique une identit\u00e9 \u00ab m\u00e9diterran\u00e9enne contemporaine \u00bb. Les fa\u00e7ades en b\u00e9ton calcaire clair, ponctu\u00e9es de larges terrasses et de balcons filants joueront avec les lumi\u00e8res dor\u00e9es propres au <a href=\"https:\/\/www.admagazine.fr\/article\/meilleurs-restaurants-marseille-guide\" target=\"_blank\" rel=\"noopener\">Sud de la France<\/a>.<\/p>\n<p>La tour Triangle, une pyramide futuriste \u00e0 Paris<\/p>\n<p>Triangle, une forme g\u00e9om\u00e9trique simple qui n&rsquo;\u00e9voque \u00e0 priori pas l&rsquo;\u00e9merveillement. C&rsquo;est pourtant le nom de cet \u00e9clat brillant qui pointe d\u00e9j\u00e0 vers les nuages entre les grues qui l\u2019encerclent parmi les b\u00e2timents du 15e arrondissement de Paris. Une co-entreprise et un projet men\u00e9 par Unibail-Rodamco-Westfield et AXA IM.<\/p>\n","protected":false},"excerpt":{"rendered":"Au socle, on y trouvera un h\u00f4tel quatre \u00e9toiles d\u2019une centaine de chambres. PCA-STREAM Une transition \u00e9cologique volontaire&hellip;\n","protected":false},"author":2,"featured_media":411093,"comment_status":"","ping_status":"","sticky":false,"template":"","format":"standard","meta":{"footnotes":""},"categories":[1358],"tags":[19036,19035,1348,1384,1385,1386,58,59,1011,27,7922,10057],"class_list":{"0":"post-411092","1":"post","2":"type-post","3":"status-publish","4":"format-standard","5":"has-post-thumbnail","7":"category-arts-et-design","8":"tag-architecture-futuriste","9":"tag-architecture-spectaculaire","10":"tag-arts","11":"tag-arts-and-design","12":"tag-arts-et-design","13":"tag-design","14":"tag-divertissement","15":"tag-entertainment","16":"tag-fr","17":"tag-france","18":"tag-gratte-ciel","19":"tag-lieux-spectaculaires"},"share_on_mastodon":{"url":"https:\/\/pubeurope.com\/@fr\/115251794647166604","error":""},"_links":{"self":[{"href":"https:\/\/www.europesays.com\/fr\/wp-json\/wp\/v2\/posts\/411092","targetHints":{"allow":["GET"]}}],"collection":[{"href":"https:\/\/www.europesays.com\/fr\/wp-json\/wp\/v2\/posts"}],"about":[{"href":"https:\/\/www.europesays.com\/fr\/wp-json\/wp\/v2\/types\/post"}],"author":[{"embeddable":true,"href":"https:\/\/www.europesays.com\/fr\/wp-json\/wp\/v2\/users\/2"}],"replies":[{"embeddable":true,"href":"https:\/\/www.europesays.com\/fr\/wp-json\/wp\/v2\/comments?post=411092"}],"version-history":[{"count":0,"href":"https:\/\/www.europesays.com\/fr\/wp-json\/wp\/v2\/posts\/411092\/revisions"}],"wp:featuredmedia":[{"embeddable":true,"href":"https:\/\/www.europesays.com\/fr\/wp-json\/wp\/v2\/media\/411093"}],"wp:attachment":[{"href":"https:\/\/www.europesays.com\/fr\/wp-json\/wp\/v2\/media?parent=411092"}],"wp:term":[{"taxonomy":"category","embeddable":true,"href":"https:\/\/www.europesays.com\/fr\/wp-json\/wp\/v2\/categories?post=411092"},{"taxonomy":"post_tag","embeddable":true,"href":"https:\/\/www.europesays.com\/fr\/wp-json\/wp\/v2\/tags?post=411092"}],"curies":[{"name":"wp","href":"https:\/\/api.w.org\/{rel}","templated":true}]}}