{"id":411098,"date":"2025-09-23T04:48:14","date_gmt":"2025-09-23T04:48:14","guid":{"rendered":"https:\/\/www.europesays.com\/fr\/411098\/"},"modified":"2025-09-23T04:48:14","modified_gmt":"2025-09-23T04:48:14","slug":"miley-cyrus-adresse-une-chanson-a-son-pere-billy-ray-afin-de-mettre-un-terme-a-leur-querelle-familiale","status":"publish","type":"post","link":"https:\/\/www.europesays.com\/fr\/411098\/","title":{"rendered":"Miley Cyrus adresse une chanson \u00e0 son p\u00e8re Billy Ray afin de mettre un terme \u00e0 leur querelle familiale"},"content":{"rendered":"<p>S\u2019il y a des r\u00e8glements de comptes qui se jouent par posts interpos\u00e9s sur les r\u00e9seaux sociaux, chez le clan Cyrus on se fait plus discret. On pr\u00e9f\u00e8re r\u00e9gler ses litiges en musique et avec panache. Ce vendredi, <a href=\"https:\/\/www.vanityfair.fr\/dossier\/miley-cyrus\" isautogenerated=\"true\" target=\"_blank\" rel=\"noopener\">Miley Cyrus<\/a> a d\u00e9voil\u00e9 son nouveau tube intitul\u00e9 Secrets, un titre qu\u2019elle d\u00e9die explicitement \u00e0 son p\u00e8re, le chanteur de musique country <strong>Billy Ray Cyrus<\/strong>.\u00ab Cette chanson a \u00e9t\u00e9 \u00e9crite comme une offre de paix pour quelqu&rsquo;un que j&rsquo;avais perdu pendant un certain temps, mais que j&rsquo;ai toujours aim\u00e9. D&rsquo;apr\u00e8s mon exp\u00e9rience, le pardon et la libert\u00e9 ne font qu&rsquo;un [\u2026] Cette chanson est d\u00e9di\u00e9e \u00e0 mon p\u00e8re. \u00bb, a-t-elle confi\u00e9 sur <a href=\"https:\/\/www.vanityfair.fr\/dossier\/instagram\" isautogenerated=\"true\" target=\"_blank\" rel=\"noopener\">Instagram<\/a>.<\/p>\n<p>Sur le morceau, deux membres du <a href=\"https:\/\/www.vanityfair.fr\/culture\/voir-lire\/story\/comment-tiktok-a-remis-dreams-de-fleetwood-mac-a-la-mode\/12628\" target=\"_blank\" rel=\"noopener\">groupe de pop-rock britannique l\u00e9gendaire Fleetwood Mac<\/a>, <strong>Lindsey Buckingham<\/strong> et <strong>Mick Fleetwood<\/strong> signent des interventions qui sentent la grande route rock. Dans le clip tourn\u00e9 au mythique Million Dollar Theater de Los Angeles, Miley alterne les tenues couture, tant\u00f4t en robe mouvante sign\u00e9e Iris Van Herpen, tant\u00f4t couverte de diamants par Maison Margiela <a href=\"https:\/\/www.vanityfair.fr\/article\/miley-cyrus-devient-le-tout-premier-visage-de-maison-margiela\" target=\"_blank\" rel=\"noopener\">dont elle est d\u00e9sormais \u00e9g\u00e9rie.<\/a> Si le drapeau hiss\u00e9 est blanc, le vestiaire diaphane s\u2019y accorde volontiers.<\/p>\n<p>Quant aux paroles, elles, n\u2019esquivent pas le pass\u00e9. \u00ab H\u00e9ros \/ Puis-je \u00eatre ton h\u00e9ros ? \/ Rappelle toutes tes forces \/ Un drapeau blanc dans la guerre \u00bb ; puis \u00ab L&rsquo;amour n&rsquo;est pas une prison \/ Je ne suis pas un gardien, non \/ Alors m\u00eame quand je te serre dans mes bras \/ Je ne t&rsquo;enfermerai pas \/ Tu peux aller et venir comme tu veux \u00bb La symbolique est limpide, fini les murs, place aux ponts. Peut-\u00eatre un signe de r\u00e9conciliation heureuse pour le clan Cyrus, fractur\u00e9 depuis le divorce de Billy Ray et <strong>Tish Cyrus<\/strong> en 2022. Une s\u00e9paration qui avait divis\u00e9 les quatre enfants de la famille dans la sph\u00e8re priv\u00e9e et publique. \u00ab Apr\u00e8s 30 ans\u2026 nous avons d\u00e9cid\u00e9 de nous s\u00e9parer \u00bb, disait \u00e0 l\u2019\u00e9poque leur communiqu\u00e9 relay\u00e9 par la presse. Les \u00e9pisodes suivants, entre les fian\u00e7ailles de Billy Ray avec <strong>Firerose<\/strong>, le remariage de Tish avec <strong>Dominic Purcell<\/strong> et l\u2019absence remarqu\u00e9e de <strong>Noah Cyrus,<\/strong> ex petite amie pr\u00e9sum\u00e9e de ce dernier, au <a href=\"https:\/\/www.vanityfair.fr\/dossier\/mariage\" isautogenerated=\"true\" target=\"_blank\" rel=\"noopener\">mariage<\/a>, n&rsquo;ont cess\u00e9s de nourrir la saga familiale.<\/p>\n<p>\u00ab J&rsquo;ai pris en charge certaines des blessures de ma m\u00e8re comme si elles \u00e9taient les miennes \u00bb<\/p>\n<p>Si Secrets officialise la paix, le virage \u00e9tait d\u00e9j\u00e0 annonc\u00e9. En mai, dans un entretien au <a data-offer-url=\"https:\/\/www.nytimes.com\/2025\/05\/31\/magazine\/miley-cyrus-interview.html\" class=\"external-link\" data-event-click=\"{&quot;element&quot;:&quot;ExternalLink&quot;,&quot;outgoingURL&quot;:&quot;https:\/\/www.nytimes.com\/2025\/05\/31\/magazine\/miley-cyrus-interview.html&quot;}\" href=\"https:\/\/www.nytimes.com\/2025\/05\/31\/magazine\/miley-cyrus-interview.html\" rel=\"nofollow noopener\" target=\"_blank\">New York Times<\/a>, l&rsquo;interpr\u00e8te de Flowers expliquait qu\u2019elle ne voyait \u00ab plus de s\u00e9paration \u00bb avec son p\u00e8re. Elle pr\u00e9cisait : \u00ab En vieillissant, j&rsquo;ai appris \u00e0 respecter mes parents en tant qu&rsquo;individus plut\u00f4t qu&rsquo;en tant que parents [\u2026] J&rsquo;ai pris en charge certaines des blessures de ma m\u00e8re comme si elles \u00e9taient les miennes [\u2026] Maintenant que ma m\u00e8re est si amoureuse de mon beau-p\u00e8re [\u2026] et que je vois mon p\u00e8re trouver lui aussi le bonheur, je peux les aimer tous les deux en tant qu&rsquo;individus.\u00bb. En juin, sur le podcast <a href=\"https:\/\/youtu.be\/zuoFm5mm2oM?feature=shared\" target=\"_blank\" rel=\"noopener\">Reclaiming With Monica Lewinsky<\/a>, elle confiait : \u00ab J&rsquo;ai \u00e9crit cette chanson \u00e0 propos de mon p\u00e8re [\u2026] Je voulais \u00eatre celle \u00e0 qui il se sentirait suffisamment en confiance pour confier les choses qui \u00e9taient accablantes et pr\u00e9judiciables pour la famille. \u00bb<\/p>\n<p>Billy Ray Cyrus semble accepter cette r\u00e9conciliation et tendre la main \u00e0 sa fille \u00e0 qui il n\u2019adressait plus la parole. En effet, quelques heures apr\u00e8s la sortie du titre et au lendemain de son anniversaire, il publie sur les r\u00e9seaux sociaux une compilation de souvenirs d\u2019enfance avec celle qui interpr\u00e9tait jadis Hannah Montana sobrement l\u00e9gend\u00e9e : \u00ab Le plus beau cadeau d&rsquo;anniversaire qu&rsquo;un p\u00e8re puisse r\u00eaver de recevoir. Merci @mileycyrus pour Secrets&#8230; une chanson qui vient droit de ton c\u0153ur au mien. Les souvenirs que nous avons cr\u00e9\u00e9s ensemble comptent \u00e9norm\u00e9ment pour moi, et te voir t&rsquo;\u00e9panouir gr\u00e2ce \u00e0 ta musique me rend chaque jour plus fier. La pr\u00e9sence de <strong>Lindsey Buckingham<\/strong> et <strong>Mick Fleetwood<\/strong> sur ce morceau est tout simplement magique. \u00bb En somme, un p\u00e8re qui rebranche l\u2019ampli des souvenirs, une fille qui baisse le volume des ranc\u0153urs : la parabole est pop, mais l\u2019effet est r\u00e9el.<\/p>\n","protected":false},"excerpt":{"rendered":"S\u2019il y a des r\u00e8glements de comptes qui se jouent par posts interpos\u00e9s sur les r\u00e9seaux sociaux, chez&hellip;\n","protected":false},"author":2,"featured_media":411099,"comment_status":"","ping_status":"","sticky":false,"template":"","format":"standard","meta":{"footnotes":""},"categories":[1355],"tags":[58,59,1011,27,25476,1361,873],"class_list":{"0":"post-411098","1":"post","2":"type-post","3":"status-publish","4":"format-standard","5":"has-post-thumbnail","7":"category-musique","8":"tag-divertissement","9":"tag-entertainment","10":"tag-fr","11":"tag-france","12":"tag-miley-cyrus","13":"tag-music","14":"tag-musique"},"share_on_mastodon":{"url":"https:\/\/pubeurope.com\/@fr\/115251806576821787","error":""},"_links":{"self":[{"href":"https:\/\/www.europesays.com\/fr\/wp-json\/wp\/v2\/posts\/411098","targetHints":{"allow":["GET"]}}],"collection":[{"href":"https:\/\/www.europesays.com\/fr\/wp-json\/wp\/v2\/posts"}],"about":[{"href":"https:\/\/www.europesays.com\/fr\/wp-json\/wp\/v2\/types\/post"}],"author":[{"embeddable":true,"href":"https:\/\/www.europesays.com\/fr\/wp-json\/wp\/v2\/users\/2"}],"replies":[{"embeddable":true,"href":"https:\/\/www.europesays.com\/fr\/wp-json\/wp\/v2\/comments?post=411098"}],"version-history":[{"count":0,"href":"https:\/\/www.europesays.com\/fr\/wp-json\/wp\/v2\/posts\/411098\/revisions"}],"wp:featuredmedia":[{"embeddable":true,"href":"https:\/\/www.europesays.com\/fr\/wp-json\/wp\/v2\/media\/411099"}],"wp:attachment":[{"href":"https:\/\/www.europesays.com\/fr\/wp-json\/wp\/v2\/media?parent=411098"}],"wp:term":[{"taxonomy":"category","embeddable":true,"href":"https:\/\/www.europesays.com\/fr\/wp-json\/wp\/v2\/categories?post=411098"},{"taxonomy":"post_tag","embeddable":true,"href":"https:\/\/www.europesays.com\/fr\/wp-json\/wp\/v2\/tags?post=411098"}],"curies":[{"name":"wp","href":"https:\/\/api.w.org\/{rel}","templated":true}]}}