{"id":411105,"date":"2025-09-23T04:53:17","date_gmt":"2025-09-23T04:53:17","guid":{"rendered":"https:\/\/www.europesays.com\/fr\/411105\/"},"modified":"2025-09-23T04:53:17","modified_gmt":"2025-09-23T04:53:17","slug":"le-mediatek-dimensity-9500-est-officiel-ses-performances-sont-impressionnantes","status":"publish","type":"post","link":"https:\/\/www.europesays.com\/fr\/411105\/","title":{"rendered":"Le MediaTek Dimensity 9500 est officiel, ses performances sont impressionnantes"},"content":{"rendered":"<p>\u00a0\u00bb Le constructeur chinois a attendu la veille de l\u2019\u00e9v\u00e9nement de son concurrent Qualcomm pour pr\u00e9senter son Dimensity 9500, un nouveau SoC haut de gamme pour smartphone.\u00a0\u00bb<\/p>\n<p>le constructeur Chinois ? C\u2019est retour vers le futur, l\u2019ile est rentr\u00e9e dans le giron continental et Xi Jinping s\u2019est fait construire une simulation de lui m\u00eame qui tourne sur cpu chinois Dimensity  mod\u00e8le 18 800 . Il participe activement au gouvernement num\u00e9rique chinois dans lequel il est toujours No1.<\/p>\n<p>Ce CPU Chinois grav\u00e9 en silicium-germanium-graphenoSulfure embarque 256 core Risc V de 12 eme g\u00e9n\u00e9ration \u00e0 5 T\u00e9rahertz, 1024 mo de cache l3 (1280 total), un npu 100 Tera Tops, interposer optique pour le m\u00e9moire photonique 1024 bits t\u00e9rahertz et un GPU Alien 5 capable de 150 Terflops en 32 bit pour un tgp de 2 watt, une puce Xifi 12 a 2.4 T\u00e9rahertz, son micro code est bas\u00e9 sur la version logique du nouveau manifeste socialiste num\u00e9rique du PCC 3.0.<\/p>\n<p>Et il fait la cuisine du Sichuan.<\/p>\n","protected":false},"excerpt":{"rendered":"\u00a0\u00bb Le constructeur chinois a attendu la veille de l\u2019\u00e9v\u00e9nement de son concurrent Qualcomm pour pr\u00e9senter son Dimensity&hellip;\n","protected":false},"author":2,"featured_media":411106,"comment_status":"","ping_status":"","sticky":false,"template":"","format":"standard","meta":{"footnotes":""},"categories":[7],"tags":[1011,27,43,40,41,39,42,44],"class_list":{"0":"post-411105","1":"post","2":"type-post","3":"status-publish","4":"format-standard","5":"has-post-thumbnail","7":"category-sciences-et-technologies","8":"tag-fr","9":"tag-france","10":"tag-science","11":"tag-science-and-technology","12":"tag-sciences","13":"tag-sciences-et-technologies","14":"tag-technologies","15":"tag-technology"},"share_on_mastodon":{"url":"https:\/\/pubeurope.com\/@fr\/115251826123839606","error":""},"_links":{"self":[{"href":"https:\/\/www.europesays.com\/fr\/wp-json\/wp\/v2\/posts\/411105","targetHints":{"allow":["GET"]}}],"collection":[{"href":"https:\/\/www.europesays.com\/fr\/wp-json\/wp\/v2\/posts"}],"about":[{"href":"https:\/\/www.europesays.com\/fr\/wp-json\/wp\/v2\/types\/post"}],"author":[{"embeddable":true,"href":"https:\/\/www.europesays.com\/fr\/wp-json\/wp\/v2\/users\/2"}],"replies":[{"embeddable":true,"href":"https:\/\/www.europesays.com\/fr\/wp-json\/wp\/v2\/comments?post=411105"}],"version-history":[{"count":0,"href":"https:\/\/www.europesays.com\/fr\/wp-json\/wp\/v2\/posts\/411105\/revisions"}],"wp:featuredmedia":[{"embeddable":true,"href":"https:\/\/www.europesays.com\/fr\/wp-json\/wp\/v2\/media\/411106"}],"wp:attachment":[{"href":"https:\/\/www.europesays.com\/fr\/wp-json\/wp\/v2\/media?parent=411105"}],"wp:term":[{"taxonomy":"category","embeddable":true,"href":"https:\/\/www.europesays.com\/fr\/wp-json\/wp\/v2\/categories?post=411105"},{"taxonomy":"post_tag","embeddable":true,"href":"https:\/\/www.europesays.com\/fr\/wp-json\/wp\/v2\/tags?post=411105"}],"curies":[{"name":"wp","href":"https:\/\/api.w.org\/{rel}","templated":true}]}}