{"id":411115,"date":"2025-09-23T04:58:19","date_gmt":"2025-09-23T04:58:19","guid":{"rendered":"https:\/\/www.europesays.com\/fr\/411115\/"},"modified":"2025-09-23T04:58:19","modified_gmt":"2025-09-23T04:58:19","slug":"loire-le-drapeau-palestinien-flotte-sur-le-fronton-de-la-mairie-de-la-ricamarie","status":"publish","type":"post","link":"https:\/\/www.europesays.com\/fr\/411115\/","title":{"rendered":"Loire. Le drapeau palestinien flotte sur le fronton de la mairie de La Ricamarie"},"content":{"rendered":"<p>Pour Cyrille Bonnefoy, le maire de La Ricamarie, \u00ab\u00a0c\u2019est une entrave \u00e0 la libre administration et \u00e0 la libert\u00e9 d\u2019expression des collectivit\u00e9s\u00a0\u00bb. L\u2019\u00e9lu communiste ne dig\u00e8re pas la d\u00e9cision du tribunal administratif de Cergy-Pontoise de faire retirer le drapeau palestinien du fronton de l\u2019h\u00f4tel de ville de Malakoff (Hauts-de-Seine) apr\u00e8s que le minist\u00e8re de l\u2019Int\u00e9rieur a demand\u00e9 aux pr\u00e9fets de s\u2019y opposer.<\/p>\n<p>  \u00ab\u00a0Ce n\u2019est pas un acte courageux\u00a0\u00bb mais \u00ab\u00a0une d\u00e9cision morale\u00a0\u00bb<\/p>\n<p>Le premier magistrat ricamandois a choisi de contourner la volont\u00e9 \u00e9tatique en d\u00e9cidant, avec sa majorit\u00e9 du conseil municipal, d\u2019afficher l\u2019\u00e9tendard sur la fa\u00e7ade de sa mairie. Ce qui a \u00e9t\u00e9 fait ce lundi en milieu de matin\u00e9e. \u00ab\u00a0Ce n\u2019est pas un acte courageux au regard de ce que vit la population de Gaza, c\u2019est une d\u00e9cision morale, affirme Cyrille Bonnefoy. Le Pr\u00e9sident de la R\u00e9publique ouvre la perspective d\u2019un \u00c9tat palestinien. Nous accompagnons, \u00e0 notre niveau, la dynamique diplomatique qui est la seule solution. \u00bb<\/p>\n<p>Le maire a \u00e9t\u00e9 sollicit\u00e9 par \u00ab plusieurs habitants et militants associatifs \u00bb depuis quelques jours pour afficher le drapeau : \u00ab Notre ville est attach\u00e9e \u00e0 la lutte contre toute forme de colonisation. \u00bb<\/p>\n","protected":false},"excerpt":{"rendered":"Pour Cyrille Bonnefoy, le maire de La Ricamarie, \u00ab\u00a0c\u2019est une entrave \u00e0 la libre administration et \u00e0 la&hellip;\n","protected":false},"author":2,"featured_media":411116,"comment_status":"","ping_status":"","sticky":false,"template":"","format":"standard","meta":{"footnotes":""},"categories":[9653],"tags":[1111,11,2430,3206,7539,1777,674,1011,27,11324,11325,3367,12,25,4001],"class_list":{"0":"post-411115","1":"post","2":"type-post","3":"status-publish","4":"format-standard","5":"has-post-thumbnail","7":"category-saint-etienne","8":"tag-actu","9":"tag-actualites","10":"tag-auvergne-rhone-alpes","11":"tag-defense-guerre-conflit","12":"tag-edition-loire-sud","13":"tag-eu","14":"tag-europe","15":"tag-fr","16":"tag-france","17":"tag-la-ricamarie","18":"tag-la-ricamarie-ville","19":"tag-loire","20":"tag-news","21":"tag-republique-francaise","22":"tag-saint-etienne"},"share_on_mastodon":{"url":"https:\/\/pubeurope.com\/@fr\/115251845812980123","error":""},"_links":{"self":[{"href":"https:\/\/www.europesays.com\/fr\/wp-json\/wp\/v2\/posts\/411115","targetHints":{"allow":["GET"]}}],"collection":[{"href":"https:\/\/www.europesays.com\/fr\/wp-json\/wp\/v2\/posts"}],"about":[{"href":"https:\/\/www.europesays.com\/fr\/wp-json\/wp\/v2\/types\/post"}],"author":[{"embeddable":true,"href":"https:\/\/www.europesays.com\/fr\/wp-json\/wp\/v2\/users\/2"}],"replies":[{"embeddable":true,"href":"https:\/\/www.europesays.com\/fr\/wp-json\/wp\/v2\/comments?post=411115"}],"version-history":[{"count":0,"href":"https:\/\/www.europesays.com\/fr\/wp-json\/wp\/v2\/posts\/411115\/revisions"}],"wp:featuredmedia":[{"embeddable":true,"href":"https:\/\/www.europesays.com\/fr\/wp-json\/wp\/v2\/media\/411116"}],"wp:attachment":[{"href":"https:\/\/www.europesays.com\/fr\/wp-json\/wp\/v2\/media?parent=411115"}],"wp:term":[{"taxonomy":"category","embeddable":true,"href":"https:\/\/www.europesays.com\/fr\/wp-json\/wp\/v2\/categories?post=411115"},{"taxonomy":"post_tag","embeddable":true,"href":"https:\/\/www.europesays.com\/fr\/wp-json\/wp\/v2\/tags?post=411115"}],"curies":[{"name":"wp","href":"https:\/\/api.w.org\/{rel}","templated":true}]}}