{"id":411123,"date":"2025-09-23T05:04:38","date_gmt":"2025-09-23T05:04:38","guid":{"rendered":"https:\/\/www.europesays.com\/fr\/411123\/"},"modified":"2025-09-23T05:04:38","modified_gmt":"2025-09-23T05:04:38","slug":"en-10-minutes-on-pataugeait-de-toulon-a-cassis-jusqua-2-mois-de-pluie-tombes-en-quelques-heures","status":"publish","type":"post","link":"https:\/\/www.europesays.com\/fr\/411123\/","title":{"rendered":"\u00ab\u00a0En 10 minutes, on pataugeait\u00a0\u00bb : de Toulon \u00e0 Cassis, jusqu&rsquo;\u00e0 2 mois de pluie tomb\u00e9s en quelques heures"},"content":{"rendered":"<ul class=\"jsx-862013697 ArticleChapo__List\">\n<li class=\"jsx-862013697 ArticleChapo__List_Item flex\">Un \u00e9pisode m\u00e9diterran\u00e9en a travers\u00e9 le sud-est de la France dimanche avec des pluies diluviennes qui ont caus\u00e9 de nombreuses perturbations.<\/li>\n<li class=\"jsx-862013697 ArticleChapo__List_Item flex\">Les vigilances orange pluie-inondation et orages ont \u00e9t\u00e9 lev\u00e9es peu apr\u00e8s minuit dans les Bouches-du-Rh\u00f4ne, et ce lundi matin dans le Var.<\/li>\n<li class=\"jsx-862013697 ArticleChapo__List_Item flex\">L&rsquo;heure est \u00e0 la constatation des d\u00e9g\u00e2ts et au nettoyage pour les riverains et les commer\u00e7ants affect\u00e9s.<\/li>\n<\/ul>\n<p><a href=\"https:\/\/www.tf1info.fr\/emissions\/tf1\/le-13h-10927\/\" rel=\"noopener\" class=\"jsx-484472199 Link jsx-1428418400 jsx-640816507\" target=\"_blank\"><\/p>\n<p style=\"font-weight:400\" class=\"jsx-1837267516\">Suivez la couverture compl\u00e8te<\/p>\n<p style=\"font-weight:800\" class=\"jsx-1837267516\">Le 13H<\/p>\n<p><\/a><\/p>\n<p data-module=\"article-paragraph\" class=\"jsx-3046738180 Paragraph Paragraph__End\">De premi\u00e8res constatations <a href=\"https:\/\/www.tf1info.fr\/meteo\/orages-inondations-om-psg-reporte-coupures-d-electricite-le-sud-est-frappe-par-les-intemperies-2395949.html\" target=\"_blank\" rel=\"noopener\">les pieds dans l&rsquo;eau<\/a>. \u00c0 t\u00e2tons, l&rsquo;\u00e9quipe du 13H de TF1 a suivi ce lundi matin Alain \u00e0 Toulon (Var), qui d\u00e9couvre l&rsquo;\u00e9tat de sa voiture. \u00ab\u00a0L&rsquo;eau \u00e9tait l\u00e0-haut. On voit 2 ou 3 m\u00e8tres d&rsquo;eau hier\u00a0\u00bb, montre le conducteur dans la vid\u00e9o en t\u00eate de cet article. Son v\u00e9hicule, irr\u00e9cup\u00e9rable, a pass\u00e9 la nuit dans l&rsquo;eau. Dimanche soir, il \u00e9tait l\u00e0 quand des litres d&rsquo;eau ont d\u00e9val\u00e9 dans son garage. \u00ab\u00a0Je pense qu&rsquo;\u00e0 5 minutes pr\u00e8s, on \u00e9tait encore dans le garage. On est remont\u00e9 de justesse, il y avait un torrent qui descendait. Je suis venu lui voir si on n&rsquo;arrivait pas \u00e0 sortir la voiture\u00a0\u00bb, explique-t-il devant notre cam\u00e9ra.\u00a0<\/p>\n<p><img decoding=\"async\" src=\"https:\/\/www.europesays.com\/fr\/wp-content\/uploads\/2025\/09\/cap-jt-inondation-ter-a875b2-0@1x.jpeg\" alt=\"TF1\" loading=\"lazy\" importance=\"low\" fetchpriority=\"low\" class=\"\" data-module=\"article-image\"\/>TF1De nombreux d\u00e9g\u00e2ts et perte de marchandises<\/p>\n<p data-module=\"article-paragraph\" class=\"jsx-3046738180 Paragraph\">\u00c0 l&rsquo;ext\u00e9rieur, un voisin, lui, \u00e9cope avec les moyens du bord. <a href=\"https:\/\/www.tf1info.fr\/sport\/om-psg-sera-t-il-reporte-la-meteo-menace-le-classique-du-football-francais-2395820.html\" target=\"_blank\" rel=\"noopener\">Dimanche soir, un orage, aussi violent que fulgurant<\/a>, s&rsquo;est abattu sur la ville de Toulon. En 15 minutes \u00e0 peine, les rues se sont transform\u00e9es en torrents. Des voitures qui flottent, des rugbymen qui pataugent sur la pelouse du stade ou encore des torrents en pleine ville : des images spectaculaires ont circul\u00e9 sur les r\u00e9seaux sociaux. L&rsquo;eau s&rsquo;est infiltr\u00e9e partout, provoquant des coupures d&rsquo;\u00e9lectricit\u00e9.<\/p>\n<p data-module=\"article-paragraph\" class=\"jsx-3046738180 Paragraph Paragraph__End\">Dans un magasin de surgel\u00e9s, tout ou presque est \u00e0 jeter. \u00ab\u00a0Compl\u00e8tement perdu. L&rsquo;eau et l&rsquo;\u00e9lectricit\u00e9, \u00e7a ne va pas ensemble. Donc, disjonction et perte de marchandises\u00a0\u00bb, reconnait d\u00e9pit\u00e9 le propri\u00e9taire. L&rsquo;eau s&rsquo;est retir\u00e9e presque aussi vite qu&rsquo;elle est arriv\u00e9e. \u00c0 65 kilom\u00e8tres de l\u00e0, \u00e0 Marseille, la foudre a aussi frapp\u00e9, surprenant les habitants. Sur le Vieux-Port, un pont de fortune a \u00e9t\u00e9 mont\u00e9 avec des chaises pour \u00e9vacuer les clients d&rsquo;un restaurant.\u00a0<\/p>\n<p><img decoding=\"async\" src=\"https:\/\/www.europesays.com\/fr\/wp-content\/uploads\/2025\/09\/cap-jt-inondations-bis-909de5-0@1x.jpeg\" alt=\"TF1\" loading=\"lazy\" importance=\"low\" fetchpriority=\"low\" class=\"\" data-module=\"article-image\"\/>TF1<a href=\"https:\/\/www.tf1info.fr\/meteo\/direct-orages-et-inondations-3-departements-en-alerte-vigilance-orange-ce-dimanche-2395806.html\" rel=\"noopener\" class=\"jsx-3308031228 Link flex\" target=\"_blank\"><img decoding=\"async\" src=\"https:\/\/www.europesays.com\/fr\/wp-content\/uploads\/2025\/09\/meteo-pluie-orages-illus-967c80-0@1x.jpeg\" alt=\"iStock\" loading=\"lazy\" importance=\"low\" fetchpriority=\"low\" class=\"\" aria-hidden=\"true\"\/><\/p>\n<p class=\"jsx-3657663356 ReadMoreArticle__Title\">Lire aussi<\/p>\n<p class=\"jsx-3657663356\">Pluie et inondations : plus aucun d\u00e9partement en vigilance orange<\/p>\n<p><\/a><\/p>\n<p data-module=\"article-paragraph\" class=\"jsx-3046738180 Paragraph Paragraph__End\">\u00c9vacuation aussi du c\u00f4t\u00e9 de Saint-Henri-sur-Mer, chez deux restaurateurs sid\u00e9r\u00e9s par la mont\u00e9e des eaux. \u00ab\u00a0C&rsquo;est mont\u00e9 tr\u00e8s vite. En 10 minutes, on pataugeait dans l&rsquo;eau. Mais pataug\u00e9, mais je suis gentil, jusqu&rsquo;aux chevilles C&rsquo;est compliqu\u00e9 comme situation. Tr\u00e8s compliqu\u00e9. Avec mon fr\u00e8re, on est d\u00e9sempar\u00e9s\u00a0\u00bb, glisse le jeune g\u00e9rant. \u00c0 Cassis, 65 millim\u00e8tres de pluie sont tomb\u00e9s en une heure, soit l&rsquo;\u00e9quivalent d&rsquo;un mois de pr\u00e9cipitation.\u00a0<\/p>\n<p>La r\u00e9daction de TF1info | Reportage : Emmanuelle BINET, Linda HUR\u00c9, Sylvain FARGEOT<\/p>\n","protected":false},"excerpt":{"rendered":"Un \u00e9pisode m\u00e9diterran\u00e9en a travers\u00e9 le sud-est de la France dimanche avec des pluies diluviennes qui ont caus\u00e9&hellip;\n","protected":false},"author":2,"featured_media":411124,"comment_status":"","ping_status":"","sticky":false,"template":"","format":"standard","meta":{"footnotes":""},"categories":[9619],"tags":[1111,11,1921,1777,674,1011,27,1922,2839,3059,5008,11007,12,11008,882,25,2310,133,11009],"class_list":{"0":"post-411123","1":"post","2":"type-post","3":"status-publish","4":"format-standard","5":"has-post-thumbnail","7":"category-toulon","8":"tag-actu","9":"tag-actualites","10":"tag-article-video","11":"tag-eu","12":"tag-europe","13":"tag-fr","14":"tag-france","15":"tag-info","16":"tag-inondations","17":"tag-intemperies","18":"tag-le-13h","19":"tag-meteo-quotidienne","20":"tag-news","21":"tag-phenomenes-meteo","22":"tag-provence-alpes-cote-dazur","23":"tag-republique-francaise","24":"tag-toulon","25":"tag-video","26":"tag-video-meteo-et-intemperies"},"share_on_mastodon":{"url":"https:\/\/pubeurope.com\/@fr\/115251869842129023","error":""},"_links":{"self":[{"href":"https:\/\/www.europesays.com\/fr\/wp-json\/wp\/v2\/posts\/411123","targetHints":{"allow":["GET"]}}],"collection":[{"href":"https:\/\/www.europesays.com\/fr\/wp-json\/wp\/v2\/posts"}],"about":[{"href":"https:\/\/www.europesays.com\/fr\/wp-json\/wp\/v2\/types\/post"}],"author":[{"embeddable":true,"href":"https:\/\/www.europesays.com\/fr\/wp-json\/wp\/v2\/users\/2"}],"replies":[{"embeddable":true,"href":"https:\/\/www.europesays.com\/fr\/wp-json\/wp\/v2\/comments?post=411123"}],"version-history":[{"count":0,"href":"https:\/\/www.europesays.com\/fr\/wp-json\/wp\/v2\/posts\/411123\/revisions"}],"wp:featuredmedia":[{"embeddable":true,"href":"https:\/\/www.europesays.com\/fr\/wp-json\/wp\/v2\/media\/411124"}],"wp:attachment":[{"href":"https:\/\/www.europesays.com\/fr\/wp-json\/wp\/v2\/media?parent=411123"}],"wp:term":[{"taxonomy":"category","embeddable":true,"href":"https:\/\/www.europesays.com\/fr\/wp-json\/wp\/v2\/categories?post=411123"},{"taxonomy":"post_tag","embeddable":true,"href":"https:\/\/www.europesays.com\/fr\/wp-json\/wp\/v2\/tags?post=411123"}],"curies":[{"name":"wp","href":"https:\/\/api.w.org\/{rel}","templated":true}]}}