{"id":411125,"date":"2025-09-23T05:05:11","date_gmt":"2025-09-23T05:05:11","guid":{"rendered":"https:\/\/www.europesays.com\/fr\/411125\/"},"modified":"2025-09-23T05:05:11","modified_gmt":"2025-09-23T05:05:11","slug":"a-quoi-sert-la-nouvelle-salle-astrid-pour-les-parents-denfants-hospitalises","status":"publish","type":"post","link":"https:\/\/www.europesays.com\/fr\/411125\/","title":{"rendered":"\u00e0 quoi sert la nouvelle salle Astrid pour les parents d\u2019enfants hospitalis\u00e9s\u00a0?"},"content":{"rendered":"<p>            Par<br \/>\n        <strong><br \/>\n            <a href=\"https:\/\/actu.fr\/auteur\/metropoop\" title=\"Consulter tous les articles de R\u00e9daction M\u00e9tropolitain\" target=\"_blank\" rel=\"noopener\">R\u00e9daction M\u00e9tropolitain<\/a><br \/>\n        <\/strong><\/p>\n<p>        Publi\u00e9 le<\/p>\n<p>            23 sept. 2025 \u00e0 6h10        <\/p>\n<p><strong>Ce mercredi 24 septembre 2025<\/strong>, \u00e0 15h, l\u2019h\u00f4pital Arnaud de Villeneuve ouvrira un nouvel espace destin\u00e9 aux familles. Situ\u00e9e dans le hall La Plage, entr\u00e9e C, au deuxi\u00e8me \u00e9tage, la \u00ab\u00a0salle de repos Astrid\u00a0\u00bb s\u2019adresse aux parents dont les enfants sont hospitalis\u00e9s en cardiop\u00e9diatrie. Elle se veut un lieu intime, pens\u00e9 pour souffler et reprendre des forces dans un quotidien marqu\u00e9 par l\u2019attente et l\u2019angoisse.<\/p>\n<p>    <a href=\"https:\/\/www.google.com\/maps\/embed?pb=!1m18!1m12!1m3!1d46225.66288630909!2d3.8371328!3d43.6043776!2m3!1f0!2f0!3f0!3m2!1i1024!2i768!4f13.1!3m3!1m2!1s0x12b6aee996b72037%3A0xd836169cb19eccc8!2sPharmacie%20CHU%20Lapeyronie!5e0!3m2!1sfr!2sfr!4v1758559653267!5m2!1sfr!2sfr\" title=\"Ouvrie le lien\" target=\"_blank\" rel=\"noopener\">Cliquez ici pour visualiser le contenu<\/a><\/p>\n<p>Un projet port\u00e9 par une histoire personnelle<\/p>\n<p class=\" wall-content\">La salle porte le pr\u00e9nom d\u2019Astrid. La fillette, disparue en avril 2010 \u00e0 l\u2019\u00e2ge de 3 ans et 7 mois, reste au c\u0153ur du combat de son p\u00e8re, pr\u00e9sident de <a href=\"https:\/\/www.astrid-mrcpi.com\/?fbclid=IwY2xjawM-XENleHRuA2FlbQIxMABicmlkETBzQ2pKbjl2bmpFT1lLanlVAR6nThYNq1UqdF2uBwByJQq5_2qNLUvrFRJFeaDej2C6lMvAHLPaXEK0h1dFtw_aem_uko5YemaADombOAGff3_qg\" target=\"_blank\" rel=\"noopener\">l\u2019association Astrid MRCPI<\/a>. Cette derni\u00e8re a financ\u00e9 l\u2019int\u00e9gralit\u00e9 du projet, soit <strong>26 000 euros.<\/strong> Un choix symbolique, en m\u00e9moire de la petite fille emport\u00e9e par une maladie rare cardio-pulmonaire. La pi\u00e8ce a \u00e9t\u00e9 enti\u00e8rement r\u00e9am\u00e9nag\u00e9e et red\u00e9cor\u00e9e. Elle doit offrir chaleur humaine et r\u00e9pit \u00e0 des parents confront\u00e9s \u00e0 la maladie de leur enfant.\u00a0<\/p>\n<p class=\" wall-content\">L\u2019Association Astrid MRCPI multiplie les actions depuis plusieurs ann\u00e9es. Elle a d\u00e9j\u00e0 permis l\u2019installation de quatre aquariums dans le service, apportant une touche de douceur aux enfants et \u00e0 leurs familles. Elle organise aussi des sorties pour les petits patients et leurs proches, finance des repas de f\u00eate pour les soignants, comme celui du soir de No\u00ebl. Chaque initiative vise \u00e0 am\u00e9liorer la vie quotidienne \u00e0 l\u2019h\u00f4pital et \u00e0 tisser des liens plus humains.<\/p>\n<p class=\" wall-content\">Personnalisez votre actualit\u00e9 en ajoutant vos villes et m\u00e9dias en favori avec <a href=\"https:\/\/moncompte.actu.fr\" title=\"D\u00e9couvez Mon Actu\" rel=\"nofollow noopener\" data-trk=\"{&quot;cta&quot;:{&quot;action&quot;:&quot;https:\\\/\\\/moncompte.actu.fr&quot;,&quot;category&quot;:&quot;mon compte&quot;,&quot;from&quot;:&quot;article footer&quot;,&quot;name&quot;:&quot;Mon actu&quot;,&quot;type&quot;:&quot;cta&quot;}}\" target=\"_blank\">Mon Actu<\/a>.<\/p>\n","protected":false},"excerpt":{"rendered":"Par R\u00e9daction M\u00e9tropolitain Publi\u00e9 le 23 sept. 2025 \u00e0 6h10 Ce mercredi 24 septembre 2025, \u00e0 15h, l\u2019h\u00f4pital&hellip;\n","protected":false},"author":2,"featured_media":411126,"comment_status":"","ping_status":"","sticky":false,"template":"","format":"standard","meta":{"footnotes":""},"categories":[9599],"tags":[1111,11,15154,1719,1777,674,1011,27,2208,12,2680,25,71,104],"class_list":{"0":"post-411125","1":"post","2":"type-post","3":"status-publish","4":"format-standard","5":"has-post-thumbnail","7":"category-montpellier","8":"tag-actu","9":"tag-actualites","10":"tag-chu-de-montpellier","11":"tag-enfants","12":"tag-eu","13":"tag-europe","14":"tag-fr","15":"tag-france","16":"tag-montpellier","17":"tag-news","18":"tag-occitanie","19":"tag-republique-francaise","20":"tag-sante","21":"tag-societe"},"share_on_mastodon":{"url":"https:\/\/pubeurope.com\/@fr\/115251873265618939","error":""},"_links":{"self":[{"href":"https:\/\/www.europesays.com\/fr\/wp-json\/wp\/v2\/posts\/411125","targetHints":{"allow":["GET"]}}],"collection":[{"href":"https:\/\/www.europesays.com\/fr\/wp-json\/wp\/v2\/posts"}],"about":[{"href":"https:\/\/www.europesays.com\/fr\/wp-json\/wp\/v2\/types\/post"}],"author":[{"embeddable":true,"href":"https:\/\/www.europesays.com\/fr\/wp-json\/wp\/v2\/users\/2"}],"replies":[{"embeddable":true,"href":"https:\/\/www.europesays.com\/fr\/wp-json\/wp\/v2\/comments?post=411125"}],"version-history":[{"count":0,"href":"https:\/\/www.europesays.com\/fr\/wp-json\/wp\/v2\/posts\/411125\/revisions"}],"wp:featuredmedia":[{"embeddable":true,"href":"https:\/\/www.europesays.com\/fr\/wp-json\/wp\/v2\/media\/411126"}],"wp:attachment":[{"href":"https:\/\/www.europesays.com\/fr\/wp-json\/wp\/v2\/media?parent=411125"}],"wp:term":[{"taxonomy":"category","embeddable":true,"href":"https:\/\/www.europesays.com\/fr\/wp-json\/wp\/v2\/categories?post=411125"},{"taxonomy":"post_tag","embeddable":true,"href":"https:\/\/www.europesays.com\/fr\/wp-json\/wp\/v2\/tags?post=411125"}],"curies":[{"name":"wp","href":"https:\/\/api.w.org\/{rel}","templated":true}]}}