{"id":411134,"date":"2025-09-23T05:10:31","date_gmt":"2025-09-23T05:10:31","guid":{"rendered":"https:\/\/www.europesays.com\/fr\/411134\/"},"modified":"2025-09-23T05:10:31","modified_gmt":"2025-09-23T05:10:31","slug":"lfi-signe-la-fin-de-la-majorite-municipale-et-se-dechire-aussi-en-interne","status":"publish","type":"post","link":"https:\/\/www.europesays.com\/fr\/411134\/","title":{"rendered":"LFI SIGNE LA FIN DE LA MAJORIT\u00c9 MUNICIPALE&#8230; ET SE D\u00c9CHIRE AUSSI EN INTERNE"},"content":{"rendered":"<p>Posted On 22 septembre 2025 <\/p>\n<p style=\"text-align: justify;\">C&rsquo;est la chute finale. En confirmant ce week-end que <a target=\"_blank\" href=\"https:\/\/grandgrenoble.alpes1.com\/news\/locales\/28709\/municipales-a-grenoble-lfi-fera-cavalier-seul-au-1er-tour-en-2026-avec-allan-brunon?utm_source=Site&amp;utm_medium=RSS&amp;utm_campaign=Link\" rel=\"noopener\">La France Insoumise aura une liste autonome<\/a> aux \u00e9lections municipales LFI enterre d\u00e9finitivement le pacte de la majorit\u00e9 municipale qui liait le parti de Jean-Luc M\u00e9lenchon aux Verts et avait permis les victoires de 2014 et 2020.\u00a0<\/p>\n<p>DEPUIS DES MOIS, LFI PREND SES DISTANCES AVEC LES VERTS<\/p>\n<p style=\"text-align: justify;\">Ce n&rsquo;est pas franchement une surprise car depuis des mois, les Insoumis ne cessaient de lancer des signaux en ce sens. Ils avaient d\u00e9sign\u00e9 comme chefs de file pour les municipales \u00e0 Grenoble Elisa Martin, d\u00e9put\u00e9e de la 3\u00e8me circonscription inf\u00e9od\u00e9e au parti, et Allan Brunon, lui aussi tout entier soumis \u00e0 l&rsquo;appareil, venu du Rh\u00f4ne o\u00f9 il a \u00e9t\u00e9 attach\u00e9 parlementaire du gendre de M\u00e9lenchon. Les deux se sont alors lanc\u00e9 dans plusieurs sorties m\u00e9diatiques pour commencer \u00e0 se d\u00e9marquer des Verts.<\/p>\n<p><a href=\"https:\/\/grenoble-le-changement.fr\/wp-content\/uploads\/2025\/09\/brunon-martin-lfi-candidats-1.jpeg\" rel=\"lightbox[84851] noopener\" target=\"_blank\"><img loading=\"lazy\" decoding=\"async\" class=\" wp-image-84870 jetpack-lazy-image\" src=\"https:\/\/grenoble-le-changement.fr\/wp-content\/uploads\/2025\/09\/brunon-martin-lfi-candidats-1-300x225.jpeg\" alt=\"\" width=\"593\" height=\"445\" data-lazy-src=\"https:\/\/www.europesays.com\/fr\/wp-content\/uploads\/2025\/09\/brunon-martin-lfi-candidats-1-300x225.jpeg\" \/><\/a>Elisa Martin et Allan Brunon samedi pour la pr\u00e9sentation de leur liste \u00e0 la presse<br \/>\nLA MENACE DE PLUS EN PLUS CONCR\u00c8TE D&rsquo;UNE LISTE AUTONOME<\/p>\n<p style=\"text-align: justify;\">Il y a d&rsquo;abord eu la pression sur Eric Piolle et sur la majorit\u00e9 sur <a href=\"https:\/\/grenoble-le-changement.fr\/2025\/06\/11\/lfi-met-la-pression-sur-l-ruffin-la-candidate-pour-succeder-a-piolle\/\" target=\"_blank\" rel=\"noopener\">la question du jumelage avec R\u00e9hovot<\/a> et de la Palestine, suivant l\u00e0 la strat\u00e9gie nationale de LFI consistant \u00e0 instrumentaliser la Palestine \u00e0 des fins \u00e9lectoralistes. Puis Brunon avait pass\u00e9 un cap en <a href=\"https:\/\/grenoble-le-changement.fr\/2025\/08\/13\/piolle-ruffin-la-majorite-municipale-explose-avant-les-municipales\/\" target=\"_blank\" rel=\"noopener\">rejetant au coeur de l&rsquo;\u00e9t\u00e9 le processus enclench\u00e9 par les Verts<\/a> visant \u00e0 d\u00e9signer Laurence Ruffin candidate, vu comme \u00ab\u00a0une fausse d\u00e9mocratie\u00a0\u00bb. Dans une interview quelques temps plus tard, <a href=\"https:\/\/grenoble-le-changement.fr\/2025\/08\/13\/piolle-ruffin-la-majorite-municipale-explose-avant-les-municipales\/\" target=\"_blank\" rel=\"noopener\">Elisa Martin avait confirm\u00e9 cette autonomisation de LFI<\/a> en expliquant vouloir \u00ab\u00a0autre chose\u00a0\u00bb qu&rsquo;une \u00ab\u00a0continuit\u00e9 douce\u00a0\u00bb.<\/p>\n<p>LE MILITANT FANATIS\u00c9 ALLAN BRUNON CONDUIRA LA LISTE LFI<\/p>\n<p style=\"text-align: justify;\">Samedi, Elisa Martin et Allan Brunon ont annonc\u00e9 depuis la Villeneuve, entour\u00e9s d&rsquo;une petite poign\u00e9e de militants, que ce dernier m\u00e8nera bel et bien une liste LFI ind\u00e9pendante en mars prochain. Le parti a fait le choix d&rsquo;un apparatchik de 26 ans, qui ne connait rien \u00e0 Grenoble et qui s&rsquo;est jusque-l\u00e0 manifest\u00e9 uniquement par ses outrances verbales et un comportement caricatural de <a href=\"https:\/\/grenoble-le-changement.fr\/2025\/06\/23\/tram-paralyse-quartiers-et-commerces-en-colere-les-elus-sortants-trompent\/\" target=\"_blank\" rel=\"noopener\">militant fanatis\u00e9, agressif et incapable de nuance<\/a>. Un parfait petit soldat gouroutis\u00e9 par M\u00e9lenchon, qui va jusqu&rsquo;\u00e0 copier la couleur de cravate du lider maximo..<\/p>\n<p><img decoding=\"async\" data-id=\"84862\" src=\"https:\/\/grenoble-le-changement.fr\/wp-content\/uploads\/2025\/09\/brunon-lfi-candidat.jpeg\" alt=\"\" class=\"wp-image-84862 jetpack-lazy-image\" data-lazy-src=\"https:\/\/www.europesays.com\/fr\/wp-content\/uploads\/2025\/09\/brunon-lfi-candidat.jpeg\" \/><\/p>\n<p><img decoding=\"async\" data-id=\"74830\" src=\"https:\/\/grenoble-le-changement.fr\/wp-content\/uploads\/2024\/07\/affaire-piolle-martin-lsourt.jpg\" alt=\"\" class=\"wp-image-74830 jetpack-lazy-image\" data-lazy-src=\"https:\/\/www.europesays.com\/fr\/wp-content\/uploads\/2025\/09\/affaire-piolle-martin-lsourt.jpg\" \/><br \/>\nLFI choisit Allan Brunon plut\u00f4t que Martin tremp\u00e9e dans les affaires<\/p>\n<p>ELISA MARTIN NE PEUT SE PR\u00c9SENTER \u00c0 CAUSE DES AFFAIRES<\/p>\n<p style=\"text-align: justify;\">Le choix de Brunon tient \u00e9galement au fait qu&rsquo;il est lui \u00e0 ce stade, \u00e0 notre connaissance, vierge de toute accusation. \u00c7a fait une diff\u00e9rence notable avec son acolyte Elisa Martin, qui elle est toujours vis\u00e9e par les <a href=\"https:\/\/grenoble-le-changement.fr\/2025\/09\/19\/grenoble-une-ville-a-labandon\/\" target=\"_blank\" rel=\"noopener\">accusations de montage financier avec Piolle<\/a> pour toucher une r\u00e9mun\u00e9ration au black lorsqu&rsquo;elle \u00e9tait encore 1\u00e8re adjointe. Si les faits sont av\u00e9r\u00e9s, cette r\u00e9trocession entrerait aussi dans le cadre du\u00a0 fameux pacte Verts\/LFI pour 2014 accordant la t\u00eate de liste aux premiers en \u00e9change d&rsquo;avantages aux seconds. C&rsquo;est dire comme derri\u00e8re le symbole de la victoire les arrangements en coulisses sont glorieux.<\/p>\n<p>LES VERTS\/LFI DIVORCENT APR\u00c8S 11 ANS DE MARIAGE<\/p>\n<p style=\"text-align: justify;\">\u00c7a n&rsquo;a pas emp\u00each\u00e9 la D\u00e9put\u00e9e LFI d&rsquo;introduire la pr\u00e9sentation de la liste par des taquets \u00e0 ses coll\u00e8gues Verts, estimant qu&rsquo;ils ont une \u00ab\u00a0incapacit\u00e9 \u00e0 discuter du fond\u00a0\u00bb\u00a0pour ne proposer qu&rsquo;un \u00ab\u00a0casting\u00a0\u00bb avec Laurence Ruffin. <a target=\"_blank\" href=\"https:\/\/c.ledauphine.com\/elections\/2025\/09\/20\/les-insoumis-auront-une-liste-autonome-menee-par-allan-brunon-il-faut-de-la-radicalite\" rel=\"noopener\">\u00c0 Eve Moulinier qui l&rsquo;interroge dans le DL<\/a> sur l&rsquo;accord de 2014 qu&rsquo;elle symbolisait, elle r\u00e9pond : \u00ab\u00a0oui, une page est tourn\u00e9e. Le ciment de 2014, c\u2019\u00e9tait un programme de rupture sur lequel nous avions travaill\u00e9 tous ensemble, avec quatre parts \u00e9gales dans le respect. L\u00e0, ce n\u2019est pas du tout ce que nous avons v\u00e9cu\u00a0\u00bb. Le mariage Piolle\/Martin aura dur\u00e9 11 ans et finit par un divorce clair et net.\u00a0<\/p>\n<p><a href=\"https:\/\/grenoble-le-changement.fr\/wp-content\/uploads\/2025\/09\/lfi-candidature-villeneuve-mun-1.jpeg\" rel=\"lightbox[84851] noopener\" target=\"_blank\"><img loading=\"lazy\" decoding=\"async\" class=\" wp-image-84863 jetpack-lazy-image\" src=\"https:\/\/grenoble-le-changement.fr\/wp-content\/uploads\/2025\/09\/lfi-candidature-villeneuve-mun-1-300x246.jpeg\" alt=\"\" width=\"588\" height=\"482\" data-lazy-src=\"https:\/\/www.europesays.com\/fr\/wp-content\/uploads\/2025\/09\/lfi-candidature-villeneuve-mun-1-300x246.jpeg\" \/><\/a>Les militants pr\u00e9sents au lancement de la liste LFI. Au fond avec des lunettes, on comprend l&rsquo;id\u00e9e de \u00ab\u00a0radicalit\u00e9\u00a0\u00bb avec la pr\u00e9sence de Thomas Mandroux qui avait d\u00e9fray\u00e9 la chronique <a href=\"https:\/\/grenoble-le-changement.fr\/2021\/03\/22\/sciences-po-e-piolle-et-lislamo-gauchisme\/\" target=\"_blank\" rel=\"noopener\">en livrant \u00e0 la vindicte deux enseignants de Sciences Po Grenoble<\/a>&#8230; avant d&rsquo;\u00eatre embauch\u00e9 par la municipalit\u00e9.<br \/>\nLFI REVENDIQUE \u00ab\u00a0LA RADICALIT\u00c9\u00a0\u00bb&#8230;<\/p>\n<p style=\"text-align: justify;\">Brunon a ensuite pr\u00e9sent\u00e9 sa candidature en expliquant qu&rsquo;il \u00ab\u00a0faut de la radicalit\u00e9. Nous l&rsquo;assumons\u00a0\u00bb. Les Grenoblois sont pr\u00e9venus. Vous n&rsquo;avez pas trouv\u00e9 le mandat Piolle, qui finit avec une explosion de la pauvret\u00e9, une fuite de la classe moyenne, une d\u00e9sertification commerciale, une ins\u00e9curit\u00e9 galopante assez \u00ab\u00a0radical\u00a0\u00bb ? Rassurez-vous, les Insoumis sont l\u00e0 pour permettre \u00e0 notre ville <a href=\"https:\/\/grenoble-le-changement.fr\/2025\/09\/15\/la-municipalite-jette-encore-12-associations-de-leurs-locaux\/\" target=\"_blank\" rel=\"noopener\">d&rsquo;acc\u00e9l\u00e9rer sa descente<\/a> vers le pire !<\/p>\n<p>&#8230; AVEC UN PROGRAMME QUI RENIE LEUR PROPRE BILAN<\/p>\n<p style=\"text-align: justify;\"><a target=\"_blank\" href=\"https:\/\/www.placegrenet.fr\/2025\/09\/21\/municipales-a-grenoble-lfi-confirme-son-divorce-avec-les-ecologistes-et-lance-sa-liste-autonome-menee-par-allan-brunon\/660263\" rel=\"noopener\">Au niveau du programme<\/a> LFI nous fait du grand LFI en oubliant avoir \u00e9t\u00e9 12 ans dans la majorit\u00e9, donc coresponsable du bilan : Brunon s&rsquo;engage \u00e0 ce qu&rsquo;il reste \u00ab\u00a0z\u00e9ro sans-abri\u00a0\u00bb en r\u00e9quisitionnant les logements vacants (<a href=\"https:\/\/grenoble-le-changement.fr\/2024\/11\/22\/logements-vacants-les-chiffres-qui-confirment-labsurdite-de-la-betonisation\/\" target=\"_blank\" rel=\"noopener\">pourquoi ne l&rsquo;ont-ils jamais fait, en commen\u00e7ant par les logements ville sur lesquels ils ont la main ?<\/a>), fustige la ZFE et le projet de lac de la Villeneuve (alors que les \u00e9lus LFI au conseil municipal et \u00e0 la m\u00e9tro ont vot\u00e9 pour), il promet\u00a0la gratuit\u00e9 totale de la cantine scolaire (apr\u00e8s les transports en commun, une nouvelle promesse ultra d\u00e9magogue sans aucune piste de financement), un \u00ab\u00a0service public de la tranquillit\u00e9 publique\u00a0\u00bb (!) \u00e9videmment sans rien proposer pour la s\u00e9curit\u00e9&#8230;<\/p>\n<p>ALAIN CARIGNON APPELLE \u00c0 UN FRONT ANTI LFI<\/p>\n<p style=\"text-align: justify;\">Les Insoumis ont tout de m\u00eame bien cern\u00e9 que pour eux, qui ne visent l&rsquo;h\u00f4tel de ville que pour se r\u00e9partir les postes et viser des ambitions nationales, l&rsquo;ennemi s&rsquo;appelle Alain Carignon car lui est en passe d&#8217;emmener un vrai changement \u00e0 l&rsquo;h\u00f4tel de ville en mars. Sit\u00f4t l&rsquo;annonce de la liste LFI, le candidat aux municipales pour R\u00e9concilier Grenoble a d&rsquo;ailleurs r\u00e9agi en lan\u00e7ant \u00ab\u00a0un front r\u00e9publicain anti LFI\u00a0\u00bb, rappelant que \u00ab\u00a0la d\u00e9cision de La France Insoumise est un v\u00e9ritable danger pour Grenoble\u00a0\u00bb et appelant \u00e0 \u00ab\u00a0les d\u00e9mocrates de tous bords \u00e0 prendre l\u2019engagement de refuser la moindre alliance avec cette formation politique, et \u00e0 mettre tout en \u0153uvre pour qu\u2019elle ne puisse pas diriger la ville. Je les invite \u00e0 s\u2019unir pour former un front r\u00e9publicain anti-LFI, autour d\u2019une entente sur les valeurs qui nous rassemblent\u00a0\u00bb.<\/p>\n<p><a href=\"https:\/\/grenoble-le-changement.fr\/wp-content\/uploads\/2025\/09\/front-republicain-lfi-reaction-ac.png\" rel=\"lightbox[84851] noopener\" target=\"_blank\"><img loading=\"lazy\" decoding=\"async\" class=\" wp-image-84883 jetpack-lazy-image\" src=\"https:\/\/grenoble-le-changement.fr\/wp-content\/uploads\/2025\/09\/front-republicain-lfi-reaction-ac-300x204.png\" alt=\"\" width=\"632\" height=\"430\" data-lazy-src=\"https:\/\/www.europesays.com\/fr\/wp-content\/uploads\/2025\/09\/front-republicain-lfi-reaction-ac-300x204.png\" \/><\/a>L&rsquo;appel d&rsquo;Alain Carignon \u00e0 un front anti LFI<br \/>\nLA SCISSION ENTRE LFI&#8230; ET LES \u00c9LUS LFI DE GRENOBLE !<\/p>\n<p style=\"text-align: justify;\">Les journalistes ont par ailleurs not\u00e9 l&rsquo;absence \u00e0 la conf\u00e9rence de presse des \u00e9lus LFI du conseil municipal (en dehors d&rsquo;Elisa Martin) : <a href=\"https:\/\/grenoble-le-changement.fr\/2025\/06\/20\/commerce-a-grenoble-ladjoint-confesson-lfi-explique-encore-quil-ne-sert-a-rien\/\" target=\"_blank\" rel=\"noopener\">Alan Confesson (adjoint secteur 2 et commerce)<\/a>, Laura Pfister (adjointe \u00e0 l&rsquo;\u00e9galit\u00e9), J\u00e9r\u00f4me Soldeville, Maude Wadelec. Allan Brunon explique que c&rsquo;est en raison de contraintes d&rsquo;agenda.<\/p>\n<p><a href=\"https:\/\/grenoble-le-changement.fr\/wp-content\/uploads\/2023\/07\/confesson-conseil-metro.png\" rel=\"lightbox[84851] noopener\" target=\"_blank\"><img loading=\"lazy\" decoding=\"async\" class=\" wp-image-64535 jetpack-lazy-image\" src=\"https:\/\/grenoble-le-changement.fr\/wp-content\/uploads\/2023\/07\/confesson-conseil-metro-300x169.png\" alt=\"\" width=\"618\" height=\"348\" data-lazy-src=\"https:\/\/www.europesays.com\/fr\/wp-content\/uploads\/2025\/09\/confesson-conseil-metro-300x169.png\" \/><\/a>Confesson VS Brunon : la gueguerre des roquets LFI pr\u00eate \u00e0 commencer ?<\/p>\n<p style=\"text-align: justify;\">Mais dans un message envoy\u00e9 \u00e0 la majorit\u00e9 qui a aussit\u00f4t fuit\u00e9 (l&rsquo;autoritarisme de Piolle ne tient plus personne, le roi est d\u00e9finitivement d\u00e9mon\u00e9tis\u00e9), Alan Confesson explique que c&rsquo;est faux et que ces \u00e9lus n&rsquo;ont en fait pas \u00e9t\u00e9 sollicit\u00e9s par Brunon\/Martin. Il ajoute qu&rsquo;aucun \u00e9lu en dehors de Martin n&rsquo;approuve la d\u00e9cision de s&rsquo;affranchir du pacte avec les Verts et jure qu&rsquo;il fera fuiter \u00ab\u00a0d&rsquo;autres v\u00e9rit\u00e9s\u00a0\u00bb. Comme les Verts, LFI apparait tout aussi divis\u00e9e en interne !\u00a0<\/p>\n<p>LA GAUCHE EXPLOSE, ALAIN CARIGNON RASSEMBLE<\/p>\n<p style=\"text-align: justify;\">L&rsquo;explosion de la gauche \u00e0 Grenoble est une grenade \u00e0 fragmentation. La maison LFI enterre le pacte de majorit\u00e9 et se divise en interne&#8230; tandis que du c\u00f4t\u00e9 des Verts, Laurence Ruffin a \u00e9t\u00e9 d\u00e9sign\u00e9e hier soir candidate d&rsquo;un champ de ruines, sur fond de contestation par l&rsquo;adjointe Lucille Lheureux et de nouvelles r\u00e9v\u00e9lations explosives sur le fonctionnement du syst\u00e8me Piolle. Plus rien ne fonctionne et ce camp est d\u00e9sormais incapable de parler aux Grenoblois.<\/p>\n<p style=\"text-align: justify;\">Deux chemins se dessinent pour Grenoble. Le chaos incarn\u00e9 par ce camp politique qui n&rsquo;est plus en position de proposer quoi que ce soit, d\u00e9finitivement \u00e9clat\u00e9. Ou la r\u00e9conciliation qu&rsquo;Alain Carignon incarne, \u00e0 la t\u00eate d&rsquo;un collectif tr\u00e8s large et pouss\u00e9 par <a href=\"https:\/\/grenoble-le-changement.fr\/2025\/09\/21\/1500-grenoblois-pour-le-coup-denvoi-du-changement\/\" target=\"_blank\" rel=\"noopener\">un engouement populaire qui s&rsquo;est confirm\u00e9 vendredi soir avec 1500 Grenoblois pr\u00e9sents pour le coup d&rsquo;envoi du changement<\/a>. Vivement mars prochain.\u00a0<\/p>\n","protected":false},"excerpt":{"rendered":"Posted On 22 septembre 2025 C&rsquo;est la chute finale. En confirmant ce week-end que La France Insoumise aura&hellip;\n","protected":false},"author":2,"featured_media":411135,"comment_status":"","ping_status":"","sticky":false,"template":"","format":"standard","meta":{"footnotes":""},"categories":[9566],"tags":[1111,11,9601,11148,27721,2430,10131,9607,1777,674,10608,1011,27,2731,30083,26491,10136,10612,45435,12,25],"class_list":{"0":"post-411134","1":"post","2":"type-post","3":"status-publish","4":"format-standard","5":"has-post-thumbnail","7":"category-grenoble","8":"tag-actu","9":"tag-actualites","10":"tag-alain-carignon","11":"tag-alan-confesson","12":"tag-allan-brunon","13":"tag-auvergne-rhone-alpes","14":"tag-elisa-martin","15":"tag-eric-piolle","16":"tag-eu","17":"tag-europe","18":"tag-eve-moulinier","19":"tag-fr","20":"tag-france","21":"tag-grenoble","22":"tag-jerome-soldeville","23":"tag-laura-pfister","24":"tag-laurence-ruffin","25":"tag-lucille-lheureux","26":"tag-maude-wadelec","27":"tag-news","28":"tag-republique-francaise"},"share_on_mastodon":{"url":"https:\/\/pubeurope.com\/@fr\/115251894201267507","error":""},"_links":{"self":[{"href":"https:\/\/www.europesays.com\/fr\/wp-json\/wp\/v2\/posts\/411134","targetHints":{"allow":["GET"]}}],"collection":[{"href":"https:\/\/www.europesays.com\/fr\/wp-json\/wp\/v2\/posts"}],"about":[{"href":"https:\/\/www.europesays.com\/fr\/wp-json\/wp\/v2\/types\/post"}],"author":[{"embeddable":true,"href":"https:\/\/www.europesays.com\/fr\/wp-json\/wp\/v2\/users\/2"}],"replies":[{"embeddable":true,"href":"https:\/\/www.europesays.com\/fr\/wp-json\/wp\/v2\/comments?post=411134"}],"version-history":[{"count":0,"href":"https:\/\/www.europesays.com\/fr\/wp-json\/wp\/v2\/posts\/411134\/revisions"}],"wp:featuredmedia":[{"embeddable":true,"href":"https:\/\/www.europesays.com\/fr\/wp-json\/wp\/v2\/media\/411135"}],"wp:attachment":[{"href":"https:\/\/www.europesays.com\/fr\/wp-json\/wp\/v2\/media?parent=411134"}],"wp:term":[{"taxonomy":"category","embeddable":true,"href":"https:\/\/www.europesays.com\/fr\/wp-json\/wp\/v2\/categories?post=411134"},{"taxonomy":"post_tag","embeddable":true,"href":"https:\/\/www.europesays.com\/fr\/wp-json\/wp\/v2\/tags?post=411134"}],"curies":[{"name":"wp","href":"https:\/\/api.w.org\/{rel}","templated":true}]}}