{"id":411138,"date":"2025-09-23T05:12:13","date_gmt":"2025-09-23T05:12:13","guid":{"rendered":"https:\/\/www.europesays.com\/fr\/411138\/"},"modified":"2025-09-23T05:12:13","modified_gmt":"2025-09-23T05:12:13","slug":"l-promet-des-prix-abordables-a-rennes-un-bouillon-parisien-sinstalle-a-la-place-dun-restaurant-bien-connu-du-centre-ville","status":"publish","type":"post","link":"https:\/\/www.europesays.com\/fr\/411138\/","title":{"rendered":"\u00a0l promet des \u00ab\u00a0prix abordables\u00a0\u00bb\u00a0: \u00e0 Rennes, un bouillon parisien s\u2019installe \u00e0 la place d\u2019un restaurant bien connu du centre-ville"},"content":{"rendered":"<p>L\u2019\u0153uf mayonnaise remplacera bient\u00f4t le guacamole au <a href=\"https:\/\/www.letelegramme.fr\/finistere\/brest-29200\/restauration-loco-loca-un-projet-a-plus-de-2-m-pour-le-haut-jaures-3744927.php\" target=\"_blank\" rel=\"nofollow noopener\">Loco Loca, situ\u00e9 rue Comt\u00e9-de-Lanjuinais \u00e0 Rennes<\/a>. Mardi 30 septembre, l\u2019\u00e9tablissement mexicain sp\u00e9cialis\u00e9 dans les tapas, ouvert en 2018, fermera ses portes pour laisser la place \u00e0 un autre concept : le Bouillon Libert\u00e9.<\/p>\n<p>L\u2019ouverture est pr\u00e9vue pour le mardi 14 octobre. \u00c0 la carte de ce restaurant, des plats inspir\u00e9s des bouillons parisiens, mais servi \u00e0 la sauce rennaise. \u00ab Il y aura des produits de qualit\u00e9, qui viennent de producteurs locaux comme des hu\u00eetres bretonnes, du cidre \u00bb, apprend Bertrand Hesnard, pr\u00e9sident du groupe breton Kolibri, \u00e0 la t\u00eate du concept.<\/p>\n<p>\u00ab Les \u0153ufs mayo seront \u00e0 moins de 3 euros \u00bb<\/p>\n<p>Ce changement de cap est principalement r\u00e9alis\u00e9 pour attirer des clients \u00e9loign\u00e9s des tables de restaurants. Et \u00e9galement surfer sur une mode. \u00ab La restauration a subi des crises \u00e0 r\u00e9p\u00e9tition ces derni\u00e8res ann\u00e9es, assure Bertrand Hesnard. Le bouillon permet de faire revenir une client\u00e8le assez large, avec de la mixit\u00e9 et surtout des prix abordables. \u00bb Le ticket complet sera sous les 20 euros avec des entr\u00e9es \u00ab d\u00e8s 1,30 \u20ac, des plats \u00e0 partir de 8,50 \u20ac et des desserts \u00e0 partir de 2,90 \u20ac. \u00bb \u00ab Par exemple, les \u0153ufs mayo seront \u00e0 moins de 3 euros. \u00bb<\/p>\n","protected":false},"excerpt":{"rendered":"L\u2019\u0153uf mayonnaise remplacera bient\u00f4t le guacamole au Loco Loca, situ\u00e9 rue Comt\u00e9-de-Lanjuinais \u00e0 Rennes. Mardi 30 septembre, l\u2019\u00e9tablissement&hellip;\n","protected":false},"author":2,"featured_media":411139,"comment_status":"","ping_status":"","sticky":false,"template":"","format":"standard","meta":{"footnotes":""},"categories":[2821],"tags":[1111,11,829,902,33,1777,674,1011,27,848,12,584,25,2021],"class_list":{"0":"post-411138","1":"post","2":"type-post","3":"status-publish","4":"format-standard","5":"has-post-thumbnail","7":"category-rennes","8":"tag-actu","9":"tag-actualites","10":"tag-bretagne","11":"tag-cuisine","12":"tag-economie","13":"tag-eu","14":"tag-europe","15":"tag-fr","16":"tag-france","17":"tag-ille-et-vilaine","18":"tag-news","19":"tag-rennes","20":"tag-republique-francaise","21":"tag-restauration"},"share_on_mastodon":{"url":"https:\/\/pubeurope.com\/@fr\/115251900844631534","error":""},"_links":{"self":[{"href":"https:\/\/www.europesays.com\/fr\/wp-json\/wp\/v2\/posts\/411138","targetHints":{"allow":["GET"]}}],"collection":[{"href":"https:\/\/www.europesays.com\/fr\/wp-json\/wp\/v2\/posts"}],"about":[{"href":"https:\/\/www.europesays.com\/fr\/wp-json\/wp\/v2\/types\/post"}],"author":[{"embeddable":true,"href":"https:\/\/www.europesays.com\/fr\/wp-json\/wp\/v2\/users\/2"}],"replies":[{"embeddable":true,"href":"https:\/\/www.europesays.com\/fr\/wp-json\/wp\/v2\/comments?post=411138"}],"version-history":[{"count":0,"href":"https:\/\/www.europesays.com\/fr\/wp-json\/wp\/v2\/posts\/411138\/revisions"}],"wp:featuredmedia":[{"embeddable":true,"href":"https:\/\/www.europesays.com\/fr\/wp-json\/wp\/v2\/media\/411139"}],"wp:attachment":[{"href":"https:\/\/www.europesays.com\/fr\/wp-json\/wp\/v2\/media?parent=411138"}],"wp:term":[{"taxonomy":"category","embeddable":true,"href":"https:\/\/www.europesays.com\/fr\/wp-json\/wp\/v2\/categories?post=411138"},{"taxonomy":"post_tag","embeddable":true,"href":"https:\/\/www.europesays.com\/fr\/wp-json\/wp\/v2\/tags?post=411138"}],"curies":[{"name":"wp","href":"https:\/\/api.w.org\/{rel}","templated":true}]}}