{"id":411144,"date":"2025-09-23T05:15:16","date_gmt":"2025-09-23T05:15:16","guid":{"rendered":"https:\/\/www.europesays.com\/fr\/411144\/"},"modified":"2025-09-23T05:15:16","modified_gmt":"2025-09-23T05:15:16","slug":"la-foudre-frappe-une-maison-et-fait-sursauter-les-nicois","status":"publish","type":"post","link":"https:\/\/www.europesays.com\/fr\/411144\/","title":{"rendered":"la foudre frappe une maison et fait sursauter les Ni\u00e7ois"},"content":{"rendered":"<p>            Par<br \/>\n        <strong><br \/>\n            <a href=\"https:\/\/actu.fr\/auteur\/arthur-frand\" title=\"Consulter tous les articles de Arthur FRAND\" target=\"_blank\" rel=\"noopener\">Arthur FRAND<\/a><br \/>\n        <\/strong><\/p>\n<p>        Publi\u00e9 le<\/p>\n<p>            22 sept. 2025 \u00e0 18h26        <\/p>\n<p>L\u2019image est <strong>impressionnante.<\/strong> Un impact de foudre violent a frapp\u00e9 le centre-ville de <a href=\"https:\/\/actu.fr\/nice\/\" target=\"_blank\" rel=\"noopener\">Nice<\/a>, dans la nuit du dimanche\u00a021 au lundi 22\u00a0septembre.\u00a0Si les <a href=\"https:\/\/actu.fr\/provence-alpes-cote-d-azur\/alpes-maritimes_06\" target=\"_blank\" rel=\"noopener\">Alpes-Maritimes<\/a> \u00e9taient plac\u00e9es en vigilance orages et fortes pluies, les Ni\u00e7ois ne s\u2019attendaient pas \u00e0 \u00eatre autant secou\u00e9s.<\/p>\n<p>La peur d\u2019une explosion<\/p>\n<p class=\" wall-content\">Dans les secteurs de Nice Nord, Nice Ouest, Lib\u00e9ration et Riquier notamment, de nombreux habitants affirment sur les r\u00e9seaux sociaux avoir entendu <strong>\u00ab\u2009une \u00e9norme d\u00e9tonation\u2009\u00bb.<\/strong> Ce qui pouvait laisser craindre \u00e0 une explosion.<\/p>\n<p>    <img   decoding=\"async\" loading=\"lazy\" src=\"https:\/\/www.europesays.com\/fr\/wp-content\/uploads\/2025\/09\/capture-decran-2025-09-22-180454-960x640.png\" alt=\"L'impact de foudre mesur\u00e9 \u00e0 102 amp\u00e8res \u00e0 1h05.\" width=\"960\" height=\"640\"\/><br \/>\n    L\u2019impact de foudre mesur\u00e9 \u00e0 102 amp\u00e8res \u00e0 1h05. (\u00a9M\u00e9t\u00e9orologix)<\/p>\n<p class=\" wall-content\">Beaucoup ont \u00e9t\u00e9 <strong>surpris et choqu\u00e9s<\/strong> par l\u2019intensit\u00e9 du moment. Certains d\u2019entre eux disent avoir \u00e9t\u00e9 r\u00e9veill\u00e9s en sursaut. \u00ab\u2009C\u2019\u00e9tait l\u2019effet d\u2019une bombe tomb\u00e9e sur l\u2019immeuble, les vitres ont trembl\u00e9 et cela m\u2019a r\u00e9veill\u00e9\u2009\u00bb, t\u00e9moigne un r\u00e9sident de Lib\u00e9ration. D\u2019autres ont pens\u00e9 \u00e0 un tremblement de terre. \u00ab\u2009Je suis en face de la fac, j\u2019ai cru que mon immeuble avait \u00e9t\u00e9 foudroy\u00e9\u2009\u00bb, pr\u00e9cise une habitante du quartier universitaire Saint-Jean d\u2019Ang\u00e9ly.<\/p>\n<p class=\" wall-content\">\n<p>La fa\u00e7ade d\u2019une maison touch\u00e9e par la foudre<\/p>\n<p class=\" wall-content\">Selon M\u00e9t\u00e9ologix, site qui recense les ph\u00e9nom\u00e8nes m\u00e9t\u00e9orologiques, un impact \u00e0 101 kilo amp\u00e8res (kA) a \u00e9t\u00e9 mesur\u00e9 \u00e0 1h05. Selon nos informations, les pompiers ont ensuite d\u00fb intervenir, avenue du Mont Alban, peu apr\u00e8s 2\u00a0heures, pour <strong>une odeur de br\u00fbl\u00e9.<\/strong> La foudre a frapp\u00e9 la fa\u00e7ade d\u2019une maison individuelle, entra\u00eenant un court-circuit.<\/p>\n<p>    <a href=\"https:\/\/www.google.com\/maps\/embed?pb=!1m18!1m12!1m3!1d2704.131540824347!2d7.292770575955849!3d43.702088971099826!2m3!1f0!2f0!3f0!3m2!1i1024!2i768!4f13.1!3m3!1m2!1s0x12cddacf04d2cd91%3A0x47ccebe26f42a7c0!2sAv.%20du%20Mont%20Alban%2C%2006300%20Nice!5e1!3m2!1sfr!2sfr!4v1758558420831!5m2!1sfr!2sfr\" title=\"Ouvrie le lien\" target=\"_blank\" rel=\"noopener\">Cliquez ici pour visualiser le contenu<\/a><\/p>\n<p class=\" wall-content\">Contact\u00e9 par actu Nice, le m\u00e9t\u00e9orologiste Guillaume S\u00e9chet estime qu\u2019il s\u2019agit d\u2019un <strong>\u00ab\u2009coup de foudre positif tomb\u00e9 sous l\u2019enclume des orages\u2009\u00bb.<\/strong><\/p>\n<p>Votre r\u00e9gion, votre actu !<\/p>\n<p>Recevez chaque jour les infos qui comptent pour vous.<\/p>\n<p>\t<a href=\"https:\/\/actu.fr\/newsletter\" class=\"ac-btn ac-btn--corner ac-btn--medium ac-btn--blue800\" target=\"_blank\" rel=\"noopener\">S&rsquo;incrire<\/a><br \/>\nAussi puissant qu\u2019impressionnant<\/p>\n<p class=\" wall-content\">Les coups de foudre positifs se produisent entre des charges positives situ\u00e9es g\u00e9n\u00e9ralement au sommet du nuage, et les charges n\u00e9gatives du sol. Ils ont donc une couche d\u2019air beaucoup plus importante \u00e0 traverser, et sont <strong>en g\u00e9n\u00e9ral tr\u00e8s puissants<\/strong> (entre 20 et 100kA en moyenne). Ils sont aussi plus impressionnants \u00e0 observer et plus dangereux que les impacts n\u00e9gatifs, qui se trouvent sous la base de l\u2019orage.<\/p>\n<p class=\" wall-content\">Un ph\u00e9nom\u00e8ne assez fr\u00e9quent lors de ce type d\u2019\u00e9pisode orageux selon Guillaume S\u00e9chet. Le 1er\u00a0septembre, \u00e0 Marseille, un \u00ab\u2009superbolt\u2009\u00bb, un \u00e9clair d\u2019une incroyable puissance (entre 150.000 \u00e0 300.000 amp\u00e8res), avait \u00e9t\u00e9 enregistr\u00e9 en pleine nuit.<\/p>\n<p class=\" wall-content\">Personnalisez votre actualit\u00e9 en ajoutant vos villes et m\u00e9dias en favori avec <a href=\"https:\/\/moncompte.actu.fr\" title=\"D\u00e9couvez Mon Actu\" rel=\"nofollow noopener\" data-trk=\"{&quot;cta&quot;:{&quot;action&quot;:&quot;https:\\\/\\\/moncompte.actu.fr&quot;,&quot;category&quot;:&quot;mon compte&quot;,&quot;from&quot;:&quot;article footer&quot;,&quot;name&quot;:&quot;Mon actu&quot;,&quot;type&quot;:&quot;cta&quot;}}\" target=\"_blank\">Mon Actu<\/a>.<\/p>\n","protected":false},"excerpt":{"rendered":"Par Arthur FRAND Publi\u00e9 le 22 sept. 2025 \u00e0 18h26 L\u2019image est impressionnante. Un impact de foudre violent&hellip;\n","protected":false},"author":2,"featured_media":411145,"comment_status":"","ping_status":"","sticky":false,"template":"","format":"standard","meta":{"footnotes":""},"categories":[2819],"tags":[1111,11,1777,674,1011,27,2487,2357,12,2401,4594,882,25],"class_list":{"0":"post-411144","1":"post","2":"type-post","3":"status-publish","4":"format-standard","5":"has-post-thumbnail","7":"category-nice","8":"tag-actu","9":"tag-actualites","10":"tag-eu","11":"tag-europe","12":"tag-fr","13":"tag-france","14":"tag-meteo","15":"tag-meteo-france","16":"tag-news","17":"tag-nice","18":"tag-orages","19":"tag-provence-alpes-cote-dazur","20":"tag-republique-francaise"},"share_on_mastodon":{"url":"https:\/\/pubeurope.com\/@fr\/115251913136593559","error":""},"_links":{"self":[{"href":"https:\/\/www.europesays.com\/fr\/wp-json\/wp\/v2\/posts\/411144","targetHints":{"allow":["GET"]}}],"collection":[{"href":"https:\/\/www.europesays.com\/fr\/wp-json\/wp\/v2\/posts"}],"about":[{"href":"https:\/\/www.europesays.com\/fr\/wp-json\/wp\/v2\/types\/post"}],"author":[{"embeddable":true,"href":"https:\/\/www.europesays.com\/fr\/wp-json\/wp\/v2\/users\/2"}],"replies":[{"embeddable":true,"href":"https:\/\/www.europesays.com\/fr\/wp-json\/wp\/v2\/comments?post=411144"}],"version-history":[{"count":0,"href":"https:\/\/www.europesays.com\/fr\/wp-json\/wp\/v2\/posts\/411144\/revisions"}],"wp:featuredmedia":[{"embeddable":true,"href":"https:\/\/www.europesays.com\/fr\/wp-json\/wp\/v2\/media\/411145"}],"wp:attachment":[{"href":"https:\/\/www.europesays.com\/fr\/wp-json\/wp\/v2\/media?parent=411144"}],"wp:term":[{"taxonomy":"category","embeddable":true,"href":"https:\/\/www.europesays.com\/fr\/wp-json\/wp\/v2\/categories?post=411144"},{"taxonomy":"post_tag","embeddable":true,"href":"https:\/\/www.europesays.com\/fr\/wp-json\/wp\/v2\/tags?post=411144"}],"curies":[{"name":"wp","href":"https:\/\/api.w.org\/{rel}","templated":true}]}}