{"id":411156,"date":"2025-09-23T05:21:14","date_gmt":"2025-09-23T05:21:14","guid":{"rendered":"https:\/\/www.europesays.com\/fr\/411156\/"},"modified":"2025-09-23T05:21:14","modified_gmt":"2025-09-23T05:21:14","slug":"emploi-airbus-safran-delair-un-grand-job-dating-aeronautique-spatial-et-defense-organise-a-toulouse","status":"publish","type":"post","link":"https:\/\/www.europesays.com\/fr\/411156\/","title":{"rendered":"Emploi. Airbus, Safran, Delair&#8230; Un grand job dating a\u00e9ronautique, spatial et d\u00e9fense organis\u00e9 \u00e0 Toulouse"},"content":{"rendered":"<p>            Par<br \/>\n        <strong><br \/>\n            <a href=\"https:\/\/actu.fr\/auteur\/lucie-2\" title=\"Consulter tous les articles de Lucie Fraisse\" target=\"_blank\" rel=\"noopener\">Lucie Fraisse<\/a><br \/>\n        <\/strong><\/p>\n<p>        Publi\u00e9 le<\/p>\n<p>            23 sept. 2025 \u00e0 6h42        <\/p>\n<p>Des dizaines d\u2019entreprises, des partenaires institutionnels et 3500 emplois \u00e0 pourvoir dans toute l\u2019Occitanie. Le jeudi 2 octobre, \u00e0 <strong>Toulouse<\/strong>, un grand job dating d\u00e9di\u00e9 aux m\u00e9tiers de la <strong>d\u00e9fense, de l\u2019a\u00e9ronautique et du spatial<\/strong> est organis\u00e9 \u00e0<a href=\"https:\/\/actu.fr\/occitanie\/toulouse_31555\/toulouse-voyage-au-coeur-de-la-cite-ce-lieu-qui-donne-une-nouvelle-vie-aux-halles-latecoere_41648891.html\" target=\"_blank\" rel=\"noopener\"> la Cit\u00e9, au 55 avenue Louis-Br\u00e9guet<\/a>.<\/p>\n<p>Quatri\u00e8me \u00e9dition\u00a0<\/p>\n<p class=\" wall-content\">C\u2019est la quatri\u00e8me \u00e9dition de ce grand rendez-vous de l\u2019emploi. Plusieurs entreprises sont d\u00e9j\u00e0 annonc\u00e9es, comme <a href=\"https:\/\/actu.fr\/occitanie\/toulouse_31555\/satellites-airbus-thales-et-leonardo-preparent-une-mega-fusion-pour-rivaliser-avec-elon-musk_63177991.html\" target=\"_blank\" rel=\"noopener\">Airbus defence and Space<\/a>, Cegelec Defense, Safran, Vinci energies, Derichbourg aeronautics services, Delair\u2026<\/p>\n<p class=\" wall-content\">Des organismes de formation, France Travail, la r\u00e9gion Occitanie et de nombreuses autres institutions seront aussi sur place.<\/p>\n<p class=\" wall-content\">Les postes \u00e0 pourvoir sont destin\u00e9s \u00e0 un large public : \u00e9tudiants, jeunes dipl\u00f4m\u00e9s, candidats en reconversion professionnelle\u2026<\/p>\n<p>Infos pratiques :<br \/>Le jeudi 2 octobre, \u00e0 la Cit\u00e9, 55 avenue Louis Br\u00e9guet \u00e0 Toulouse. Inscription imp\u00e9rative en amont <a href=\"https:\/\/evenium.events\/jobdating2025\/\" target=\"_blank\" rel=\"noopener\">sur le lien suivant<\/a>.<\/p>\n<p class=\" wall-content\">Personnalisez votre actualit\u00e9 en ajoutant vos villes et m\u00e9dias en favori avec <a href=\"https:\/\/moncompte.actu.fr\" title=\"D\u00e9couvez Mon Actu\" rel=\"nofollow noopener\" data-trk=\"{&quot;cta&quot;:{&quot;action&quot;:&quot;https:\\\/\\\/moncompte.actu.fr&quot;,&quot;category&quot;:&quot;mon compte&quot;,&quot;from&quot;:&quot;article footer&quot;,&quot;name&quot;:&quot;Mon actu&quot;,&quot;type&quot;:&quot;cta&quot;}}\" target=\"_blank\">Mon Actu<\/a>.<\/p>\n","protected":false},"excerpt":{"rendered":"Par Lucie Fraisse Publi\u00e9 le 23 sept. 2025 \u00e0 6h42 Des dizaines d\u2019entreprises, des partenaires institutionnels et 3500&hellip;\n","protected":false},"author":2,"featured_media":411157,"comment_status":"","ping_status":"","sticky":false,"template":"","format":"standard","meta":{"footnotes":""},"categories":[2816],"tags":[1111,11,33,341,1777,674,1011,27,5113,12,2680,25,2312],"class_list":{"0":"post-411156","1":"post","2":"type-post","3":"status-publish","4":"format-standard","5":"has-post-thumbnail","7":"category-toulouse","8":"tag-actu","9":"tag-actualites","10":"tag-economie","11":"tag-emploi","12":"tag-eu","13":"tag-europe","14":"tag-fr","15":"tag-france","16":"tag-job-dating","17":"tag-news","18":"tag-occitanie","19":"tag-republique-francaise","20":"tag-toulouse"},"share_on_mastodon":{"url":"https:\/\/pubeurope.com\/@fr\/115251936242796600","error":""},"_links":{"self":[{"href":"https:\/\/www.europesays.com\/fr\/wp-json\/wp\/v2\/posts\/411156","targetHints":{"allow":["GET"]}}],"collection":[{"href":"https:\/\/www.europesays.com\/fr\/wp-json\/wp\/v2\/posts"}],"about":[{"href":"https:\/\/www.europesays.com\/fr\/wp-json\/wp\/v2\/types\/post"}],"author":[{"embeddable":true,"href":"https:\/\/www.europesays.com\/fr\/wp-json\/wp\/v2\/users\/2"}],"replies":[{"embeddable":true,"href":"https:\/\/www.europesays.com\/fr\/wp-json\/wp\/v2\/comments?post=411156"}],"version-history":[{"count":0,"href":"https:\/\/www.europesays.com\/fr\/wp-json\/wp\/v2\/posts\/411156\/revisions"}],"wp:featuredmedia":[{"embeddable":true,"href":"https:\/\/www.europesays.com\/fr\/wp-json\/wp\/v2\/media\/411157"}],"wp:attachment":[{"href":"https:\/\/www.europesays.com\/fr\/wp-json\/wp\/v2\/media?parent=411156"}],"wp:term":[{"taxonomy":"category","embeddable":true,"href":"https:\/\/www.europesays.com\/fr\/wp-json\/wp\/v2\/categories?post=411156"},{"taxonomy":"post_tag","embeddable":true,"href":"https:\/\/www.europesays.com\/fr\/wp-json\/wp\/v2\/tags?post=411156"}],"curies":[{"name":"wp","href":"https:\/\/api.w.org\/{rel}","templated":true}]}}