{"id":411160,"date":"2025-09-23T05:23:13","date_gmt":"2025-09-23T05:23:13","guid":{"rendered":"https:\/\/www.europesays.com\/fr\/411160\/"},"modified":"2025-09-23T05:23:13","modified_gmt":"2025-09-23T05:23:13","slug":"lille-avec-les-stages-passpassion-ces-professionnels-passionnes-forment-les-artisans-de-demain","status":"publish","type":"post","link":"https:\/\/www.europesays.com\/fr\/411160\/","title":{"rendered":"Lille. Avec les stages PassPassion, ces professionnels passionn\u00e9s forment les artisans de demain"},"content":{"rendered":"<p>            Par<br \/>\n        <strong><br \/>\n            <a href=\"https:\/\/actu.fr\/auteur\/amandine-vachez\" title=\"Consulter tous les articles de Amandine Vachez\" rel=\"nofollow noopener\" target=\"_blank\">Amandine Vachez<\/a><br \/>\n        <\/strong><\/p>\n<p>        Publi\u00e9 le<\/p>\n<p>            23 sept. 2025 \u00e0 6h18        <\/p>\n<p>Des artisans en exercice forment celles et ceux qui voudraient le devenir demain. <a href=\"https:\/\/www.passpassion.fr\/\" rel=\"nofollow noopener\" target=\"_blank\">PassPassion<\/a> propose des stages en immersion aux c\u00f4t\u00e9s de professionnels, dans l\u2019id\u00e9e de les pr\u00e9parer au m\u00e9tier. \u00c0 Lille, <b>Marie-Monique Delahaye, vitrailliste<\/b>, accueille des stagiaires dans son atelier. M\u00eame chose chez<b> la couturi\u00e8re et mod\u00e9liste Catherine Kong,<\/b> qui a cr\u00e9\u00e9 <a href=\"https:\/\/www.monbaracouture.com\/\" rel=\"nofollow noopener\" target=\"_blank\">Mon bar \u00e0 couture<\/a> \u00e0 Gambetta. Ces<b> passionn\u00e9es <\/b>ont \u00e0 c\u0153ur de<b> transmettre leurs connaissances <\/b>et de<b> pr\u00e9parer au mieux leurs apprentis<\/b> aux examens qui les attendent.<\/p>\n<p>Transmettre un savoir-faire tr\u00e8s ancien<\/p>\n<p class=\" wall-content\">Le m\u00e9tier de Marie-Monique Delahaye n\u2019est pas \u00ab\u2009vieux comme le monde\u2009\u00bb, mais presque. \u00ab\u2009Tr\u00e8s peu de choses ont chang\u00e9. C\u2019est un savoir-faire tr\u00e8s ancien\u2009\u00bb, nous glisse la vitrailliste, lors de notre rencontre. Depuis 2005, elle r\u00e9nove des vitraux dans l\u2019habitat urbain, pour les mairies notamment. Elle cr\u00e9e aussi, quand elle en a le temps. Dans son atelier situ\u00e9 \u00e0 <a href=\"https:\/\/www.lacofabrik.com\/\" rel=\"nofollow noopener\" target=\"_blank\">La Cofabrik<\/a>, un impressionnant hommage \u00e0 l\u2019\u0153uvre Le Baiser, de Gustav Klimt, donne \u00e0 voir un aper\u00e7u de son savoir-faire. \u00ab\u2009La mati\u00e8re du verre m\u2019a toujours fascin\u00e9e. Depuis que j\u2019y ai touch\u00e9, je n\u2019ai plus jamais arr\u00eat\u00e9\u2009\u00bb, confie l\u2019artisane.<\/p>\n<p class=\" wall-content\">En septembre\u00a02025, la professionnelle accompagne deux stagiaires, Emilie et Nik, pour <b>105\u00a0heures de formation<\/b>. Le tout \u00e9tal\u00e9 <b>sur un mois de temps. <\/b>En 70\u00a0heures, leur apprentissage est d\u00e9j\u00e0 bien avanc\u00e9. \u00ab\u2009C\u2019est tr\u00e8s intense, on apprend \u00e9norm\u00e9ment, et vite, avec quelqu\u2019un qui transmet bien\u2009\u00bb, confie Nik.<\/p>\n<p class=\" wall-content\">En deux semaines, lui et l\u2019autre stagiaire qu\u2019accueille Marie-Monique ont appris les rudiments du m\u00e9tier et dessin\u00e9 leur projet. Ils ont coup\u00e9 le verre et ont commenc\u00e9 \u00e0 l\u2019assembler entre les plombs, avant de proc\u00e9der aux points de soudure. \u00ab\u2009C\u2019est tr\u00e8s pr\u00e9cis, tout doit tomber parfaitement juste\u2009\u00bb, nous indique Nik, ravi de d\u00e9couvrir <b>un m\u00e9tier qui allie cr\u00e9ativit\u00e9 et pr\u00e9cision<\/b>. Cet <a href=\"https:\/\/www.nikmimms.com\/\" rel=\"nofollow noopener\" target=\"_blank\">artiste peintre<\/a> vient de la Baie de Somme pour cette formation. Il a \u00e0 c\u0153ur de maintenir ce savoir-faire ancestral et de participer, \u00e0 son \u00e9chelle, \u00e0 la pr\u00e9servation du <a href=\"https:\/\/actu.fr\/tag\/patrimoine\" rel=\"nofollow noopener\" target=\"_blank\">patrimoine<\/a>.<\/p>\n<p>    <img   decoding=\"async\" loading=\"lazy\" class=\"size-large\" src=\"https:\/\/www.europesays.com\/fr\/wp-content\/uploads\/2025\/09\/686b06bf01d868c6b06bf01d8507b0v-960x640.jpeg\" alt=\"Marie-Monique Delahaye, vitrailliste (Les Arts Verres) depuis 20 ans, forme Nik \u00e0 son m\u00e9tier, dans son atelier situ\u00e9 \u00e0 Lille (Nord).\" width=\"960\" height=\"640\"\/><br \/>\n    Marie-Monique Delahaye, vitrailliste (Les Arts Verres) depuis 20\u00a0ans, forme Nik \u00e0 son m\u00e9tier, dans son atelier situ\u00e9 \u00e0 Lille (Nord). \u00a9Amandine VachezPr\u00e9parer au mieux \u00e0 l\u2019examen<\/p>\n<p class=\" wall-content\">Les stagiaires de PassPassion ont tous<b> un projet professionnel en ligne de mire<\/b>. Ils pr\u00e9parent, autant pour le vitrail que pour la couture, un<b> dipl\u00f4me certifiant\u2009: un CAP.<\/b> Les artisans les pr\u00e9parent \u00e0 l\u2019examen qu\u2019ils passent en candidat libre. Dans le Bar \u00e0 couture cr\u00e9\u00e9 par Catherine Kong et qui s\u2019est associ\u00e9e avec\u2026 une autre Catherine, accompagner et former est au c\u0153ur du projet. Ce lieu a \u00e9t\u00e9 pens\u00e9 pour <b>accompagner les personnes qui le souhaitent dans un projet textile<\/b>, dans le loisir ou vers la professionnalisation.<b\/><\/p>\n<p class=\" wall-content\">En septembre, le duo de couturi\u00e8res et mod\u00e9listes accueille plusieurs f\u00e9rues de couture pour cinq semaines de suivi\u2009: deux de stage, deux de coupure et une derni\u00e8re semaine ensemble. Dans la \u00ab\u2009promo\u2009\u00bb de septembre, l\u2019ambiance \u00e0 la fois bon enfant et studieuse. \u00ab\u2009On leur apprend l\u2019ordre chronologique de la cr\u00e9ation d\u2019un v\u00eatement. Beaucoup connaissent la couture comme un loisirs, l\u2019id\u00e9e est de les former \u00e0 la couture d\u2019un point de vue professionnel\u2009\u00bb, explique une des formatrices. Elles leur apprennent le \u00ab\u2009langage de la couture industrielle\u2009\u00bb pour les pr\u00e9parer au travail en atelier.<\/p>\n<p>Votre r\u00e9gion, votre actu !<\/p>\n<p>Recevez chaque jour les infos qui comptent pour vous.<\/p>\n<p>\t<a href=\"https:\/\/actu.fr\/newsletter\" class=\"ac-btn ac-btn--corner ac-btn--medium ac-btn--blue800\" rel=\"nofollow noopener\" target=\"_blank\">S&rsquo;incrire<\/a><br \/>\nR\u00e9fl\u00e9chir par soi-m\u00eame, trouver des solutions<\/p>\n<p class=\" wall-content\">Les parts cr\u00e9ative et critique ont leur place d\u00e8s ce stage initiatique. Chez Marie-Monique, les stagiaires ont imagin\u00e9 leur propre vitrail. Au Bar \u00e0 couture, elles confectionnent des pi\u00e8ces personnalis\u00e9es \u00e0 partir d\u2019un mod\u00e8le de base. Catherine, une des mod\u00e9listes, nous explique\u2009: \u00ab\u2009Nous ne dictons pas ce qu\u2019elles doivent faire, \u00e9tape par \u00e9tape.<b> L\u2019id\u00e9e est de<\/b> <b>d\u00e9velopper et d\u2019encourager leur raisonnement<\/b>\u2009\u00bb. Elles laissent les stagiaires penser par elles-m\u00eames afin qu\u2019elles r\u00e9fl\u00e9chissent, d\u00e9c\u00e8lent les erreurs \u00e9ventuelles et trouvent des solutions pour les corriger. Une machine \u00e0 coudre industrielle est \u00e0 disposition dans l\u2019atelier, pour les familiariser avec le mat\u00e9riel qu\u2019on trouve en entreprise.<\/p>\n<p>    <img   decoding=\"async\" loading=\"lazy\" class=\"size-large\" src=\"https:\/\/www.europesays.com\/fr\/wp-content\/uploads\/2025\/09\/2a6fd5bf01d868c7fd5bf01d8f18fdv-960x640.jpg\" alt=\"Dans l'atelier de Lille (Nord) Mon bar \u00e0 couture, une machine \u00e0 coudre industrielle est \u00e0 disposition des stagiaires, pour les familiariser avec l'outil.\" width=\"960\" height=\"640\"\/><br \/>\n    Dans l\u2019atelier de Lille (Nord) Mon bar \u00e0 couture, une machine \u00e0 coudre industrielle est \u00e0 disposition des stagiaires, pour les familiariser avec l\u2019outil. \u00a9Amandine Vachez\u00ab\u2009J\u2019avance pas \u00e0 pas\u2009\u00bb<\/p>\n<p class=\" wall-content\">Parmi les stagiaires en couture, Adeline. Elle observe les d\u00e9tails de sa couture, regarde les instructions, cherche l\u2019erreur. En retournant le travail, quelque chose ne tombe pas bien. \u00ab\u2009Je me suis tromp\u00e9e.\u2009\u00bb \u00ab\u2009Non, je ne crois pas, as-tu bien suivi toutes les \u00e9tapes\u2009?\u2009\u00bb, questionne Catherine. Effectivement, il en manquait une\u2009: \u00ab\u2009J\u2019ai oubli\u00e9 de cranter\u2009\u00bb. Adeline revient \u00e0 l\u2019\u00e9tape pr\u00e9c\u00e9dente, a \u00e0 c\u0153ur de s\u2019appliquer comme ses camarades de formation. \u00ab\u2009Je travaille dans un bureau depuis des ann\u00e9es. \u00c0 un moment<b> je me suis sentie d\u00e9s\u00e9quilibr\u00e9e<\/b>\u2009\u00bb, confie-t-elle. Il lui manquait quelque chose. Elle est retourn\u00e9e \u00e0 ce moment vers des activit\u00e9s manuelles. Puis, lors d\u2019une rencontre avec des artisans, tout a \u00ab\u2009fait sens\u2009\u00bb. Elle \u00ab\u2009devait\u2009\u00bb se diriger dans cette voie. Elle a cherch\u00e9 des formations cet \u00e9t\u00e9 et est tomb\u00e9e sur PassPassion. Elle s\u2019est lanc\u00e9e avec une id\u00e9e derri\u00e8re la t\u00eate. Mais elle ne br\u00fble pas les \u00e9tapes. \u00ab\u2009J\u2019avance pas \u00e0 pas\u2009\u00bb. Elle <b>se sent pour l\u2019heure \u00e0 sa place dans un atelier<\/b>, et est fi\u00e8re de pouvoir montrer les pi\u00e8ces qu\u2019elle a d\u00e9j\u00e0 confectionn\u00e9es \u00e0 son entourage.<\/p>\n<p>Apprendre et transmettre, la suite logique<\/p>\n<p class=\" wall-content\">\u00ab\u2009105\u00a0heures c\u2019est \u00e0 la fois court et long\u2009\u00bb, estime Marie-Monique. \u00ab\u2009On ne peut pas passer autant de temps qu\u2019on le souhaiterait sur certains aspects. Mais le plan que PassPassion fournit pour nous guider est tr\u00e8s bien construit\u2009\u00bb, confie la professionnelle, qui accueille aussi des personnes pour des stages d\u00e9couverte et des adolescents, dans son atelier.<\/p>\n<p class=\" wall-content\">Pour elle, former des personnes dans le cadre d\u2019une<b> reconversion professionnelle <\/b>a d\u2019autant plus de sens que cela correspond \u00e0 son histoire. Elle exer\u00e7ait un tout autre m\u00e9tier (secr\u00e9taire dans un cabinet d\u2019architecte) quand elle s\u2019est form\u00e9e en parall\u00e8le \u00e0 Paris. L\u00e0 o\u00f9 elle a rencontr\u00e9 sa vocation, comme peut-\u00eatre certains l\u2019ont trouv\u00e9 ou la trouveront dans son atelier lillois gorg\u00e9 de reflets color\u00e9s.<\/p>\n<p class=\" wall-content\">Personnalisez votre actualit\u00e9 en ajoutant vos villes et m\u00e9dias en favori avec <a href=\"https:\/\/moncompte.actu.fr\" title=\"D\u00e9couvez Mon Actu\" rel=\"nofollow noopener\" data-trk=\"{&quot;cta&quot;:{&quot;action&quot;:&quot;https:\\\/\\\/moncompte.actu.fr&quot;,&quot;category&quot;:&quot;mon compte&quot;,&quot;from&quot;:&quot;article footer&quot;,&quot;name&quot;:&quot;Mon actu&quot;,&quot;type&quot;:&quot;cta&quot;}}\" target=\"_blank\">Mon Actu<\/a>.<\/p>\n","protected":false},"excerpt":{"rendered":"Par Amandine Vachez Publi\u00e9 le 23 sept. 2025 \u00e0 6h18 Des artisans en exercice forment celles et ceux&hellip;\n","protected":false},"author":2,"featured_media":411161,"comment_status":"","ping_status":"","sticky":false,"template":"","format":"standard","meta":{"footnotes":""},"categories":[2815],"tags":[1111,11,1477,1777,674,1119,1011,27,811,1307,12,25,104],"class_list":{"0":"post-411160","1":"post","2":"type-post","3":"status-publish","4":"format-standard","5":"has-post-thumbnail","7":"category-lille","8":"tag-actu","9":"tag-actualites","10":"tag-artisanat","11":"tag-eu","12":"tag-europe","13":"tag-formation","14":"tag-fr","15":"tag-france","16":"tag-hauts-de-france","17":"tag-lille","18":"tag-news","19":"tag-republique-francaise","20":"tag-societe"},"share_on_mastodon":{"url":"https:\/\/pubeurope.com\/@fr\/115251944635389288","error":""},"_links":{"self":[{"href":"https:\/\/www.europesays.com\/fr\/wp-json\/wp\/v2\/posts\/411160","targetHints":{"allow":["GET"]}}],"collection":[{"href":"https:\/\/www.europesays.com\/fr\/wp-json\/wp\/v2\/posts"}],"about":[{"href":"https:\/\/www.europesays.com\/fr\/wp-json\/wp\/v2\/types\/post"}],"author":[{"embeddable":true,"href":"https:\/\/www.europesays.com\/fr\/wp-json\/wp\/v2\/users\/2"}],"replies":[{"embeddable":true,"href":"https:\/\/www.europesays.com\/fr\/wp-json\/wp\/v2\/comments?post=411160"}],"version-history":[{"count":0,"href":"https:\/\/www.europesays.com\/fr\/wp-json\/wp\/v2\/posts\/411160\/revisions"}],"wp:featuredmedia":[{"embeddable":true,"href":"https:\/\/www.europesays.com\/fr\/wp-json\/wp\/v2\/media\/411161"}],"wp:attachment":[{"href":"https:\/\/www.europesays.com\/fr\/wp-json\/wp\/v2\/media?parent=411160"}],"wp:term":[{"taxonomy":"category","embeddable":true,"href":"https:\/\/www.europesays.com\/fr\/wp-json\/wp\/v2\/categories?post=411160"},{"taxonomy":"post_tag","embeddable":true,"href":"https:\/\/www.europesays.com\/fr\/wp-json\/wp\/v2\/tags?post=411160"}],"curies":[{"name":"wp","href":"https:\/\/api.w.org\/{rel}","templated":true}]}}