{"id":411169,"date":"2025-09-23T05:28:32","date_gmt":"2025-09-23T05:28:32","guid":{"rendered":"https:\/\/www.europesays.com\/fr\/411169\/"},"modified":"2025-09-23T05:28:32","modified_gmt":"2025-09-23T05:28:32","slug":"une-grande-voix-du-barreau-de-lyon-sest-eteinte","status":"publish","type":"post","link":"https:\/\/www.europesays.com\/fr\/411169\/","title":{"rendered":"une grande voix du Barreau de Lyon s\u2019est \u00e9teinte &#8211;"},"content":{"rendered":"<p>\t\t\t\t<img fetchpriority=\"high\" decoding=\"async\" width=\"900\" height=\"882\" src=\"https:\/\/www.europesays.com\/fr\/wp-content\/uploads\/2025\/09\/01-Gilles-Dumont-Latour.jpg\" alt=\"\" title=\"01 Gilles Dumont Latour\"   class=\"wp-image-164703\"\/><\/p>\n<p><strong>Par la r\u00e9daction \u2013<\/strong> Passionn\u00e9 de voile, l\u2019avocat lyonnais Gilles Dumont-Latour a embarqu\u00e9 pour son ultime voyage le 29 juillet 2025, apr\u00e8s avoir lutt\u00e9 jusqu\u2019au dernier moment avec le courage, la force, la dignit\u00e9 et la sinc\u00e9rit\u00e9 qu\u2019il affichait, dans un pr\u00e9toire comme sur un terrain de rugby.<\/p>\n<p>De <strong>Gilles Dumont-Latour<\/strong>, tous ceux qui l\u2019ont connu garderont en m\u00e9moire une prestance, un sourire, un \u0153il p\u00e9tillant, une voix forte\u2026 et cette envie chevill\u00e9e au corps de toujours donner la priorit\u00e9 \u00e0 l\u2019humain. \u00ab C\u2019est la cl\u00e9 de voute de ma vie. Aussi bien personnelle que professionnelle \u00bb, expliquait-il. Autant de traits de caract\u00e8re qui avaient fait de lui une personnalit\u00e9 reconnue et appr\u00e9ci\u00e9e du Barreau de Lyon.<\/p>\n<p><img loading=\"lazy\" decoding=\"async\" class=\"alignnone wp-image-164704\" src=\"data:image\/svg+xml,%3Csvg%20xmlns=\" http:=\"\" alt=\"\" width=\"737\" height=\"473\" data-lazy- data-lazy- data-lazy-src=\"https:\/\/www.europesays.com\/fr\/wp-content\/uploads\/2025\/09\/03-Gilles-Dumont-Latour-jeune.jpg\"\/><\/p>\n<p><strong>\u00c0 62 ans, ce Bourguignon, n\u00e9 \u00e0 M\u00e2con et venu \u00e0 Lyon pour enfiler la robe et pr\u00eater serment, s\u2019en est all\u00e9, non sans avoir lutt\u00e9. <\/strong><\/p>\n<p>Mais pouvait-il en \u00eatre autrement pour ce passionn\u00e9 de rugby, qui avait longtemps foul\u00e9 les pelouses de la r\u00e9gion, lorsqu\u2019il \u00e9voluait au poste de troisi\u00e8me ligne aile sous le maillot du club de Saint-Priest, assumant m\u00eame pendant un certain temps le brassard de capitaine, ou au sein de l\u2019\u00e9quipe du Barreau de Lyon.<\/p>\n<p><img loading=\"lazy\" decoding=\"async\" class=\" wp-image-164705 alignleft\" src=\"data:image\/svg+xml,%3Csvg%20xmlns=\" http:=\"\" alt=\"\" width=\"206\" height=\"275\" data-lazy-src=\"https:\/\/www.europesays.com\/fr\/wp-content\/uploads\/2025\/09\/03-Gilles-Dumont-Latour-prestation-de-serment.jpg\"\/>Si ses parents et son fr\u00e8re <strong>Dominique<\/strong> avaient opt\u00e9 pour une carri\u00e8re dans l\u2019enseignement, c\u2019est au service de la Justice qu\u2019il avait choisi de se mettre, comme <strong>Patrick<\/strong>, son autre fr\u00e8re, avocat au Barreau de M\u00e2con jusqu\u2019\u00e0 son d\u00e9c\u00e8s en d\u00e9cembre 2012.<\/p>\n<p>Devenu p\u00e9naliste par conviction au lendemain de sa prestation de serment, le 14 d\u00e9cembre 1989, Gilles Dumont-Latour\u00a0avait, comme il aimait le dire lui-m\u00eame, embrass\u00e9 cette profession par passion et avec cette \u00ab\u00a0soif de d\u00e9fendre et de vaincre qui ne s\u2019\u00e9tanchera\u00a0jamais.\u00a0Le go\u00fbt de la justice. Ou plut\u00f4t du combat contre l\u2019injustice.\u00a0\u00bb<\/p>\n<p><strong>Du p\u00e9nal au droit des affaires<\/strong><\/p>\n<p>Apr\u00e8s une dizaine d\u2019ann\u00e9es dans le p\u00e9nal, <a href=\"https:\/\/www.lyonpeople.com\/actualites-lyon\/actualites-juridiques\/lyon-gilles-dumont-latour-avocat-inexorablement-humain-2024-02-12.html\" target=\"_blank\" rel=\"noopener\"><strong>il avait d\u00e9cid\u00e9 de se tourner vers le droit des affaires<\/strong><\/a>, pour essayer de concilier sa vie de famille, autour de ses filles <strong>Julie<\/strong> et <strong>Lola <\/strong>(ci-dessous), et sa vie professionnelle. Sans d\u00e9laisser totalement sa vocation originelle, mais en acceptant de ne plus en faire l\u2019\u00e9picentre de son activit\u00e9.<\/p>\n<p><img loading=\"lazy\" decoding=\"async\" class=\"alignnone wp-image-164714\" src=\"data:image\/svg+xml,%3Csvg%20xmlns=\" http:=\"\" alt=\"\" width=\"745\" height=\"477\" data-lazy- data-lazy- data-lazy-src=\"https:\/\/www.europesays.com\/fr\/wp-content\/uploads\/2025\/09\/Lola-et-Julia-Dumont-Latour.jpg\"\/><\/p>\n<p>Homme de conviction, il n\u2019a jamais regrett\u00e9 ce choix, expliquant qu\u2019il avait simplement trac\u00e9 une autre voie pour exprimer sa passion du m\u00e9tier d\u2019avocat. Diff\u00e9remment, mais avec une sinc\u00e9rit\u00e9 identique.<\/p>\n<p>La m\u00eame honn\u00eatet\u00e9 intellectuelle qui l\u2019avait conduit \u00e0 revenir aux sources ces derni\u00e8res ann\u00e9es, en enfilant de nouveau cette robe qu\u2019il portait fi\u00e8rement, pour reprendre sa place dans une salle d\u2019assises et retrouver le stress qui monte, lorsque le pr\u00e9sident de la Cour, apr\u00e8s l\u2019intervention des parties civiles et les r\u00e9quisitions de l\u2019avocat g\u00e9n\u00e9ral, reprend la parole et d\u00e9clare d\u2019une voix forte : \u00ab\u00a0La parole est \u00e0 la d\u00e9fense.\u00a0\u00bb<\/p>\n<p><strong>Son ultime conviction <\/strong><\/p>\n<p><img loading=\"lazy\" decoding=\"async\" class=\"alignnone wp-image-164708\" src=\"data:image\/svg+xml,%3Csvg%20xmlns=\" http:=\"\" alt=\"\" width=\"746\" height=\"764\" data-lazy- data-lazy- data-lazy-src=\"https:\/\/www.europesays.com\/fr\/wp-content\/uploads\/2025\/09\/01-Gilles-Dumont-Latour-mariage-avec-Marie-Pierre.jpg\"\/><\/p>\n<p>Commen\u00e7ait alors ce moment qu\u2019il aimait tant, o\u00f9 il devait, par les mots, par le geste, transmettre au pr\u00e9sident et aux jur\u00e9s son intime conviction, \u00ab\u00a0en respectant toujours la douleur et la souffrance des victimes.\u00a0\u00bb<\/p>\n<p>Ce go\u00fbt des mots et des plaidoiries parfaitement cisel\u00e9es, il les aiguisait en se nourrissant de lectures, en \u00e9coutant les chansons de Gainsbourg et en s\u2019adonnant \u00e0 l\u2019art de la com\u00e9die, qu\u2019il aurait aim\u00e9 pratiquer. \u00ab\u00a0Il aimait le cin\u00e9ma et les acteurs\u00a0; il avait d\u2019ailleurs pass\u00e9 quelques castings\u00a0\u00bb, glisse <strong>Marie-Pierre<\/strong>, dont il partageait la vie depuis trois ans et qu\u2019il avait \u00e9pous\u00e9e le 23 mai dernier.<\/p>\n<p><img loading=\"lazy\" decoding=\"async\" class=\" wp-image-164709 alignleft\" src=\"data:image\/svg+xml,%3Csvg%20xmlns=\" http:=\"\" alt=\"\" width=\"274\" height=\"298\" data-lazy-src=\"https:\/\/www.europesays.com\/fr\/wp-content\/uploads\/2025\/09\/Maitre-Gilles-Dumont-Latour.jpg\"\/>Ensemble, ils prenaient la mer sur le bateau amarr\u00e9 en M\u00e9diterran\u00e9e, avant de revenir \u00e0 Marseille, o\u00f9 Gilles Dumont-Latour avait achet\u00e9 une maison et o\u00f9 il aimait se ressourcer, pour partager une partie de p\u00e9tanque avec ses amis.<\/p>\n<p>C\u2019est l\u00e0-bas, au c\u0153ur de la cit\u00e9 phoc\u00e9enne qu\u2019il a men\u00e9 son dernier combat, entour\u00e9 des siens, avec la m\u00eame rage de vaincre que lorsqu\u2019il d\u00e9fendait ses clients. \u00ab\u00a0J\u2019ai le go\u00fbt de\u00a0\u00ab\u00a0la gagne\u00a0\u00bb visc\u00e9ralement ancr\u00e9 en moi\u00a0\u00bb, disait-il. Une force de caract\u00e8re qui l\u2019a accompagn\u00e9 jusqu\u2019au dernier moment.<\/p>\n<p>\u00a0<\/p>\n<p>Nico et Marco avec l\u2019\u00e9quipe de Lyon People pr\u00e9sentent leurs condol\u00e9ances aux membres de sa famille, \u00e0 ses proches et \u00e0 ses collaborateurs<\/p>\n<p>\u00a0<\/p>\n","protected":false},"excerpt":{"rendered":"Par la r\u00e9daction \u2013 Passionn\u00e9 de voile, l\u2019avocat lyonnais Gilles Dumont-Latour a embarqu\u00e9 pour son ultime voyage le&hellip;\n","protected":false},"author":2,"featured_media":411170,"comment_status":"","ping_status":"","sticky":false,"template":"","format":"standard","meta":{"footnotes":""},"categories":[1889],"tags":[4257,1111,11,2430,1777,674,1011,27,54236,2428,12,25],"class_list":{"0":"post-411169","1":"post","2":"type-post","3":"status-publish","4":"format-standard","5":"has-post-thumbnail","7":"category-lyon","8":"tag-0top","9":"tag-actu","10":"tag-actualites","11":"tag-auvergne-rhone-alpes","12":"tag-eu","13":"tag-europe","14":"tag-fr","15":"tag-france","16":"tag-gilles-dumont-latour","17":"tag-lyon","18":"tag-news","19":"tag-republique-francaise"},"share_on_mastodon":{"url":"https:\/\/pubeurope.com\/@fr\/115251963910392405","error":""},"_links":{"self":[{"href":"https:\/\/www.europesays.com\/fr\/wp-json\/wp\/v2\/posts\/411169","targetHints":{"allow":["GET"]}}],"collection":[{"href":"https:\/\/www.europesays.com\/fr\/wp-json\/wp\/v2\/posts"}],"about":[{"href":"https:\/\/www.europesays.com\/fr\/wp-json\/wp\/v2\/types\/post"}],"author":[{"embeddable":true,"href":"https:\/\/www.europesays.com\/fr\/wp-json\/wp\/v2\/users\/2"}],"replies":[{"embeddable":true,"href":"https:\/\/www.europesays.com\/fr\/wp-json\/wp\/v2\/comments?post=411169"}],"version-history":[{"count":0,"href":"https:\/\/www.europesays.com\/fr\/wp-json\/wp\/v2\/posts\/411169\/revisions"}],"wp:featuredmedia":[{"embeddable":true,"href":"https:\/\/www.europesays.com\/fr\/wp-json\/wp\/v2\/media\/411170"}],"wp:attachment":[{"href":"https:\/\/www.europesays.com\/fr\/wp-json\/wp\/v2\/media?parent=411169"}],"wp:term":[{"taxonomy":"category","embeddable":true,"href":"https:\/\/www.europesays.com\/fr\/wp-json\/wp\/v2\/categories?post=411169"},{"taxonomy":"post_tag","embeddable":true,"href":"https:\/\/www.europesays.com\/fr\/wp-json\/wp\/v2\/tags?post=411169"}],"curies":[{"name":"wp","href":"https:\/\/api.w.org\/{rel}","templated":true}]}}