{"id":411171,"date":"2025-09-23T05:29:09","date_gmt":"2025-09-23T05:29:09","guid":{"rendered":"https:\/\/www.europesays.com\/fr\/411171\/"},"modified":"2025-09-23T05:29:09","modified_gmt":"2025-09-23T05:29:09","slug":"handicap-lile-de-france-supprime-les-subventions-aux-mdph-inacceptable-et-incomprehensible","status":"publish","type":"post","link":"https:\/\/www.europesays.com\/fr\/411171\/","title":{"rendered":"Handicap. L&rsquo;\u00cele-de-France supprime les subventions aux MDPH : \u00ab\u00a0inacceptable et incompr\u00e9hensible\u00a0\u00bb"},"content":{"rendered":"<p>            Par<br \/>\n        <strong><br \/>\n            <a href=\"https:\/\/actu.fr\/auteur\/dorinegoth\" title=\"Consulter tous les articles de Dorine Goth\" rel=\"nofollow noopener\" target=\"_blank\">Dorine Goth<\/a><br \/>\n        <\/strong><\/p>\n<p>        Publi\u00e9 le<\/p>\n<p>            23 sept. 2025 \u00e0 7h14        <\/p>\n<p>C\u2019est un coup de pouces financier dont vont devoir se passer les <strong>Maisons d\u00e9partementales des <a href=\"https:\/\/actu.fr\/tag\/handicap\" rel=\"nofollow noopener\" target=\"_blank\">personnes handicap\u00e9es<\/a> <\/strong>(MDPH). Dans un communiqu\u00e9 publi\u00e9 vendredi 19\u00a0septembre 2025, des \u00e9lus de gauche au conseil r\u00e9gional d\u2019\u00cele-de-France alertent sur la <strong>suppression de la participation financi\u00e8re<\/strong> de la r\u00e9gion au<strong> fonds de compensation<\/strong> des huit MDPH du territoire. Une information confirm\u00e9e par la r\u00e9gion \u00e0 actu Paris. \u00ab\u2009Dans un contexte budg\u00e9taire particuli\u00e8rement contraint et conform\u00e9ment aux observations qui lui ont \u00e9t\u00e9 faites par la chambre r\u00e9gionale des comptes, la r\u00e9gion s\u2019est recentr\u00e9e sur ses comp\u00e9tences\u2009\u00bb, explique-t-elle.<\/p>\n<p>2\u2009000 b\u00e9n\u00e9ficiaires en \u00cele-de-France<\/p>\n<p class=\" wall-content\">Instaur\u00e9e en 2014, cette aide financi\u00e8re participait \u00e0 l\u2019enveloppe qui permettait aux personnes handicap\u00e9es de faire face aux frais li\u00e9s \u00e0 leur handicap et restant \u00e0 leur charge, comme <a href=\"https:\/\/actu.fr\/economie\/ma-prime-adapt-les-conditions-pour-beneficier-de-cette-aide-pour-les-plus-de-60-ans_60596500.html\" rel=\"nofollow noopener\" target=\"_blank\"><strong>l\u2019am\u00e9nagement des logements<\/strong><\/a> ou encore des <strong>v\u00e9hicules.<\/strong> En 2024, cette aide \u00e9tait de <strong>2\u00a0millions d\u2019euros<\/strong>.<\/p>\n<p class=\" wall-content\">Selon l\u2019opposition <strong>2\u2009000\u00a0personnes<\/strong> b\u00e9n\u00e9ficient de cette aide chaque ann\u00e9e. \u00ab\u2009Cette d\u00e9cision, prise en catimini, est inacceptable et incompr\u00e9hensible. Elle p\u00e9nalise fortement les MDPH, d\u00e9j\u00e0 en grande difficult\u00e9, ainsi que leurs usag\u00e8res et usagers en situation de handicap\u2009\u00bb, d\u00e9plorent les \u00e9lus. \u00ab\u2009Il ne s\u2019agit en aucun cas d\u2019une suppression d\u00e9cid\u00e9e en catimini\u2009: la d\u00e9cision a \u00e9t\u00e9 envisag\u00e9e d\u00e8s l\u2019annonce de la restriction des financements de l\u2019\u00c9tat \u00e0 l\u2019automne 2024\u2009\u00bb, r\u00e9pond la r\u00e9gion qui rappelle que le handicap est une comp\u00e9tence des d\u00e9partements.<\/p>\n<p class=\" wall-content\">Pour justifier cette mesure, elle s\u2019appuie sur la <a href=\"https:\/\/actu.fr\/societe\/les-fauteuils-roulants-bientot-integralement-rembourses-voici-la-liste-des-equipements-concernes_62225714.html\" rel=\"nofollow noopener\" target=\"_blank\"><strong>prise en charge int\u00e9grale<\/strong> par l\u2019assurance maladie des<strong> fauteuils roulants<\/strong><\/a> \u00e0 partir du 1er d\u00e9cembre 2025. \u00ab\u2009Il n\u2019y aura donc plus de reste \u00e0 charge pour les personnes en situation de handicap pour leur fauteuil, donc plus d\u2019intervention du fonds de compensation des MDPH en la mati\u00e8re (les fauteuils repr\u00e9sentaient une part non n\u00e9gligeable de l\u2019intervention de ce fonds)\u2009\u00bb, argue-t-elle. Pour \u00e9quiper leurs logements, les Franciliens pourront continuer de se tourner vers les d\u00e9partements et l\u2019<a href=\"https:\/\/actu.fr\/societe\/attention-a-ces-courriers-de-la-secu-dans-votre-boite-aux-lettres-l-assurance-maladie-appelle-a-la-vigilance_63078641.html\" rel=\"nofollow noopener\" target=\"_blank\">assurance maladie<\/a>.<\/p>\n<p class=\" wall-content\">Personnalisez votre actualit\u00e9 en ajoutant vos villes et m\u00e9dias en favori avec <a href=\"https:\/\/moncompte.actu.fr\" title=\"D\u00e9couvez Mon Actu\" rel=\"nofollow noopener\" data-trk=\"{&quot;cta&quot;:{&quot;action&quot;:&quot;https:\\\/\\\/moncompte.actu.fr&quot;,&quot;category&quot;:&quot;mon compte&quot;,&quot;from&quot;:&quot;article footer&quot;,&quot;name&quot;:&quot;Mon actu&quot;,&quot;type&quot;:&quot;cta&quot;}}\" target=\"_blank\">Mon Actu<\/a>.<\/p>\n","protected":false},"excerpt":{"rendered":"Par Dorine Goth Publi\u00e9 le 23 sept. 2025 \u00e0 7h14 C\u2019est un coup de pouces financier dont vont&hellip;\n","protected":false},"author":2,"featured_media":411172,"comment_status":"","ping_status":"","sticky":false,"template":"","format":"standard","meta":{"footnotes":""},"categories":[1592],"tags":[1111,11,1777,674,1011,27,1943,662,12,626,25,104,2328],"class_list":{"0":"post-411171","1":"post","2":"type-post","3":"status-publish","4":"format-standard","5":"has-post-thumbnail","7":"category-ile-de-france","8":"tag-actu","9":"tag-actualites","10":"tag-eu","11":"tag-europe","12":"tag-fr","13":"tag-france","14":"tag-handicap","15":"tag-ile-de-france","16":"tag-news","17":"tag-paris","18":"tag-republique-francaise","19":"tag-societe","20":"tag-valerie-pecresse"},"share_on_mastodon":{"url":"https:\/\/pubeurope.com\/@fr\/115251967670148711","error":""},"_links":{"self":[{"href":"https:\/\/www.europesays.com\/fr\/wp-json\/wp\/v2\/posts\/411171","targetHints":{"allow":["GET"]}}],"collection":[{"href":"https:\/\/www.europesays.com\/fr\/wp-json\/wp\/v2\/posts"}],"about":[{"href":"https:\/\/www.europesays.com\/fr\/wp-json\/wp\/v2\/types\/post"}],"author":[{"embeddable":true,"href":"https:\/\/www.europesays.com\/fr\/wp-json\/wp\/v2\/users\/2"}],"replies":[{"embeddable":true,"href":"https:\/\/www.europesays.com\/fr\/wp-json\/wp\/v2\/comments?post=411171"}],"version-history":[{"count":0,"href":"https:\/\/www.europesays.com\/fr\/wp-json\/wp\/v2\/posts\/411171\/revisions"}],"wp:featuredmedia":[{"embeddable":true,"href":"https:\/\/www.europesays.com\/fr\/wp-json\/wp\/v2\/media\/411172"}],"wp:attachment":[{"href":"https:\/\/www.europesays.com\/fr\/wp-json\/wp\/v2\/media?parent=411171"}],"wp:term":[{"taxonomy":"category","embeddable":true,"href":"https:\/\/www.europesays.com\/fr\/wp-json\/wp\/v2\/categories?post=411171"},{"taxonomy":"post_tag","embeddable":true,"href":"https:\/\/www.europesays.com\/fr\/wp-json\/wp\/v2\/tags?post=411171"}],"curies":[{"name":"wp","href":"https:\/\/api.w.org\/{rel}","templated":true}]}}