{"id":411179,"date":"2025-09-23T05:33:33","date_gmt":"2025-09-23T05:33:33","guid":{"rendered":"https:\/\/www.europesays.com\/fr\/411179\/"},"modified":"2025-09-23T05:33:33","modified_gmt":"2025-09-23T05:33:33","slug":"la-defense-deux-jeunes-de-25-ans-sintroduisent-a-la-cite-de-lhistoire-et-volent-des-epees-factices","status":"publish","type":"post","link":"https:\/\/www.europesays.com\/fr\/411179\/","title":{"rendered":"La D\u00e9fense\u00a0: deux jeunes de 25\u00a0ans s\u2019introduisent \u00e0 la Cit\u00e9 de l\u2019histoire\u2026 et volent des \u00e9p\u00e9es factices"},"content":{"rendered":"<p class=\"paragraph text_align_left lp-f-body-02\">Ces deux-l\u00e0 \u00e9taient manifestement bien d\u00e9cid\u00e9s \u00e0 s\u2019emparer des \u00e9p\u00e9es, sans viser un autre butin. Ce dimanche soir, deux jeunes malfaiteurs de 25 ans se sont introduits dans <a href=\"https:\/\/www.leparisien.fr\/hauts-de-seine-92\/la-defense-a-la-cite-de-lhistoire-revivez-le-sacre-dhugues-capet-ou-la-bataille-de-verdun-10-02-2023-ACX46GH6OFAD3MSOTYITR2BPDY.php\" target=\"_blank\" rel=\"noreferrer noopener\">la Cit\u00e9 de l\u2019histoire<\/a>, le mus\u00e9e imagin\u00e9 par Franck Ferrand et les productions Amaclio, install\u00e9e sous la Grande Arche de La D\u00e9fense depuis le d\u00e9but de l\u2019ann\u00e9e 2023, pour d\u00e9rober les armes factices.<\/p>\n<p class=\"paragraph text_align_left lp-f-body-02\">C\u2019\u00e9tait un peu avant la fermeture, vers 18h45, alors qu\u2019il ne restait quasiment plus de visiteurs dans cet espace de 6 000 m2 o\u00f9 l\u2019histoire de France est retrac\u00e9e dans des parcours immersifs, avec images de synth\u00e8se, projections et sayn\u00e8tes avec nombreux \u00e9l\u00e9ments de d\u00e9cor.<\/p>\n<p>Ils forcent l\u2019issue de secours pour p\u00e9n\u00e9trer dans le mus\u00e9e<\/p>\n<p class=\"paragraph text_align_left lp-f-body-02\">Dimanche soir donc, un jeune homme et une jeune femme forcent l\u2019issue de secours du mus\u00e9e, qui donne rue de la Demi-Lune, celle qui borde le parvis. \u00c9videmment, une cam\u00e9ra filme cette issue de secours. Pour autant, ce n\u2019est pas au moment de son intrusion que le duo est rep\u00e9r\u00e9.<\/p>\n<p><img decoding=\"async\" class=\"image \" loading=\"lazy\" src=\"https:\/\/www.europesays.com\/fr\/wp-content\/uploads\/2025\/09\/MYAKVY4U6VCIVCC6AI5PDELQIM.jpg\" alt=\"Le parcours immersif retrace l'histoire de France.  LP\/H.D.\" align=\"\" data-rubrique-principale=\"\" data-article-type=\"\" fetchpriority=\"auto\"\/>Le parcours immersif retrace l&rsquo;histoire de France.  LP\/H.D.<\/p>\n<p class=\"paragraph text_align_left lp-f-body-02\">Une fois \u00e0 l\u2019int\u00e9rieur, les apprentis voleurs foncent vers la salle d\u00e9di\u00e9e \u00e0 l\u2019\u00e9poque Renaissance. Il y a l\u00e0 la reconstitution d\u2019un ch\u00e2teau de l\u2019\u00e9poque avec une multitude d\u2019objets de d\u00e9cor. Apparemment, les deux jeunes gens savent ce qu\u2019ils veulent. Ils se dirigent directement vers les \u00e9p\u00e9es, selon une source \u00e0 la Cit\u00e9 de l\u2019histoire et s\u2019affairent \u00e0 d\u00e9crocher les armes, factices, pourtant bien arrim\u00e9es et, en principe, \u00ab inaccessibles \u00bb. Les voleurs auraient mis quelques minutes pour arriver \u00e0 leurs fins.<\/p>\n<p>Les malfaiteurs tentent de neutraliser l\u2019agent de s\u00e9curit\u00e9<\/p>\n<p class=\"paragraph text_align_left lp-f-body-02\">Dans le m\u00eame temps, alors qu\u2019il fait sa ronde au moment o\u00f9 la Cit\u00e9 de l\u2019histoire va bient\u00f4t fermer, un agent de s\u00e9curit\u00e9 remarque la porte de l\u2019issue de secours forc\u00e9e. Il revient sur ses pas et voit le duo finir son \u0153uvre d\u00e9lictuelle. Alors qu\u2019il s\u2019appr\u00eate \u00e0 les emp\u00eacher de fuir, la jeune femme aurait d\u00e9gain\u00e9 un pistolet \u00e0 impulsion \u00e9lectrique, puis l\u2019aurait plaqu\u00e9 sur l\u2019agent de s\u00e9curit\u00e9 avant de l\u2019actionner.<\/p>\n<p class=\"paragraph text_align_left lp-f-body-02\">Les coll\u00e8gues de l\u2019agent sont intervenus \u00e0 leur tour et les jeunes gens ont \u00e9t\u00e9 ma\u00eetris\u00e9s. Jusqu\u2019\u00e0 l\u2019arriv\u00e9e de la police nationale, qui les a plac\u00e9s en garde \u00e0 vue. Ce lundi, la Cit\u00e9 de l\u2019histoire a d\u00e9pos\u00e9 plainte pour vol avec effraction. Pas l\u2019agent de s\u00e9curit\u00e9, qui n\u2019\u00e9tait pas certain de faire la d\u00e9marche.<\/p>\n","protected":false},"excerpt":{"rendered":"Ces deux-l\u00e0 \u00e9taient manifestement bien d\u00e9cid\u00e9s \u00e0 s\u2019emparer des \u00e9p\u00e9es, sans viser un autre butin. Ce dimanche soir,&hellip;\n","protected":false},"author":2,"featured_media":411180,"comment_status":"","ping_status":"","sticky":false,"template":"","format":"standard","meta":{"footnotes":""},"categories":[1888],"tags":[11,1777,674,118,1011,27,3314,1944,12,626,25],"class_list":{"0":"post-411179","1":"post","2":"type-post","3":"status-publish","4":"format-standard","5":"has-post-thumbnail","7":"category-paris","8":"tag-actualites","9":"tag-eu","10":"tag-europe","11":"tag-faits-divers","12":"tag-fr","13":"tag-france","14":"tag-hauts-de-seine","15":"tag-ma-ville","16":"tag-news","17":"tag-paris","18":"tag-republique-francaise"},"share_on_mastodon":{"url":"https:\/\/pubeurope.com\/@fr\/115251984026000389","error":""},"_links":{"self":[{"href":"https:\/\/www.europesays.com\/fr\/wp-json\/wp\/v2\/posts\/411179","targetHints":{"allow":["GET"]}}],"collection":[{"href":"https:\/\/www.europesays.com\/fr\/wp-json\/wp\/v2\/posts"}],"about":[{"href":"https:\/\/www.europesays.com\/fr\/wp-json\/wp\/v2\/types\/post"}],"author":[{"embeddable":true,"href":"https:\/\/www.europesays.com\/fr\/wp-json\/wp\/v2\/users\/2"}],"replies":[{"embeddable":true,"href":"https:\/\/www.europesays.com\/fr\/wp-json\/wp\/v2\/comments?post=411179"}],"version-history":[{"count":0,"href":"https:\/\/www.europesays.com\/fr\/wp-json\/wp\/v2\/posts\/411179\/revisions"}],"wp:featuredmedia":[{"embeddable":true,"href":"https:\/\/www.europesays.com\/fr\/wp-json\/wp\/v2\/media\/411180"}],"wp:attachment":[{"href":"https:\/\/www.europesays.com\/fr\/wp-json\/wp\/v2\/media?parent=411179"}],"wp:term":[{"taxonomy":"category","embeddable":true,"href":"https:\/\/www.europesays.com\/fr\/wp-json\/wp\/v2\/categories?post=411179"},{"taxonomy":"post_tag","embeddable":true,"href":"https:\/\/www.europesays.com\/fr\/wp-json\/wp\/v2\/tags?post=411179"}],"curies":[{"name":"wp","href":"https:\/\/api.w.org\/{rel}","templated":true}]}}