{"id":411181,"date":"2025-09-23T05:34:21","date_gmt":"2025-09-23T05:34:21","guid":{"rendered":"https:\/\/www.europesays.com\/fr\/411181\/"},"modified":"2025-09-23T05:34:21","modified_gmt":"2025-09-23T05:34:21","slug":"paris-nest-toujours-pas-la-capitale-du-velo","status":"publish","type":"post","link":"https:\/\/www.europesays.com\/fr\/411181\/","title":{"rendered":"Paris n\u2019est toujours pas la capitale du v\u00e9lo"},"content":{"rendered":"<p><strong>Au barom\u00e8tre du v\u00e9lo de 2025<\/strong> <strong>Paris<\/strong> ne figure m\u00eame pas parmi les trois meilleures grandes villes, alors m\u00eame que sa maire a fait du v\u00e9lo son totem. Elle ne figure m\u00eame pas parmi les 10 premi\u00e8res. Elle n\u2019est donc toujours pas reconnue comme\u00a0 \u00ab\u00a0<strong>la capitale mondiale du v\u00e9lo\u00a0<\/strong>\u00bb qu\u2019avait annonc\u00e9e Christophe Najdovsky lorsqu\u2019il \u00e9tait adjoint \u00e0 la voirie.\u00a0<\/p>\n<p>Cette mauvaise place est-elle due au fait que les militants associatifs locaux, bien que soutiens inconditionnels de la Gauche, adorent harceler sur certains d\u00e9tails qui ne vont pas ?  C\u2019est peut-\u00eatre tout simplement parce que les cyclistes deviennent plus exigeants \u00e0 mesure que leur situation s\u2019am\u00e9liore, comme il se dit en g\u00e9n\u00e9ral, ce qui ferait d\u2019une note basse une preuve de sup\u00e9riorit\u00e9 ! A moins que ce soit la ran\u00e7on d\u2019am\u00e9nagements b\u00e2cl\u00e9s, notamment dans les carrefours et places.<\/p>\n<p>Je ne sais pas, d\u2019autant que parmi les r\u00e9pondants les adh\u00e9rents \u00e0 une association sont tr\u00e8s minoritaires et que l\u2019on peut penser que ce sont eux les plus critiques.\u00a0Alors, la voix des cyclistes, tout simplement ? <\/p>\n<p>Il y a des exemples inverses de villes qui se maintiennent en haut. <strong>Grenoble<\/strong> est r\u00e9compens\u00e9e pour la 4e fois, et reste, avec <strong>Strasbourg<\/strong> (nomm\u00e9e premi\u00e8re d\u00e8s 1990 par 50 millions de consommateurs), la r\u00e9f\u00e9rence fran\u00e7aise. Leurs associations y jouent depuis tr\u00e8s longtemps un r\u00f4le important. <strong>Clermont-Ferrand<\/strong>,<strong> Lyon<\/strong>, <strong>Toulouse<\/strong> progressent tr\u00e8s vite, <strong>Marseille <\/strong>reste une catastrophe alors que <strong>Paris<\/strong> se hisse quand m\u00eame \u00e0 la note C, ce qui, apr\u00e8s tout, est encourageant.<\/p>\n<p>Pour les <strong>villes moyennes<\/strong>, \u00e9tonnement aussi. <strong>Bourg-en-Bresse<\/strong> premi\u00e8re,<strong> Gujan-Mestras<\/strong> 2eme, <strong>La Rochelle<\/strong> troisi\u00e8me. Mais pour cette seconde on nous dit que \u00ab\u00a0il y a eu une tr\u00e8s forte augmentation du lin\u00e9aire d\u2019am\u00e9nagements sur Gujan-Mestras depuis 2021, et ceci combin\u00e9 avec le dialogue avec les associations explique bien la progression de la note\u00a0\u00bb. (E. Roche, sur linkedin)<\/p>\n<p>Concernant les <strong>banlieues<\/strong> et <strong>petites communes<\/strong> c\u2019est la curiosit\u00e9 qui l\u2019emporte. Disons qu\u2019\u00eatre proche d\u2019une ville active renforce la prise en compte des cyclistes (Cl\u00e9ment Dusong nous expliquait pourquoi en juillet dernier), et \u00eatre une commune touristique aussi, s\u2019il y a une vaste plage\u2026 et pas grand monde l\u2019hiver.<\/p>\n<p class=\"has-isa-bleu-color has-isa-rose-vieux-background-color has-text-color has-background has-link-color wp-elements-7437d90f907c7a78f75a16729d6c8576\"><strong>\u25b6\ufe0f <a href=\"https:\/\/www.isabelleetlevelo.fr\/2025\/07\/03\/pourquoi-tant-de-velos-en-banlieue\/\" target=\"_blank\" rel=\"noopener\">Pourquoi y a-t-il tant de v\u00e9los <\/a><a href=\"https:\/\/www.isabelleetlevelo.fr\/2025\/07\/03\/pourquoi-tant-de-velos-en-banlieue\/\" target=\"_blank\" rel=\"noreferrer noopener\">e<\/a><a href=\"https:\/\/www.isabelleetlevelo.fr\/2025\/07\/03\/pourquoi-tant-de-velos-en-banlieue\/\" target=\"_blank\" rel=\"noopener\">n banlieue ?<\/a><\/strong> Isabelle et le v\u00e9lo, juillet 2025<\/p>\n<p>Restent \u00e0 la tra\u00eene<strong> bourgs<\/strong> et <strong>villages<\/strong>, qu\u2019il va falloir mieux accompagner, note la Fub.<\/p>\n<p><img fetchpriority=\"high\" decoding=\"async\" width=\"382\" height=\"448\" data-id=\"82728\" src=\"data:image\/svg+xml,%3Csvg%20xmlns=\" http:=\"\" alt=\"\" class=\"wp-image-82728\" data-lazy- data-lazy- data-lazy-src=\"https:\/\/www.europesays.com\/fr\/wp-content\/uploads\/2025\/09\/Cotation.jpg\"\/><\/p>\n<p><img loading=\"lazy\" decoding=\"async\" width=\"838\" height=\"604\" data-id=\"82735\" src=\"data:image\/svg+xml,%3Csvg%20xmlns=\" http:=\"\" alt=\"\" class=\"wp-image-82735\" data-lazy- data-lazy- data-lazy-src=\"https:\/\/www.europesays.com\/fr\/wp-content\/uploads\/2025\/09\/participation-par-editions.png\"\/><\/p>\n<p><img loading=\"lazy\" decoding=\"async\" width=\"1024\" height=\"609\" data-id=\"82733\" src=\"data:image\/svg+xml,%3Csvg%20xmlns=\" http:=\"\" alt=\"\" class=\"wp-image-82733\" data-lazy- data-lazy- data-lazy-src=\"https:\/\/www.europesays.com\/fr\/wp-content\/uploads\/2025\/09\/gares-ayant-besoin-de-stationnement-1024x609.png\"\/><\/p>\n<p class=\"has-text-align-center has-isa-bleu-color has-text-color has-link-color wp-elements-3db1ff0574393e6046f4a578d573d97d\">Ci-dessus : <strong>Cotation, \u00e9volution de la participation, dr\u00f4les de r\u00e9sultats pour les gares<\/strong><\/p>\n<p class=\"has-text-align-left has-isa-rouge-fonce-color has-isa-jaune-pale-background-color has-text-color has-background has-link-color wp-elements-b8db9f5fe7f4d513851b62c3e43d11a1\"><strong>D\u00e9ception<\/strong> de voir ce superbe outil d\u2019\u00e9valuation qui glisse vers le n\u2019importe quoi, \u00e9crit sur Linkedin Emmanuel Roche, M. V\u00e9lo du Grand Chamb\u00e9ry, dans un post qui se r\u00e9v\u00e8le finalement n\u2019\u00eatre qu\u2019une r\u00e9action \u00e0 chaud. Certains des commentateurs ajoutent cependant que \u00ab\u00a0<strong>la culture v\u00e9lo<\/strong> n\u2019est absolument pas \u00e9gale d\u2019un territoire \u00e0 l\u2019autre. Le <strong>profil<\/strong> des personnes qui r\u00e9pondent \u00e0 cette enqu\u00eate non plus. Du coup, ce genre de barom\u00e8tre a de r\u00e9elles limites que leurs auteurs ne semblent pas vouloir voir.\u00a0\u00bb Le m\u00eame rel\u00e8ve que \u00ab\u00a0impression de s\u00e9curit\u00e9\u00a0\u00bb et \u00ab\u00a0s\u00e9curit\u00e9\u00a0\u00bb ne sont pas distingu\u00e9s, alors m\u00eame que souvent ces deux notions sont antagonistes. Enfin plusieurs villes (<strong>Saint-Nazaire<\/strong>,<strong> Lyon<\/strong>) \u00e9taient en plein <strong>travaux<\/strong> au moment du questionnaire, ce qui n\u2019a pas permis d\u2019en valoriser le r\u00e9sultat !\u00a0<br \/><a href=\"https:\/\/www.linkedin.com\/feed\/update\/urn:li:activity:7374748889482067968\/?commentUrn=urn:li:comment:(ugcPost:7374748888458498048,7374791321577746432)&amp;dashCommentUrn=urn:li:fsd_comment:(7374791321577746432,urn:li:ugcPost:7374748888458498048)&amp;dashReplyUrn=urn:li:fsd_comment:(7374825970173911040,urn:li:ugcPost:7374748888458498048)&amp;replyUrn=urn:li:comment:(ugcPost:7374748888458498048,7374825970173911040)\" target=\"_blank\" rel=\"noreferrer noopener\"><strong>Linkedin<\/strong><\/a><\/p>\n<p><strong>Pour ma part<\/strong> je constate que nous ne savons rien sur l\u2019influence de la possibilit\u00e9 de <strong>voter pour plusieurs communes<\/strong>, pour tenir compte de la r\u00e9alit\u00e9 des d\u00e9placements. <br \/>Je souligne \u00e9galement que les am\u00e9nagements satisfont rarement les besoins des enfants ou des vieux, ces derniers \u00e9tant nombreux dans les r\u00e9pondants.<\/p>\n<p><strong>Les participants<\/strong><\/p>\n<p><strong>89% des r\u00e9pondants sont des cyclistes<\/strong>, moins de 15% sont adh\u00e9rents d\u2019une association sp\u00e9cialis\u00e9e, pour la premi\u00e8re fois il y a plus de femmes que d\u2019hommes. 6% seulement rel\u00e8vent des \u00ab\u00a0quartiers populaires\u00a0\u00bb, 37% roulent peu, 25% ont plus de 65 ans, et \u2026 2% sont des d\u00e9butants.\u00a0<br \/>La politique du v\u00e9lo est-elle de faire plaisir aux cyclistes actuels ou \u00e0 faciliter le passage \u00e0 l\u2019acte des d\u00e9butants, ceux qui n\u2019ont quasiment pas particip\u00e9 ? <\/p>\n<p><strong>Les souhaits exprim\u00e9s<\/strong><\/p>\n<p>Les attentes exprim\u00e9es par ce panel, sans doute pas repr\u00e9sentatif, sont <strong>am\u00e9nagements s\u00e9curisants<\/strong> et <strong>baisse de la pression automobile<\/strong>.\u00a0<\/p>\n<p>La Fub met l\u2019accent sur les <strong>rocades<\/strong>, qualifi\u00e9es de <strong>zones excluantes<\/strong>, et insiste sur le<strong> r\u00f4le de l\u2019Etat<\/strong>, qui doit aider au moins dans ce genre de zone, o\u00f9 les am\u00e9nagements sont souvent tr\u00e8s chers, et d\u00fbs \u00e0 des ouvrages qui ont \u00e9t\u00e9 fortement aid\u00e9s par l\u2019Etat. Elle note aussi que les am\u00e9nagements ayant b\u00e9n\u00e9fici\u00e9 d\u2019une aide nationale ont trois fois plus d\u2019avis positifs que les autres, tout simplement, selon elle, parce que ces financements sont li\u00e9s au respect des recommandations du CERTU.\u00a0<\/p>\n<p>La <strong>feuille de route<\/strong> propos\u00e9e par la f\u00e9d\u00e9ration pour le prochain mandat municipal est de <strong>s\u2019attaquer aux zones critiques<\/strong>, et de <strong>conqu\u00e9rir les cyclistes d\u00e9butants<\/strong>. Pour cela elle sugg\u00e8re trois fa\u00e7ons compl\u00e9mentaires de faire, repenser les <strong>plans de circulation,<\/strong> imposer le <strong>30 \u00e0 l\u2019heure <\/strong>et en contr\u00f4ler l\u2019application, et <strong>faire \u00e9voluer les anciens am\u00e9nagements <\/strong>pour accueillir les nouveaux usages (livraisons, artisans, cargos familiaux, 2roues rapides, sans oublier les trottinettes \u2026 ).<\/p>\n<p><img loading=\"lazy\" decoding=\"async\" width=\"1024\" height=\"715\" data-wp-class--hide=\"state.isContentHidden\" data-wp-class--show=\"state.isContentVisible\" data-wp-init=\"callbacks.setButtonStyles\" data-wp-on-async--click=\"actions.showLightbox\" data-wp-on-async--load=\"callbacks.setButtonStyles\" data-wp-on-async-window--resize=\"callbacks.setButtonStyles\" data-id=\"82732\" src=\"data:image\/svg+xml,%3Csvg%20xmlns=\" http:=\"\" alt=\"\" class=\"wp-image-82732\" data-lazy- data-lazy- data-lazy-src=\"https:\/\/www.europesays.com\/fr\/wp-content\/uploads\/2025\/09\/carte-Sud-ouest-1024x715.jpg\"\/><\/p>\n<p>\t\t<strong>Aquitaine<\/strong><\/p>\n<p><img loading=\"lazy\" decoding=\"async\" width=\"1024\" height=\"720\" data-wp-class--hide=\"state.isContentHidden\" data-wp-class--show=\"state.isContentVisible\" data-wp-init=\"callbacks.setButtonStyles\" data-wp-on-async--click=\"actions.showLightbox\" data-wp-on-async--load=\"callbacks.setButtonStyles\" data-wp-on-async-window--resize=\"callbacks.setButtonStyles\" data-id=\"82731\" src=\"data:image\/svg+xml,%3Csvg%20xmlns=\" http:=\"\" alt=\"\" class=\"wp-image-82731\" data-lazy- data-lazy- data-lazy-src=\"https:\/\/www.europesays.com\/fr\/wp-content\/uploads\/2025\/09\/carte-Normandie-1024x720.jpg\"\/><\/p>\n<p>\t\t<strong>Normandie<\/strong><\/p>\n<p><img loading=\"lazy\" decoding=\"async\" width=\"1024\" height=\"723\" data-wp-class--hide=\"state.isContentHidden\" data-wp-class--show=\"state.isContentVisible\" data-wp-init=\"callbacks.setButtonStyles\" data-wp-on-async--click=\"actions.showLightbox\" data-wp-on-async--load=\"callbacks.setButtonStyles\" data-wp-on-async-window--resize=\"callbacks.setButtonStyles\" data-id=\"82730\" src=\"data:image\/svg+xml,%3Csvg%20xmlns=\" http:=\"\" alt=\"\" class=\"wp-image-82730\" data-lazy- data-lazy- data-lazy-src=\"https:\/\/www.europesays.com\/fr\/wp-content\/uploads\/2025\/09\/carte-Ile-de-France-1024x723.jpg\"\/><\/p>\n<p>\t\t<strong>Ile-de-France<\/strong><\/p>\n<p><img loading=\"lazy\" decoding=\"async\" width=\"1024\" height=\"718\" data-wp-class--hide=\"state.isContentHidden\" data-wp-class--show=\"state.isContentVisible\" data-wp-init=\"callbacks.setButtonStyles\" data-wp-on-async--click=\"actions.showLightbox\" data-wp-on-async--load=\"callbacks.setButtonStyles\" data-wp-on-async-window--resize=\"callbacks.setButtonStyles\" data-id=\"82729\" src=\"data:image\/svg+xml,%3Csvg%20xmlns=\" http:=\"\" alt=\"\" class=\"wp-image-82729\" data-lazy- data-lazy- data-lazy-src=\"https:\/\/www.europesays.com\/fr\/wp-content\/uploads\/2025\/09\/carte-Grand-Est-1024x718.jpg\"\/><\/p>\n<p>\t\t<strong>Grans Est<\/strong><\/p>\n<p class=\"has-text-align-center has-isa-bleu-color has-text-color has-link-color wp-elements-f5821becce1fae34faa0efbf681cfb89\"><strong>Quelques exemples par r\u00e9gion <\/strong><br \/><strong><br \/><\/strong><\/p>\n<p><strong>La presse locale<\/strong><\/p>\n<p><strong>L\u2019historique sur Isabelle et le v\u00e9lo<\/strong><\/p>\n<ul class=\"wp-block-list\">\n<li class=\"has-isa-bleu-color has-text-color has-link-color wp-elements-d4848c004bdc2737bb0f48a9dbe866fb\"><strong>4eme barom\u00e8tre du v\u00e9lo<\/strong> : en profiter n\u2019est pas si facile que \u00e7a,<a href=\"https:\/\/www.isabelleetlevelo.fr\/2025\/03\/26\/4eme-barometre-du-velo-en-france\/\" target=\"_blank\" rel=\"noreferrer noopener\"> <strong>mars 2025<\/strong><\/a>. Le mode d\u2019emploi<\/li>\n<li class=\"has-isa-bleu-color has-text-color has-link-color wp-elements-4cfb72ebd470b4f7f2f0d9b503745787\"><strong>Forte progression du barom\u00e8tre<\/strong> des villes cyclables. <a href=\"https:\/\/www.isabelleetlevelo.fr\/2020\/02\/06\/forte-progression-du-barometre-des-villes-cyclables\/\" target=\"_blank\" rel=\"noreferrer noopener\"><strong>2020\u00a0<\/strong><\/a><\/li>\n<li class=\"has-isa-bleu-color has-text-color has-link-color wp-elements-0004ee53e45d499295f446d71fd76021\">Barom\u00e8tre des villes cyclables : <strong>une mine d\u2019informations<\/strong>, mars <a href=\"https:\/\/www.isabelleetlevelo.fr\/2018\/03\/21\/barometre-des-villes-cyclables-fub-mars-2017\/\" target=\"_blank\" rel=\"noreferrer noopener\"><strong>2018<\/strong><\/a>. Premi\u00e8re \u00e9dition<\/li>\n<li class=\"has-isa-bleu-color has-text-color has-link-color wp-elements-93d1b5736c20ebfa9d8cc4f0c160eadf\">La Fub lance son barom\u00e8tre des villes cyclables. Brisera-t-il la glace ? D\u00e9cembre <a href=\"https:\/\/www.isabelleetlevelo.fr\/2017\/12\/11\/le-velo-pourrait-peser-lourd-dans-les-resultats-des-assises-de-la-mobilite\/\" target=\"_blank\" rel=\"noreferrer noopener\"><strong>2017<\/strong><\/a> <strong>Les premiers r\u00e9sultats\u00a0<\/strong><\/li>\n<\/ul>\n<p><a href=\"https:\/\/www.isabelleetlevelo.fr\/wp-content\/uploads\/2025\/09\/TOPs-10.jpg\" target=\"_blank\" rel=\"noopener\"><img loading=\"lazy\" decoding=\"async\" width=\"1024\" height=\"717\" src=\"data:image\/svg+xml,%3Csvg%20xmlns=\" http:=\"\" alt=\"\" class=\"wp-image-82734\" data-lazy- data-lazy- data-lazy-src=\"https:\/\/www.europesays.com\/fr\/wp-content\/uploads\/2025\/09\/TOPs-10-1024x717.jpg\"\/><\/a><\/p>\n<p class=\"has-text-align-center has-isa-vert-fonce-color has-isa-rose-vieux-background-color has-text-color has-background has-link-color has-medium-font-size wp-elements-8a6fb049f6be6a758219dd15f1ef8480\">Plus d\u2019informations sur le <strong><a href=\"https:\/\/www.fub.fr\/barometrevelo2025\" target=\"_blank\" rel=\"noreferrer noopener\">site de la FUB<\/a><\/strong><\/p>\n<p>                    <a href=\"#\" rel=\"nofollow\" onclick=\"window.print(); return false;\" title=\"Printer Friendly, PDF &amp; Email\"><br \/>\n                    <img decoding=\"async\" class=\"pf-button-img\" src=\"data:image\/svg+xml,%3Csvg%20xmlns=\" http:=\"\" alt=\"Print Friendly, PDF &amp; Email\" style=\"width: 124px;height: 30px;\" data-lazy-src=\"https:\/\/www.europesays.com\/fr\/wp-content\/uploads\/2025\/04\/printfriendly-pdf-button-nobg-md.png\"\/><br \/>\n                    <\/a><\/p>\n","protected":false},"excerpt":{"rendered":"Au barom\u00e8tre du v\u00e9lo de 2025 Paris ne figure m\u00eame pas parmi les trois meilleures grandes villes, alors&hellip;\n","protected":false},"author":2,"featured_media":411182,"comment_status":"","ping_status":"","sticky":false,"template":"","format":"standard","meta":{"footnotes":""},"categories":[1888],"tags":[11,1777,674,1011,27,54237,12,626,25],"class_list":{"0":"post-411181","1":"post","2":"type-post","3":"status-publish","4":"format-standard","5":"has-post-thumbnail","7":"category-paris","8":"tag-actualites","9":"tag-eu","10":"tag-europe","11":"tag-fr","12":"tag-france","13":"tag-fub","14":"tag-news","15":"tag-paris","16":"tag-republique-francaise"},"share_on_mastodon":{"url":"https:\/\/pubeurope.com\/@fr\/115251987446290428","error":""},"_links":{"self":[{"href":"https:\/\/www.europesays.com\/fr\/wp-json\/wp\/v2\/posts\/411181","targetHints":{"allow":["GET"]}}],"collection":[{"href":"https:\/\/www.europesays.com\/fr\/wp-json\/wp\/v2\/posts"}],"about":[{"href":"https:\/\/www.europesays.com\/fr\/wp-json\/wp\/v2\/types\/post"}],"author":[{"embeddable":true,"href":"https:\/\/www.europesays.com\/fr\/wp-json\/wp\/v2\/users\/2"}],"replies":[{"embeddable":true,"href":"https:\/\/www.europesays.com\/fr\/wp-json\/wp\/v2\/comments?post=411181"}],"version-history":[{"count":0,"href":"https:\/\/www.europesays.com\/fr\/wp-json\/wp\/v2\/posts\/411181\/revisions"}],"wp:featuredmedia":[{"embeddable":true,"href":"https:\/\/www.europesays.com\/fr\/wp-json\/wp\/v2\/media\/411182"}],"wp:attachment":[{"href":"https:\/\/www.europesays.com\/fr\/wp-json\/wp\/v2\/media?parent=411181"}],"wp:term":[{"taxonomy":"category","embeddable":true,"href":"https:\/\/www.europesays.com\/fr\/wp-json\/wp\/v2\/categories?post=411181"},{"taxonomy":"post_tag","embeddable":true,"href":"https:\/\/www.europesays.com\/fr\/wp-json\/wp\/v2\/tags?post=411181"}],"curies":[{"name":"wp","href":"https:\/\/api.w.org\/{rel}","templated":true}]}}