{"id":411185,"date":"2025-09-23T05:36:20","date_gmt":"2025-09-23T05:36:20","guid":{"rendered":"https:\/\/www.europesays.com\/fr\/411185\/"},"modified":"2025-09-23T05:36:20","modified_gmt":"2025-09-23T05:36:20","slug":"trump-de-retour-a-la-tribune-de-lonu-avec-a-la-clef-une-rencontre-avec-zelensky","status":"publish","type":"post","link":"https:\/\/www.europesays.com\/fr\/411185\/","title":{"rendered":"Trump de retour \u00e0 la tribune de l\u2019ONU avec \u00e0 la clef une rencontre avec Zelensky&#8230;"},"content":{"rendered":"<p>Une rencontre pr\u00e9vue entre Trump et Zelensky<\/p>\n<p>Selon la Maison-Blanche, le pr\u00e9sident am\u00e9ricain va avoir ce mardi \u00e0 New York un entretien bilat\u00e9ral avec son homologue ukrainien Volodymyr Zelensky.<\/p>\n<p>Trump va faire son retour \u00e0 la tribune de l\u2019ONU<\/p>\n<p>Donald Trump fait ce mardi son grand retour \u00e0 la tribune de l\u2019Assembl\u00e9e g\u00e9n\u00e9rale de l\u2019ONU. Le pr\u00e9sident am\u00e9ricain, qui a boulevers\u00e9 l\u2019ordre g\u00e9opolitique mondial en quelque huit mois men\u00e9s tambour battant, devrait se d\u00e9lecter de l\u2019exercice, lui qui savoure ces grands rendez-vous et nourrit l\u2019espoir d\u2019un prix Nobel de la paix.<\/p>\n<p>Il entend se montrer combatif, selon la porte-parole de la Maison-Blanche, Karoline Leavitt. Dans son discours, il s\u2019en prendra, selon elle, aux \u00ab\u00a0organisations mondialistes\u00a0\u00bb qui ont \u00ab\u00a0fait p\u00e9ricliter l\u2019ordre mondial\u00a0\u00bb, de quoi faire tressaillir le temple du multilat\u00e9ralisme. Donald Trump vantera aussi son action pacificatrice, lui qui assure avoir mis fin \u00e0 \u00ab\u00a0sept guerres\u00a0\u00bb depuis son retour \u00e0 la Maison-Blanche en janvier.<\/p>\n<p>Bienvenue dans ce nouveau Live<\/p>\n<p>Bonjour \u00e0 toutes et \u00e0 tous. Comme chaque jour, la r\u00e9daction de 20 Minutes est mobilis\u00e9e pour vous donner l\u2019ensemble des informations sur le conflit entre Moscou et Kiev.<\/p>\n<p>Sur le terrain, la guerre en Ukraine ne montre aucun signe d\u2019apaisement. La Russie a intensifi\u00e9 ses frappes et met \u00e0 l\u2019\u00e9preuve les alli\u00e9s de l\u2019Otan, apr\u00e8s des incursions d\u2019avions russes dans l\u2019espace a\u00e9rien de l\u2019Estonie, le troisi\u00e8me incident en dix jours concernant des pays voisins de la Russie.<\/p>\n<p>Surtout, Donald Trump a lanc\u00e9 des ultimatums, sous peine de sanctions, pour pousser Vladimir Poutine \u00e0 un compromis et mettre fin \u00e0 la guerre. Mais le pr\u00e9sident russe n\u2019a pas pli\u00e9, et son homologue am\u00e9ricain n\u2019a pas mis ses menaces \u00e0 ex\u00e9cution.<\/p>\n","protected":false},"excerpt":{"rendered":"Une rencontre pr\u00e9vue entre Trump et Zelensky Selon la Maison-Blanche, le pr\u00e9sident am\u00e9ricain va avoir ce mardi \u00e0&hellip;\n","protected":false},"author":2,"featured_media":411186,"comment_status":"","ping_status":"","sticky":false,"template":"","format":"standard","meta":{"footnotes":""},"categories":[1590],"tags":[47,11,75,73,1777,674,131,74,12,136,132,220,133,135,134],"class_list":{"0":"post-411185","1":"post","2":"type-post","3":"status-publish","4":"format-standard","5":"has-post-thumbnail","7":"category-ukraine","8":"tag-actualite","9":"tag-actualites","10":"tag-donald-trump","11":"tag-etats-unis","12":"tag-eu","13":"tag-europe","14":"tag-guerre-en-ukraine","15":"tag-monde","16":"tag-news","17":"tag-otan","18":"tag-russie","19":"tag-ukraine","20":"tag-video","21":"tag-vladimir-poutine","22":"tag-volodymyr-zelensky"},"share_on_mastodon":{"url":"https:\/\/pubeurope.com\/@fr\/115251995223391235","error":""},"_links":{"self":[{"href":"https:\/\/www.europesays.com\/fr\/wp-json\/wp\/v2\/posts\/411185","targetHints":{"allow":["GET"]}}],"collection":[{"href":"https:\/\/www.europesays.com\/fr\/wp-json\/wp\/v2\/posts"}],"about":[{"href":"https:\/\/www.europesays.com\/fr\/wp-json\/wp\/v2\/types\/post"}],"author":[{"embeddable":true,"href":"https:\/\/www.europesays.com\/fr\/wp-json\/wp\/v2\/users\/2"}],"replies":[{"embeddable":true,"href":"https:\/\/www.europesays.com\/fr\/wp-json\/wp\/v2\/comments?post=411185"}],"version-history":[{"count":0,"href":"https:\/\/www.europesays.com\/fr\/wp-json\/wp\/v2\/posts\/411185\/revisions"}],"wp:featuredmedia":[{"embeddable":true,"href":"https:\/\/www.europesays.com\/fr\/wp-json\/wp\/v2\/media\/411186"}],"wp:attachment":[{"href":"https:\/\/www.europesays.com\/fr\/wp-json\/wp\/v2\/media?parent=411185"}],"wp:term":[{"taxonomy":"category","embeddable":true,"href":"https:\/\/www.europesays.com\/fr\/wp-json\/wp\/v2\/categories?post=411185"},{"taxonomy":"post_tag","embeddable":true,"href":"https:\/\/www.europesays.com\/fr\/wp-json\/wp\/v2\/tags?post=411185"}],"curies":[{"name":"wp","href":"https:\/\/api.w.org\/{rel}","templated":true}]}}