{"id":41119,"date":"2025-04-21T09:09:09","date_gmt":"2025-04-21T09:09:09","guid":{"rendered":"https:\/\/www.europesays.com\/fr\/41119\/"},"modified":"2025-04-21T09:09:09","modified_gmt":"2025-04-21T09:09:09","slug":"volley-ball-la-coupe-de-france-larbre-qui-cache-la-foret-de-la-saison-du-volley-mulhouse-alsace","status":"publish","type":"post","link":"https:\/\/www.europesays.com\/fr\/41119\/","title":{"rendered":"Volley-ball. La Coupe de France, l&rsquo;arbre qui cache la for\u00eat de la saison du Volley Mulhouse Alsace"},"content":{"rendered":"<p>\u00ab\u00a0Ce n\u2019est pas parce qu\u2019on a le plus gros budget que l\u2019on gagne tout. Une mayonnaise, faut que \u00e7a prenne. Et cette saison a montr\u00e9 que cela ne se faisait pas en claquant des doigts\u2026\u00a0\u00bb<\/p>\n<p>Le <a href=\"https:\/\/www.lalsace.fr\/sport\/2025\/03\/30\/daniel-braun-president-du-vma-apres-la-victoire-en-coupe-de-france-notre-equipe-en-veut-plus\" target=\"_blank\" rel=\"noopener\">pr\u00e9sident du Volley Mulhouse Alsace Daniel Braun<\/a> porte un regard lucide sur la situation. Avec plus de 2,6\u00a0millions d\u2019euros de budget &#8211; soit le plus important du volley tricolore, hommes et femmes confondus\u00a0&#8211; et la plus grosse masse salariale au niveau de l\u2019effectif, son \u00e9quipe faisait peur sur le papier au d\u00e9but de la saison. Sur le parquet, il en a \u00e9t\u00e9 autrement.<\/p>\n<p>Les d\u00e9buts semblaient prometteurs, malgr\u00e9 une d\u00e9faite lors de la 2e\u00a0 journ\u00e9e en Lorraine face \u00e0&#8230;<\/p>\n","protected":false},"excerpt":{"rendered":"\u00ab\u00a0Ce n\u2019est pas parce qu\u2019on a le plus gros budget que l\u2019on gagne tout. Une mayonnaise, faut que&hellip;\n","protected":false},"author":2,"featured_media":41120,"comment_status":"","ping_status":"","sticky":false,"template":"","format":"standard","meta":{"footnotes":""},"categories":[1417],"tags":[2389,1636,107,1011,27,1634,1635,273,517,12565,60,1470,1633,1632,1469],"class_list":{"0":"post-41119","1":"post","2":"type-post","3":"status-publish","4":"format-standard","5":"has-post-thumbnail","7":"category-volley","8":"tag-alsace","9":"tag-edition-mulhouse-thann","10":"tag-fil-info","11":"tag-fr","12":"tag-france","13":"tag-mulhouse","14":"tag-secteur-de-mulhouse","15":"tag-selection-de-la-redaction","16":"tag-sport","17":"tag-sport-mulhousien","18":"tag-sports","19":"tag-volley","20":"tag-volley-mulhouse-alsace","21":"tag-volley-ball","22":"tag-volleyball"},"share_on_mastodon":{"url":"https:\/\/pubeurope.com\/@fr\/114375174637420365","error":""},"_links":{"self":[{"href":"https:\/\/www.europesays.com\/fr\/wp-json\/wp\/v2\/posts\/41119","targetHints":{"allow":["GET"]}}],"collection":[{"href":"https:\/\/www.europesays.com\/fr\/wp-json\/wp\/v2\/posts"}],"about":[{"href":"https:\/\/www.europesays.com\/fr\/wp-json\/wp\/v2\/types\/post"}],"author":[{"embeddable":true,"href":"https:\/\/www.europesays.com\/fr\/wp-json\/wp\/v2\/users\/2"}],"replies":[{"embeddable":true,"href":"https:\/\/www.europesays.com\/fr\/wp-json\/wp\/v2\/comments?post=41119"}],"version-history":[{"count":0,"href":"https:\/\/www.europesays.com\/fr\/wp-json\/wp\/v2\/posts\/41119\/revisions"}],"wp:featuredmedia":[{"embeddable":true,"href":"https:\/\/www.europesays.com\/fr\/wp-json\/wp\/v2\/media\/41120"}],"wp:attachment":[{"href":"https:\/\/www.europesays.com\/fr\/wp-json\/wp\/v2\/media?parent=41119"}],"wp:term":[{"taxonomy":"category","embeddable":true,"href":"https:\/\/www.europesays.com\/fr\/wp-json\/wp\/v2\/categories?post=41119"},{"taxonomy":"post_tag","embeddable":true,"href":"https:\/\/www.europesays.com\/fr\/wp-json\/wp\/v2\/tags?post=41119"}],"curies":[{"name":"wp","href":"https:\/\/api.w.org\/{rel}","templated":true}]}}