{"id":411210,"date":"2025-09-23T05:51:10","date_gmt":"2025-09-23T05:51:10","guid":{"rendered":"https:\/\/www.europesays.com\/fr\/411210\/"},"modified":"2025-09-23T05:51:10","modified_gmt":"2025-09-23T05:51:10","slug":"recit-de-la-pepite-rennaise-au-ballon-dor-en-passant-par-les-galeres-au-barca-ousmane-dembele-lavenement-tardif-dun-talent-precoce","status":"publish","type":"post","link":"https:\/\/www.europesays.com\/fr\/411210\/","title":{"rendered":"RECIT. De la p\u00e9pite rennaise au Ballon d\u2019or, en passant par les gal\u00e8res au Bar\u00e7a\u2026 Ousmane Demb\u00e9l\u00e9, l&rsquo;av\u00e8nement tardif d&rsquo;un talent pr\u00e9coce"},"content":{"rendered":"<p>De l\u2019avis de tous les coachs qu\u2019il a crois\u00e9s, Ousmane Demb\u00e9l\u00e9 a toujours eu un talent hors normes, la d\u00e9finition m\u00eame d&rsquo;une \u00ab\u00a0p\u00e9pite\u00a0\u00bb. Mais il a pourtant fallu attendre que le natif d\u2019Evreux ait 27 ans, la saison derni\u00e8re, pour le voir tutoyer les sommets du foot mondial, et ainsi \u00eatre nomm\u00e9 pour la premi\u00e8re fois au Ballon d\u2019or, <a href=\"https:\/\/www.franceinfo.fr\/sports\/foot\/ousmane-dembele\/ousmane-dembele-remporte-le-ballon-d-or-2025-et-devient-le-sixieme-joueur-francais-a-inscrire-son-nom-au-palmares_7499839.html#comments-embed\" target=\"_blank\" rel=\"noopener\">qu\u2019il a remport\u00e9<\/a>, lundi 22 septembre. Avec une trajectoire aussi insaisissable que le joueur balle au pied.\u00a0<\/p>\n<p>Arriv\u00e9 \u00e0 Rennes \u00e0 l\u2019\u00e2ge de 13 ans, pr\u00e9c\u00e9d\u00e9 d\u2019une flatteuse r\u00e9putation, Ousmane Demb\u00e9l\u00e9 grimpe vite les \u00e9chelons. Surclass\u00e9, il est le meilleur buteur de l\u2019\u00e9quipe r\u00e9serve, dirig\u00e9e \u00e0 l&rsquo;\u00e9poque par Julien St\u00e9phan, \u00e0 seulement 17 ans. \u00ab\u00a0C&rsquo;\u00e9tait d\u00e9j\u00e0 un joueur diff\u00e9rent des autres. Il utilisait son pied droit et son pied gauche de mani\u00e8re quasi indiff\u00e9rente, sans qu&rsquo;on sache r\u00e9ellement quel \u00e9tait son pied fort [&#8230;] On n&rsquo;a pas eu \u00e0 lui apprendre \u00e0 dribbler, \u00e7a, il savait faire depuis tout petit\u00a0\u00bb, raconte le coach <a href=\"https:\/\/www.francebleu.fr\/sports\/football\/euro-de-football-ils-racontent-les-annees-rennaises-d-ousmane-dembele-1623415132\" target=\"_blank\" rel=\"noopener\">\u00e0 France Bleu<\/a>.\u00a0<\/p>\n<p>Naturellement, ses performances sont remarqu\u00e9es par l\u2019entra\u00eeneur de l\u2019\u00e9quipe premi\u00e8re, Philippe Montanier. \u00ab\u00a0Ousmane, je l\u2019avais vu en U19 avant qu\u2019il ne soit avec la r\u00e9serve. M\u00eame si le club produit beaucoup de grands joueurs de qualit\u00e9, il y avait encore plus de compliments sur lui. Et puis, il est de Vernon, comme moi, et on vient du m\u00eame club formateur, la Madeleine d\u2019Evreux, donc forc\u00e9ment j\u2019avais un \u0153il un peu plus affectueux vis-\u00e0-vis de lui\u00a0\u00bb, explique le technicien \u00e0 franceinfo:sport. Le jeune Normand lui fait tout de suite bonne impression sur ses premiers entra\u00eenements avec l\u2019\u00e9quipe professionnelle, en 2015. \u00ab\u00a0C\u2019est une chose d\u2019\u00eatre tr\u00e8s bon avec les jeunes, mais avec les pros, on voit le r\u00e9pondant qu\u2019il a, avec un football plus puissant. Il \u00e9tait tout de suite au niveau\u00a0\u00bb.<\/p>\n<p>Mais Ousmane Demb\u00e9l\u00e9 n\u2019est pas identifi\u00e9 comme un crack seulement par le Stade rennais. Alors qu\u2019il est toujours sous contrat stagiaire, de grands clubs europ\u00e9ens se bousculent pour lui proposer un contrat professionnel. Le club breton r\u00e9agit avec une offre similaire, mais sa p\u00e9pite est d\u00e9cid\u00e9e \u00e0 partir. \u00ab\u00a0Je remercie Rennes mais cette proposition arrive trop tard. J&rsquo;ai envie d&rsquo;\u00eatre dans un club qui me fasse confiance \u00e0 100 %. Ici ce n&rsquo;est pas le cas. Je ne changerai pas d&rsquo;avis. J&rsquo;ai toujours respect\u00e9 leurs d\u00e9cisions, \u00e0 eux de respecter les miennes\u00a0\u00bb, affirme-t-il alors dans <a href=\"https:\/\/www.lequipe.fr\/Football\/Actualites\/Bleus-ousmane-dembele-l-ascension-fulgurante-en-dates\/722693\" target=\"_blank\" rel=\"noopener\">L\u2019Equipe<\/a>.\u00a0<\/p>\n<p>Pour autant, malgr\u00e9 un stage de pr\u00e9paration qu\u2019il a boycott\u00e9, le Stade rennais tient \u00e0 son attaquant et r\u00e9ussit \u00e0 le conserver. R\u00e9int\u00e9gr\u00e9 au groupe professionnel, avec un contrat, il fait ses premiers pas en Ligue 1 le 6 novembre 2015, avec une entr\u00e9e en fin de match \u00e0 Angers. Un statut de rempla\u00e7ant qui ne durera pas plus d\u2019un mois, avant qu\u2019il ne devienne un titulaire indiscutable. \u00ab\u00a0Il avait fait quelques matchs amicaux avant son bras de fer et avait \u00e9t\u00e9 le meilleur attaquant pendant la pr\u00e9paration estivale, le plus performant, donc je savais tr\u00e8s bien qu\u2019il serait rapidement titulaire\u00a0\u00bb, se souvient Philippe Montanier, qui lui a donc donn\u00e9 ses premi\u00e8res minutes chez les professionnels. Quelques mois plus tard, avec 12 buts et 5 passes d\u00e9cisives en 25 matchs disput\u00e9s, Ousmane Demb\u00e9l\u00e9 est \u00e9lu meilleur espoir de la saison en Ligue 1.\u00a0<\/p>\n<p>    <img decoding=\"async\" class=\"cms-media-image lazyload\" alt=\"Ousmane Demb\u00e9l\u00e9 lors de sa premi\u00e8re saison en professionnel avec le Stade Rennais, face \u00e0 Lille, le 7 f\u00e9vrier 2016. (FRANCOIS LO PRESTI \/ AFP)\" width=\"720\" height=\"404.77710511833\" data- src=\"https:\/\/www.europesays.com\/fr\/wp-content\/uploads\/2025\/09\/000-arp4366593-68cd72a65f88a475607175.jpg\"\/><\/p>\n<p>      Ousmane Demb\u00e9l\u00e9 lors de sa premi\u00e8re saison en professionnel avec le Stade Rennais, face \u00e0 Lille, le 7 f\u00e9vrier 2016. (FRANCOIS LO PRESTI \/ AFP)<\/p>\n<p>Report\u00e9 d\u2019un an, l\u2019envol du jeune attaquant vers un club plus hupp\u00e9 se produit \u00e0 l\u2019\u00e9t\u00e9 2016. Et c\u2019est le Borussia Dortmund qui parvient \u00e0 l\u2019attirer. Il y marque 10 buts et distribue 21 passes d\u00e9cisives toutes comp\u00e9titions confondues pour sa premi\u00e8re saison, est encore \u00e9lu meilleur espoir du championnat et figure dans l\u2019\u00e9quipe type. Surtout, il conna\u00eet ses premi\u00e8res en Bleu en septembre 2016, \u00e0 19 ans, avec un match amical contre l\u2019Italie, disput\u00e9 moins d\u2019un an apr\u00e8s son premier match professionnel.\u00a0<\/p>\n<p>Mais en fin de saison, le FC Barcelone vient toquer \u00e0 la porte, pour remplacer Neymar. Rien que \u00e7a&#8230; Voyant les dirigeants allemands ne pas c\u00e9der aux offres barcelonaises, Ousmane Demb\u00e9l\u00e9 d\u00e9cide d\u2019aller au bras de fer, encore. Il s\u00e8che les entra\u00eenements et obtient gain de cause. Il devient au passage le deuxi\u00e8me joueur le plus cher de l\u2019histoire (105 millions d\u2019euros + 40 millions de bonus) apr\u00e8s Neymar (222 millions).\u00a0<\/p>\n<p>Pour autant, le club dont il r\u00eavait depuis petit ne sera pas celui o\u00f9 il s\u2019\u00e9panouira le plus. Sa premi\u00e8re saison, en 2017-2018, est marqu\u00e9e par des blessures qui l\u2019\u00e9loignent des terrains plusieurs mois. Il ne dispute que 23 matchs (4 buts et 8 passes d\u00e9cisives). La saison suivante est plus compl\u00e8te (42 matchs, 14 buts et 7 passes d\u00e9cisives), avant une rechute en 2019-2020, avec seulement 9 matchs disput\u00e9s, pour un but. Ses retards r\u00e9currents \u00e0 l\u2019entra\u00eenement sont remarqu\u00e9s, sanctionn\u00e9s, et le public blaugrana commence \u00e0 perdre patience.<\/p>\n<p>    <img decoding=\"async\" class=\"cms-media-image lazyload\" alt=\"Leo Messi r\u00e9conforte Ousmane Demb\u00e9l\u00e9 apr\u00e8s une nouvelle blessure, le 27 novembre 2019, lors de Barcelone-Dortmund en Ligue des champions. (JOSEP LAGO \/ AFP)\" width=\"720\" height=\"404.78322470955\" data- src=\"https:\/\/www.europesays.com\/fr\/wp-content\/uploads\/2025\/09\/000-1mm97j-1-68cd73ab3d7df576841524.jpg\"\/><\/p>\n<p>      Leo Messi r\u00e9conforte Ousmane Demb\u00e9l\u00e9 apr\u00e8s une nouvelle blessure, le 27 novembre 2019, lors de Barcelone-Dortmund en Ligue des champions. (JOSEP LAGO \/ AFP)<\/p>\n<p>\u00ab\u00a0Au Barca, ses points faibles \u00e9taient de ne pas faire tout ce qu\u2019il faut dans la pr\u00e9paration invisible : la r\u00e9cup\u00e9ration, le sommeil, la di\u00e9t\u00e9tique. Mais il a rectifi\u00e9 le tir dans ses derni\u00e8res saisons, \u00e7a l&rsquo;a rendu plus fiable\u00a0\u00bb, observe Philippe Montanier. \u00ab\u00a0Les pr\u00e9parateurs physiques m\u2019ont pr\u00e9venu que si je ne travaillais pas aussi en dehors du terrain, je n\u2019aurais pas de plaisir en match. Ils m\u2019ont dit : \u2018Tu ne vas pas beaucoup jouer, tu vas te blesser\u2019. Mais je ne le voyais pas comme \u00e7a, j\u2019\u00e9tais trop jeune\u00a0\u00bb, reconnaissait d\u2019ailleurs le principal int\u00e9ress\u00e9 dans <a href=\"https:\/\/www.mundodeportivo.com\/futbol\/fc-barcelona\/20220906\/1001863235\/dembele-trabajas-fuera-campo-te-lesionas.html\" target=\"_blank\" rel=\"noopener\">une interview \u00e0 Mundo Deportivo en 2022<\/a>.\u00a0<\/p>\n<p>En joueur plus mature, le Fran\u00e7ais s\u2019\u00e9panouit davantage sous les ordres de Xavi, d\u00e9barqu\u00e9 sur le banc barcelonais en 2021. Le coach croit en lui et lui donne sa confiance. \u00ab\u00a0J&rsquo;ai toujours vu en lui ses qualit\u00e9s de un contre un. Des qualit\u00e9s que j&rsquo;ai rarement vues ailleurs. Il est pratiquement au niveau du meilleur Neymar, quand il \u00e9tait ici. Il doit oser tirer davantage au but. Mais je suis heureux pour lui. Il a beaucoup souffert ces derni\u00e8res ann\u00e9es. Des joueurs comme lui, il y en a tr\u00e8s peu\u00a0\u00bb, assure l\u2019entra\u00eeneur espagnol en septembre 2022.\u00a0<\/p>\n<p>Mais une fois encore, l\u2019histoire se termine en eau de boudin. Alors que le Barca \u00e9tait persuad\u00e9 de pouvoir prolonger le contrat le contrat d\u2019Ousmane Demb\u00e9l\u00e9, le joueur dribble le club et s\u2019engage avec le Paris Saint-Germain, \u00e0 l\u2019\u00e9t\u00e9 2023. \u00ab\u00a0C\u2019est quelqu&rsquo;un qui a du caract\u00e8re, assure Philippe Montanier. Pas un mauvais caract\u00e8re, mais de la personnalit\u00e9. Sur le terrain, m\u00eame jeune, c\u2019\u00e9tait un des premiers \u00e0 sonner la r\u00e9volte quand \u00e7a se passait mal\u00a0\u00bb.\u00a0<\/p>\n<p>Sa premi\u00e8re saison est convaincante, et surtout pleine, sans vraiment de p\u00e9pin physique, avec 42 matchs jou\u00e9s, pour 6 buts et 15 passes d\u00e9cisives. L\u2019ailier est bon, mais peut encore faire mieux, car il manque d\u2019efficacit\u00e9. Luis Enrique trouve la parade en le repositionnant plein axe dans un r\u00f4le de faux n\u00b09, pour une grande r\u00e9ussite, avec 35 buts et 15 passes d\u00e9cisives, en 53 matchs toutes comp\u00e9titions confondues avec le PSG pour sa deuxi\u00e8me saison, celle de la cons\u00e9cration. <\/p>\n<p>Surtout, <a href=\"https:\/\/www.franceinfo.fr\/sports\/foot\/ousmane-dembele\/ligue-des-champions-ousmane-dembele-nomme-joueur-de-la-saison-par-l-uefa-apres-le-titre-du-psg-desire-doue-meilleur-jeune_7285707.html\" target=\"_blank\" rel=\"noopener\">il est l\u2019un des plus grands artisans de la victoire en Ligue des champions<\/a>, la premi\u00e8re pour lui aussi. \u00ab\u00a0Ousmane a toujours \u00e9t\u00e9 un joueur diff\u00e9rent. Il a toujours \u00e9t\u00e9 capable de dribbler deux, trois ou quatre joueurs, de d\u00e9livrer de nombreuses passes d\u00e9cisives et de marquer des buts comme en ce moment\u00a0\u00bb, complimentait Luis Enrique en f\u00e9vrier. Finalement, \u00e0 en croire ceux qui l\u2019ont crois\u00e9, le plus \u00e9tonnant n\u2019est pas qu\u2019il ait r\u00e9ussi une telle saison en 2024-2025, c\u2019est qu\u2019il n\u2019en ait pas r\u00e9ussi une de ce calibre plus t\u00f4t.<\/p>\n","protected":false},"excerpt":{"rendered":"De l\u2019avis de tous les coachs qu\u2019il a crois\u00e9s, Ousmane Demb\u00e9l\u00e9 a toujours eu un talent hors normes,&hellip;\n","protected":false},"author":2,"featured_media":411211,"comment_status":"","ping_status":"","sticky":false,"template":"","format":"standard","meta":{"footnotes":""},"categories":[1412],"tags":[1451,1452,1453,1454,1455,1011,27,60],"class_list":{"0":"post-411210","1":"post","2":"type-post","3":"status-publish","4":"format-standard","5":"has-post-thumbnail","7":"category-f1","8":"tag-f1","9":"tag-formula-1","10":"tag-formula1","11":"tag-formule-1","12":"tag-formule1","13":"tag-fr","14":"tag-france","15":"tag-sports"},"share_on_mastodon":{"url":"https:\/\/pubeurope.com\/@fr\/115252054179743807","error":""},"_links":{"self":[{"href":"https:\/\/www.europesays.com\/fr\/wp-json\/wp\/v2\/posts\/411210","targetHints":{"allow":["GET"]}}],"collection":[{"href":"https:\/\/www.europesays.com\/fr\/wp-json\/wp\/v2\/posts"}],"about":[{"href":"https:\/\/www.europesays.com\/fr\/wp-json\/wp\/v2\/types\/post"}],"author":[{"embeddable":true,"href":"https:\/\/www.europesays.com\/fr\/wp-json\/wp\/v2\/users\/2"}],"replies":[{"embeddable":true,"href":"https:\/\/www.europesays.com\/fr\/wp-json\/wp\/v2\/comments?post=411210"}],"version-history":[{"count":0,"href":"https:\/\/www.europesays.com\/fr\/wp-json\/wp\/v2\/posts\/411210\/revisions"}],"wp:featuredmedia":[{"embeddable":true,"href":"https:\/\/www.europesays.com\/fr\/wp-json\/wp\/v2\/media\/411211"}],"wp:attachment":[{"href":"https:\/\/www.europesays.com\/fr\/wp-json\/wp\/v2\/media?parent=411210"}],"wp:term":[{"taxonomy":"category","embeddable":true,"href":"https:\/\/www.europesays.com\/fr\/wp-json\/wp\/v2\/categories?post=411210"},{"taxonomy":"post_tag","embeddable":true,"href":"https:\/\/www.europesays.com\/fr\/wp-json\/wp\/v2\/tags?post=411210"}],"curies":[{"name":"wp","href":"https:\/\/api.w.org\/{rel}","templated":true}]}}