{"id":411214,"date":"2025-09-23T05:53:11","date_gmt":"2025-09-23T05:53:11","guid":{"rendered":"https:\/\/www.europesays.com\/fr\/411214\/"},"modified":"2025-09-23T05:53:11","modified_gmt":"2025-09-23T05:53:11","slug":"vinicius-sembrouille-avec-le-real-madrid-le-psg-sen-mele","status":"publish","type":"post","link":"https:\/\/www.europesays.com\/fr\/411214\/","title":{"rendered":"Vinicius s&#8217;embrouille avec le Real Madrid, le PSG s&rsquo;en m\u00eale"},"content":{"rendered":"<p data-testid=\"article-teaser\">Alors que Vinicius est en froid avec le Real Madrid, le PSG envisage de lui offrir une porte de sortie.<\/p>\n<p>Le Real Madrid brille en Liga avec un d\u00e9but de saison sans faute, mais derri\u00e8re l\u2019euphorie des r\u00e9sultats, un malaise s\u2019installe autour de Vinicius Junior. L\u2019attaquant br\u00e9silien, \u00e9l\u00e9ment cl\u00e9 du club, multiplie les frustrations et voit sa situation interne devenir un sujet sensible. Entre remplacements pr\u00e9coces et prolongation de contrat bloqu\u00e9e, les tensions ne cessent de grandir. Et selon la presse espagnole, le Paris Saint-Germain pourrait s\u2019inviter dans ce dossier explosif.<\/p>\n","protected":false},"excerpt":{"rendered":"Alors que Vinicius est en froid avec le Real Madrid, le PSG envisage de lui offrir une porte&hellip;\n","protected":false},"author":2,"featured_media":411215,"comment_status":"","ping_status":"","sticky":false,"template":"","format":"standard","meta":{"footnotes":""},"categories":[1410],"tags":[63,1011,27,19317,54238,54239,66,884,53498,1434,91,4790,60,28401,52745],"class_list":{"0":"post-411214","1":"post","2":"type-post","3":"status-publish","4":"format-standard","5":"has-post-thumbnail","7":"category-football","8":"tag-football","9":"tag-fr","10":"tag-france","11":"tag-laliga","12":"tag-levante","13":"tag-levante-vs-real-madrid","14":"tag-ligue-1","15":"tag-marseille","16":"tag-marseille-vs-paris-saint-germain","17":"tag-mercato","18":"tag-paris-saint-germain","19":"tag-real-madrid","20":"tag-sports","21":"tag-transfers","22":"tag-vinicius-junior"},"share_on_mastodon":{"url":"https:\/\/pubeurope.com\/@fr\/115252062098221698","error":""},"_links":{"self":[{"href":"https:\/\/www.europesays.com\/fr\/wp-json\/wp\/v2\/posts\/411214","targetHints":{"allow":["GET"]}}],"collection":[{"href":"https:\/\/www.europesays.com\/fr\/wp-json\/wp\/v2\/posts"}],"about":[{"href":"https:\/\/www.europesays.com\/fr\/wp-json\/wp\/v2\/types\/post"}],"author":[{"embeddable":true,"href":"https:\/\/www.europesays.com\/fr\/wp-json\/wp\/v2\/users\/2"}],"replies":[{"embeddable":true,"href":"https:\/\/www.europesays.com\/fr\/wp-json\/wp\/v2\/comments?post=411214"}],"version-history":[{"count":0,"href":"https:\/\/www.europesays.com\/fr\/wp-json\/wp\/v2\/posts\/411214\/revisions"}],"wp:featuredmedia":[{"embeddable":true,"href":"https:\/\/www.europesays.com\/fr\/wp-json\/wp\/v2\/media\/411215"}],"wp:attachment":[{"href":"https:\/\/www.europesays.com\/fr\/wp-json\/wp\/v2\/media?parent=411214"}],"wp:term":[{"taxonomy":"category","embeddable":true,"href":"https:\/\/www.europesays.com\/fr\/wp-json\/wp\/v2\/categories?post=411214"},{"taxonomy":"post_tag","embeddable":true,"href":"https:\/\/www.europesays.com\/fr\/wp-json\/wp\/v2\/tags?post=411214"}],"curies":[{"name":"wp","href":"https:\/\/api.w.org\/{rel}","templated":true}]}}