{"id":411225,"date":"2025-09-23T06:01:10","date_gmt":"2025-09-23T06:01:10","guid":{"rendered":"https:\/\/www.europesays.com\/fr\/411225\/"},"modified":"2025-09-23T06:01:10","modified_gmt":"2025-09-23T06:01:10","slug":"les-chiffres-marquants-apres-le-succes-historique-des-marseillais","status":"publish","type":"post","link":"https:\/\/www.europesays.com\/fr\/411225\/","title":{"rendered":"Les chiffres marquants apr\u00e8s le succ\u00e8s historique des Marseillais"},"content":{"rendered":"<p><strong>EN CHIFFRES \u2013 <\/strong>Apr\u00e8s 14 ans de disette, l\u2019Olympique de Marseille a enfin battu son rival parisien au V\u00e9lodrome lundi soir, dans le cadre du championnat de France.<\/p>\n<p class=\"fig-paragraph\">L\u2019hymne \u00e0 la joie.\u00a0<a href=\"http:\/\/www.lefigaro.fr\/sports\/football\/ligue-1\/ligue-1-pour-la-premiere-fois-depuis-2011-l-om-s-offre-le-psg-au-velodrome-20250922\" data-fig-type=\"Article\" data-gtm-custom-categorie=\"navigation\" data-gtm-custom-action=\"crossclick\" data-gtm-custom-label=\"Contextuel\" data-gtm-event=\"customEventSPE\" data-fig-domain=\"LEFIGARO\" target=\"_blank\" rel=\"noopener\">L\u2019OM a fait chuter le PSG lundi (1-0)<\/a>, au V\u00e9lodrome, lors du dernier match de\u00a0<a href=\"https:\/\/www.lefigaro.fr\/sports\/football\/ligue-1\/calendrier-resultats\" target=\"_blank\" rel=\"sponsored noopener\" data-gtm-custom-categorie=\"navigation\" data-gtm-custom-action=\"crossclick\" data-gtm-custom-label=\"Contextuel\" data-gtm-event=\"customEventSPE\">la cinqui\u00e8me journ\u00e9e de Ligue 1<\/a>. Un succ\u00e8s historique \u00e0 bien des \u00e9gards pour les hommes de Roberto De Zerbi. La preuve en chiffres.<\/p>\n<p class=\"fig-paragraph\"><strong>14 \u2013 <\/strong>Cela faisait 14 ans que l\u2019OM n\u2019avait plus fait chuter le Paris Saint-Germain au V\u00e9lodrome en championnat de France. C\u2019\u00e9tait le 27 novembre 2011 (3-0), avec des buts sign\u00e9s Lo\u00efc R\u00e9my, Morgan Amalfitano et Andr\u00e9 Ayew. Depuis, le club phoc\u00e9en n\u2019avait dompt\u00e9 l\u2019ogre parisien qu\u2019\u00e0 deux reprises,\u00a0<a href=\"https:\/\/www.lefigaro.fr\/sports\/football\/ligue-1\/actualites\/les-notes-de-psg-om-mandanda-infranchissable-neymar-voit-rouge-1014206\" data-fig-type=\"Article\" data-gtm-custom-categorie=\"navigation\" data-gtm-custom-action=\"crossclick\" data-gtm-custom-label=\"Contextuel\" data-gtm-event=\"customEventSPE\" data-fig-domain=\"LEFIGARO\" target=\"_blank\" rel=\"noopener\">en 2020, au Parc des Princes, en Ligue 1 (0-1)<\/a>, en plein Covid, et trois ans plus tard,\u00a0<a href=\"http:\/\/www.lefigaro.fr\/sports\/football\/coupe-de-france\/les-notes-apres-om-psg-rongier-en-chef-de-meute-messi-musele-20230209\" data-fig-type=\"NewsFlash\" data-gtm-custom-categorie=\"navigation\" data-gtm-custom-action=\"crossclick\" data-gtm-custom-label=\"Contextuel\" data-gtm-event=\"customEventSPE\" data-fig-domain=\"LEFIGARO\" target=\"_blank\" rel=\"noopener\">en 2023, au V\u00e9lodrome, en Coupe de France (2-1)<\/a>.<\/p>\n<p>                                    <a class=\"fig-a11y-skip a11y-hidden\" href=\"#fig-a11y-skip-main-inarticle\"><br \/>\n        Passer la publicit\u00e9<br \/>\n    <\/a><\/p>\n<p class=\"fig-paragraph\"><strong>1<\/strong> \u2013 Fin de s\u00e9rie pour Marquinhos, invaincu face \u00e0 l\u2019OM en Ligue 1 jusqu\u2019ici. \u00c0 noter que le Br\u00e9silien est le joueur qui a le plus souvent affront\u00e9 l\u2019OM dans l\u2019histoire du club de la capitale (23, dont 18 victoires, 3 nuls et 2 d\u00e9faites).<\/p>\n<p class=\"fig-paragraph\"><strong>2 \u2013 <\/strong>Pour mettre en perspective le succ\u00e8s de l\u2019OM et lui donner encore plus de valeur, soulignons que ce n\u2019est que la deuxi\u00e8me d\u00e9faite du Paris Saint-Germain sur ses 44 derniers matchs loin du Parc des Princes en Ligue 1. Strasbourg avait mis fin \u00e0 la s\u00e9rie de 39 matchs sans d\u00e9faite des Parisiens loin de leurs bases en championnat en fin de saison derni\u00e8re.<\/p>\n<p class=\"fig-body-link\">\n            \u00c0 lire aussi<br \/>\n        <a class=\"fig-body-link__link fig-premium-mark\" href=\"http:\/\/www.lefigaro.fr\/sports\/football\/ligue-1\/les-notes-apres-om-psg-aguerd-heros-rulli-infranchissable-chevalier-fautif-20250922\" data-fig-type=\"NewsFlash\" data-gtm-custom-categorie=\"navigation\" data-gtm-custom-action=\"crossclick\" data-gtm-custom-label=\"Contextuel\" data-gtm-event=\"customEventSPE\" data-fig-domain=\"LEFIGARO\" target=\"_blank\" rel=\"noopener\">Les notes apr\u00e8s OM-PSG\u00a0: Aguerd h\u00e9ros, Rulli infranchissable, Chevalier fautif<br \/>\n    <\/a>\n<\/p>\n<p class=\"fig-paragraph\"><strong>2 \u2013 <\/strong>C\u2019est aussi le nombre de ballons touch\u00e9s par les Rouge et Bleu dans la surface adverse lors de la premi\u00e8re p\u00e9riode. Du jamais vu depuis un match contre Bordeaux en 2016\u00a0! \u00abLe coach a su comment les stopper\u00bb,\u00a0<a href=\"http:\/\/www.lefigaro.fr\/sports\/football\/ligue-1\/om-psg-le-coach-a-su-comment-les-stopper-nayef-aguerd-chante-les-louanges-de-roberto-de-zerbi-20250923\" data-fig-type=\"NewsFlash\" data-gtm-custom-categorie=\"navigation\" data-gtm-custom-action=\"crossclick\" data-gtm-custom-label=\"Contextuel\" data-gtm-event=\"customEventSPE\" data-fig-domain=\"LEFIGARO\" target=\"_blank\" rel=\"noopener\">souligne Nayef Aguerd<\/a>. Bien jou\u00e9,\u00a0<a href=\"http:\/\/www.lefigaro.fr\/sports\/football\/ligue-1\/c-etait-un-reve-de-battre-le-psg-de-zerbi-aux-anges-apres-le-succes-de-l-om-20250922\" data-fig-type=\"NewsFlash\" data-gtm-custom-categorie=\"navigation\" data-gtm-custom-action=\"crossclick\" data-gtm-custom-label=\"Contextuel\" data-gtm-event=\"customEventSPE\" data-fig-domain=\"LEFIGARO\" target=\"_blank\" rel=\"noopener\">Roberto De Zerbi, qui \u00abr\u00eavait\u00bb de ce succ\u00e8s<\/a>.<\/p>\n<p class=\"fig-paragraph\"><strong>4 \u2013 <\/strong>Comme le souligne Opta, on n\u2019avait plus vu Marseille marquer aussi t\u00f4t face au PSG (4\u201903) depuis\u2026 45 ans\u00a0!<\/p>\n<p class=\"fig-paragraph\"><strong>6 \u2013 <\/strong>Le but de Nayef Aguerd a permis \u00e0 l\u2019OM de mettre fin \u00e0 une disette incroyable. Les Olympiens restaient en effet sur six matchs au V\u00e9lodrome et en Ligue 1 sans marquer contre le PSG\u00a0!<\/p>\n<p>                                    <a class=\"fig-a11y-skip a11y-hidden\" href=\"#fig-a11y-skip-main-inarticle_mtf\"><br \/>\n        Passer la publicit\u00e9<br \/>\n    <\/a><\/p>\n<p class=\"fig-paragraph\"><strong>8 \u2013 <\/strong>L\u2019OM n\u2019avait plus r\u00e9alis\u00e9 de \u00abclean sheet\u00bb face au PSG depuis octobre 2021 (0-0). Soit la fin d\u2019une s\u00e9rie de huit matchs cons\u00e9cutifs en encaissant au moins un but pour le club phoc\u00e9en dans le Classique.<\/p>\n<p class=\"fig-body-link\">\n            \u00c0 lire aussi<br \/>\n        <a class=\"fig-body-link__link\" href=\"http:\/\/www.lefigaro.fr\/sports\/football\/ligue-1\/ligue-1-pour-la-premiere-fois-depuis-2011-l-om-s-offre-le-psg-au-velodrome-20250922\" data-fig-type=\"Article\" data-gtm-custom-categorie=\"navigation\" data-gtm-custom-action=\"crossclick\" data-gtm-custom-label=\"Contextuel\" data-gtm-event=\"customEventSPE\" data-fig-domain=\"LEFIGARO\" target=\"_blank\" rel=\"noopener\">Ligue 1: pour la premi\u00e8re fois depuis 2011, l\u2019OM s\u2019offre le PSG au V\u00e9lodrome<br \/>\n    <\/a>\n<\/p>\n<p class=\"fig-paragraph\"><strong>9<\/strong> \u2013 Depuis son revers de 2020, le PSG restait sur neuf matchs sans d\u00e9faite en championnat de France contre l\u2019OM (8 victoires, 1 nul).<\/p>\n<p class=\"fig-paragraph\"><strong>110 \u2013 <\/strong>Il s\u2019agissait du 110e Classique de l\u2019histoire. Bilan\u00a0? 52 victoires parisiennes, 35 pour l\u2019OM et 23 nuls.<\/p>\n<p class=\"fig-paragraph\"><strong>548 \u2013 <\/strong>Comme\u00a0<a href=\"http:\/\/www.lefigaro.fr\/sports\/football\/ligue-1\/om-psg-reporte-que-dit-le-reglement-de-la-lfp-au-sujet-du-report-d-un-match-20250921\" data-fig-type=\"NewsFlash\" data-gtm-custom-categorie=\"navigation\" data-gtm-custom-action=\"crossclick\" data-gtm-custom-label=\"Contextuel\" data-gtm-event=\"customEventSPE\" data-fig-domain=\"LEFIGARO\" target=\"_blank\" rel=\"noopener\">l\u2019article du r\u00e8glement de la LFP<\/a>\u00a0derri\u00e8re lequel les dirigeants marseillais se sont retranch\u00e9s pour exiger la programmation du match lundi soir, en m\u00eame temps que\u00a0<a href=\"http:\/\/www.lefigaro.fr\/sports\/football\/ligue-des-champions\/ballon-d-or-ousmane-dembele-l-artiste-devenu-tueur-20250922\" data-fig-type=\"NewsFlash\" data-gtm-custom-categorie=\"navigation\" data-gtm-custom-action=\"crossclick\" data-gtm-custom-label=\"Contextuel\" data-gtm-event=\"customEventSPE\" data-fig-domain=\"LEFIGARO\" target=\"_blank\" rel=\"noopener\">la c\u00e9r\u00e9monie du Ballon d\u2019or<\/a>. Et ce afin de ne pas perturber la pr\u00e9paration du match \u00e0 Strasbourg, vendredi. Aussi pour enquiquiner les Parisiens, alors qu\u2019Ousmane Demb\u00e9l\u00e9 pouvait \u00eatre sacr\u00e9\u00a0?<\/p>\n","protected":false},"excerpt":{"rendered":"EN CHIFFRES \u2013 Apr\u00e8s 14 ans de disette, l\u2019Olympique de Marseille a enfin battu son rival parisien au&hellip;\n","protected":false},"author":2,"featured_media":411226,"comment_status":"","ping_status":"","sticky":false,"template":"","format":"standard","meta":{"footnotes":""},"categories":[9],"tags":[1011,27,884,149,93,60],"class_list":{"0":"post-411225","1":"post","2":"type-post","3":"status-publish","4":"format-standard","5":"has-post-thumbnail","7":"category-sports","8":"tag-fr","9":"tag-france","10":"tag-marseille","11":"tag-om","12":"tag-psg","13":"tag-sports"},"share_on_mastodon":{"url":"https:\/\/pubeurope.com\/@fr\/115252093447181512","error":""},"_links":{"self":[{"href":"https:\/\/www.europesays.com\/fr\/wp-json\/wp\/v2\/posts\/411225","targetHints":{"allow":["GET"]}}],"collection":[{"href":"https:\/\/www.europesays.com\/fr\/wp-json\/wp\/v2\/posts"}],"about":[{"href":"https:\/\/www.europesays.com\/fr\/wp-json\/wp\/v2\/types\/post"}],"author":[{"embeddable":true,"href":"https:\/\/www.europesays.com\/fr\/wp-json\/wp\/v2\/users\/2"}],"replies":[{"embeddable":true,"href":"https:\/\/www.europesays.com\/fr\/wp-json\/wp\/v2\/comments?post=411225"}],"version-history":[{"count":0,"href":"https:\/\/www.europesays.com\/fr\/wp-json\/wp\/v2\/posts\/411225\/revisions"}],"wp:featuredmedia":[{"embeddable":true,"href":"https:\/\/www.europesays.com\/fr\/wp-json\/wp\/v2\/media\/411226"}],"wp:attachment":[{"href":"https:\/\/www.europesays.com\/fr\/wp-json\/wp\/v2\/media?parent=411225"}],"wp:term":[{"taxonomy":"category","embeddable":true,"href":"https:\/\/www.europesays.com\/fr\/wp-json\/wp\/v2\/categories?post=411225"},{"taxonomy":"post_tag","embeddable":true,"href":"https:\/\/www.europesays.com\/fr\/wp-json\/wp\/v2\/tags?post=411225"}],"curies":[{"name":"wp","href":"https:\/\/api.w.org\/{rel}","templated":true}]}}