{"id":411233,"date":"2025-09-23T06:05:10","date_gmt":"2025-09-23T06:05:10","guid":{"rendered":"https:\/\/www.europesays.com\/fr\/411233\/"},"modified":"2025-09-23T06:05:10","modified_gmt":"2025-09-23T06:05:10","slug":"en-direct-assemblee-generale-de-lonu-apres-emmanuel-macron-donald-trump-fait-son-grand-retour","status":"publish","type":"post","link":"https:\/\/www.europesays.com\/fr\/411233\/","title":{"rendered":"EN DIRECT &#8211; Assembl\u00e9e g\u00e9n\u00e9rale de l\u2019ONU : apr\u00e8s Emmanuel Macron, Donald Trump fait son grand retour"},"content":{"rendered":"<p class=\"fig-paragraph\">Donald Trump fait mardi son grand retour \u00e0 la tribune de l\u2019Assembl\u00e9e g\u00e9n\u00e9rale de l\u2019ONU o\u00f9 il entend d\u00e9noncer les \u00abmondialistes\u00bb. Le pr\u00e9sident am\u00e9ricain, qui a boulevers\u00e9 l\u2019ordre g\u00e9opolitique mondial en quelque huit mois men\u00e9s tambour battant, devrait se d\u00e9lecter de l\u2019exercice, lui qui savoure ces grands rendez-vous et nourrit l\u2019espoir d\u2019un prix Nobel de la paix. Il entend se montrer combatif, selon la porte-parole de la Maison Blanche, Karoline Leavitt.<\/p>\n<p class=\"fig-paragraph\">Dans son discours, il s\u2019en prendra, selon elle, aux \u00aborganisations mondialistes\u00bb qui ont \u00abfait p\u00e9ricliter l\u2019ordre mondial\u00bb, de quoi faire tressaillir le temple du multilat\u00e9ralisme. Donald Trump vantera aussi son action pacificatrice, lui qui assure avoir mis fin \u00e0 \u00absept guerres\u00bb depuis son retour \u00e0 la Maison Blanche en janvier. Les dirigeants mondiaux seront \u00e0 l\u2019\u00e9coute m\u00eame s\u2019il a boulevers\u00e9 les alliances des \u00c9tats-Unis, frapp\u00e9 nombre de pays de taxes douani\u00e8res, quitt\u00e9 des forums internationaux et op\u00e9r\u00e9 des coupes budg\u00e9taires massives dans l\u2019aide \u00e9trang\u00e8re am\u00e9ricaine.<\/p>\n<p>    Donald Trump.<br \/>\n                Kevin Lamarque \/ REUTERS<\/p>\n<p class=\"fig-paragraph\">Le pr\u00e9sident am\u00e9ricain aura aussi \u00e0 New York des entretiens bilat\u00e9raux avec ses homologues ukrainien Volodymyr Zelensky et argentin Javier Milei, en plus d\u2019organiser une r\u00e9union avec les dirigeants de plusieurs pays musulmans (Qatar, Arabie saoudite, Indon\u00e9sie, Turquie, Pakistan, \u00c9gypte, \u00c9mirats arabes unis et Jordanie), a pr\u00e9cis\u00e9 la Maison Blanche.<\/p>\n<p class=\"fig-paragraph\">Il doit aussi s\u2019en prendre aux pays qui ont choisi de reconna\u00eetre l\u2019\u00c9tat de Palestine, au lendemain d\u2019un sommet \u00e0 l\u2019ONU o\u00f9 la France s\u2019est ajout\u00e9e \u00e0 quelque 150 autres pays s\u2019inscrivant d\u00e9j\u00e0 dans ce mouvement historique mais \u00e0 la port\u00e9e encore avant tout symbolique. Le pr\u00e9sident am\u00e9ricain \u00abpense que c\u2019est une r\u00e9compense pour le Hamas\u00bb, a dit sa porte-parole.<\/p>\n","protected":false},"excerpt":{"rendered":"Donald Trump fait mardi son grand retour \u00e0 la tribune de l\u2019Assembl\u00e9e g\u00e9n\u00e9rale de l\u2019ONU o\u00f9 il entend&hellip;\n","protected":false},"author":2,"featured_media":411234,"comment_status":"","ping_status":"","sticky":false,"template":"","format":"standard","meta":{"footnotes":""},"categories":[5],"tags":[259,11,260,75,1073,1011,27,14,261,12,3521,3518,262,28],"class_list":{"0":"post-411233","1":"post","2":"type-post","3":"status-publish","4":"format-standard","5":"has-post-thumbnail","7":"category-international","8":"tag-actualite-internationale","9":"tag-actualites","10":"tag-affaires-etrangeres","11":"tag-donald-trump","12":"tag-emmanuel-macron","13":"tag-fr","14":"tag-france","15":"tag-international","16":"tag-ministere-des-affaires-etrangeres","17":"tag-news","18":"tag-onu","19":"tag-palestine","20":"tag-politique-etrangere","21":"tag-world"},"share_on_mastodon":{"url":"https:\/\/pubeurope.com\/@fr\/115252109203723273","error":""},"_links":{"self":[{"href":"https:\/\/www.europesays.com\/fr\/wp-json\/wp\/v2\/posts\/411233","targetHints":{"allow":["GET"]}}],"collection":[{"href":"https:\/\/www.europesays.com\/fr\/wp-json\/wp\/v2\/posts"}],"about":[{"href":"https:\/\/www.europesays.com\/fr\/wp-json\/wp\/v2\/types\/post"}],"author":[{"embeddable":true,"href":"https:\/\/www.europesays.com\/fr\/wp-json\/wp\/v2\/users\/2"}],"replies":[{"embeddable":true,"href":"https:\/\/www.europesays.com\/fr\/wp-json\/wp\/v2\/comments?post=411233"}],"version-history":[{"count":0,"href":"https:\/\/www.europesays.com\/fr\/wp-json\/wp\/v2\/posts\/411233\/revisions"}],"wp:featuredmedia":[{"embeddable":true,"href":"https:\/\/www.europesays.com\/fr\/wp-json\/wp\/v2\/media\/411234"}],"wp:attachment":[{"href":"https:\/\/www.europesays.com\/fr\/wp-json\/wp\/v2\/media?parent=411233"}],"wp:term":[{"taxonomy":"category","embeddable":true,"href":"https:\/\/www.europesays.com\/fr\/wp-json\/wp\/v2\/categories?post=411233"},{"taxonomy":"post_tag","embeddable":true,"href":"https:\/\/www.europesays.com\/fr\/wp-json\/wp\/v2\/tags?post=411233"}],"curies":[{"name":"wp","href":"https:\/\/api.w.org\/{rel}","templated":true}]}}