{"id":411239,"date":"2025-09-23T06:09:16","date_gmt":"2025-09-23T06:09:16","guid":{"rendered":"https:\/\/www.europesays.com\/fr\/411239\/"},"modified":"2025-09-23T06:09:16","modified_gmt":"2025-09-23T06:09:16","slug":"ce-que-raconte-larrivee-des-protagonistes-au-proces-perdriau","status":"publish","type":"post","link":"https:\/\/www.europesays.com\/fr\/411239\/","title":{"rendered":"ce que raconte l\u2019arriv\u00e9e des protagonistes au proc\u00e8s Perdriau"},"content":{"rendered":"<p>Ce 22\u00a0septembre 2025 \u00e9tait attendu. Attendu depuis plus de trois ans. Le proc\u00e8s du chantage \u00e0 la mairie de Saint-\u00c9tienne a commenc\u00e9 ce lundi matin au palais de justice de Lyon. Et les protagonistes de cette affaire sont arriv\u00e9s comme la pluie\u00a0: au compte-goutte.<\/p>\n<p>Les premiers arriv\u00e9s sont des fid\u00e8les. <a href=\"https:\/\/www.leprogres.fr\/faits-divers-justice\/2025\/03\/27\/gael-perdriau-m-a-dit-qu-il-etait-innocent-je-n-ai-pas-change-je-le-crois\" target=\"_blank\" rel=\"noopener\">Des fid\u00e8les d\u2019un maire<\/a> qui est dans la tourmente depuis ao\u00fbt\u00a02022 mais qui a tenu bon. S&rsquo;il n&rsquo;a pas l\u00e2ch\u00e9 son si\u00e8ge, clamant son innocence et contestant toute implication dans ce pi\u00e8ge tendu \u00e0 <a href=\"https:\/\/www.leprogres.fr\/faits-divers-justice\/2025\/09\/07\/affaire-du-presume-chantage-a-la-video-l-onde-de-choc-pour-la-famille-artigues\" target=\"_blank\" rel=\"noopener\">Gilles Artigues<\/a>, il le doit, politiquement parlant, en grande partie \u00e0 ce groupe d\u2019\u00e9lus parmi lesquels Nadia Semache, Pascale Lacour, Marc Chassaub\u00e9n\u00e9 (qui sera&#8230;<\/p>\n","protected":false},"excerpt":{"rendered":"Ce 22\u00a0septembre 2025 \u00e9tait attendu. Attendu depuis plus de trois ans. Le proc\u00e8s du chantage \u00e0 la mairie&hellip;\n","protected":false},"author":2,"featured_media":411240,"comment_status":"","ping_status":"","sticky":false,"template":"","format":"standard","meta":{"footnotes":""},"categories":[9653],"tags":[1111,11,42797,2430,271,272,7539,1777,674,274,107,1011,27,3367,12,316,25,4001,7538],"class_list":{"0":"post-411239","1":"post","2":"type-post","3":"status-publish","4":"format-standard","5":"has-post-thumbnail","7":"category-saint-etienne","8":"tag-actu","9":"tag-actualites","10":"tag-affaire-perdriau","11":"tag-auvergne-rhone-alpes","12":"tag-crime","13":"tag-delit-et-contravention","14":"tag-edition-loire-sud","15":"tag-eu","16":"tag-europe","17":"tag-faits-divers-justice","18":"tag-fil-info","19":"tag-fr","20":"tag-france","21":"tag-loire","22":"tag-news","23":"tag-politique","24":"tag-republique-francaise","25":"tag-saint-etienne","26":"tag-saint-etienne-ville"},"share_on_mastodon":{"url":"https:\/\/pubeurope.com\/@fr\/115252125122592210","error":""},"_links":{"self":[{"href":"https:\/\/www.europesays.com\/fr\/wp-json\/wp\/v2\/posts\/411239","targetHints":{"allow":["GET"]}}],"collection":[{"href":"https:\/\/www.europesays.com\/fr\/wp-json\/wp\/v2\/posts"}],"about":[{"href":"https:\/\/www.europesays.com\/fr\/wp-json\/wp\/v2\/types\/post"}],"author":[{"embeddable":true,"href":"https:\/\/www.europesays.com\/fr\/wp-json\/wp\/v2\/users\/2"}],"replies":[{"embeddable":true,"href":"https:\/\/www.europesays.com\/fr\/wp-json\/wp\/v2\/comments?post=411239"}],"version-history":[{"count":0,"href":"https:\/\/www.europesays.com\/fr\/wp-json\/wp\/v2\/posts\/411239\/revisions"}],"wp:featuredmedia":[{"embeddable":true,"href":"https:\/\/www.europesays.com\/fr\/wp-json\/wp\/v2\/media\/411240"}],"wp:attachment":[{"href":"https:\/\/www.europesays.com\/fr\/wp-json\/wp\/v2\/media?parent=411239"}],"wp:term":[{"taxonomy":"category","embeddable":true,"href":"https:\/\/www.europesays.com\/fr\/wp-json\/wp\/v2\/categories?post=411239"},{"taxonomy":"post_tag","embeddable":true,"href":"https:\/\/www.europesays.com\/fr\/wp-json\/wp\/v2\/tags?post=411239"}],"curies":[{"name":"wp","href":"https:\/\/api.w.org\/{rel}","templated":true}]}}