{"id":411241,"date":"2025-09-23T06:10:12","date_gmt":"2025-09-23T06:10:12","guid":{"rendered":"https:\/\/www.europesays.com\/fr\/411241\/"},"modified":"2025-09-23T06:10:12","modified_gmt":"2025-09-23T06:10:12","slug":"suivez-le-deuxieme-jour-daudience-en-temps-reel","status":"publish","type":"post","link":"https:\/\/www.europesays.com\/fr\/411241\/","title":{"rendered":"suivez le deuxi\u00e8me jour d&rsquo;audience en temps r\u00e9el"},"content":{"rendered":"<p><strong>Tous les pr\u00e9venus pr\u00e9sents<\/strong><\/p>\n<p>Tous les pr\u00e9venus \u00e9taient pr\u00e9sents au tribunal d\u00e8s lundi matin et, contrairement aux inqui\u00e9tudes, le proc\u00e8s ne sera pas report\u00e9. Il aura bel et bien lieu cette semaine&#8230; <a href=\"https:\/\/www.leprogres.fr\/faits-divers-justice\/2025\/09\/10\/et-si-le-proces-perdriau-etait-prolonge-de-quelques-jours-voire-reporte\" target=\"_blank\" rel=\"noopener\">mais pourrait en revanche s&rsquo;\u00e9tirer sur la suivante<\/a>, au regard de la dur\u00e9e des premi\u00e8res auditions.<\/p>\n<p><strong>Samy K\u00e9fi-J\u00e9r\u00f4me ne charge pas Ga\u00ebl Perdriau<\/strong><\/p>\n<p>Cinq heures : <a href=\"https:\/\/www.leprogres.fr\/faits-divers-justice\/2025\/09\/23\/proces-perdriau-kefi-jerome-une-sextape-pour-un-siege-de-depute\" target=\"_blank\" rel=\"noopener\">c&rsquo;est le temps qu&rsquo;a pass\u00e9 \u00e0 la barre Samy K\u00e9fi-J\u00e9r\u00f4me<\/a>, l&rsquo;ancien adjoint \u00e0 la Ville de Saint-\u00c9tienne. Il a assum\u00e9 son r\u00f4le dans l&rsquo;affaire sans pour autant enfoncer Ga\u00ebl Perdriau, bien qu\u2019il reconnaisse que Pierre Gauttieri, le directeur de cabinet, n\u2019aurait pas pu monter un tel pi\u00e8ge sans que le maire de Saint-\u00c9tienne ne soit au courant.<\/p>\n<p><strong>Le d\u00e9but du show Gilles Rossary-Lenglet<\/strong><\/p>\n<p>Comme on pouvait s&rsquo;y attendre, Gilles Rossary-Lenglet, <a href=\"https:\/\/www.leprogres.fr\/faits-divers-justice\/2022\/09\/08\/gilles-rossary-lenglet-l-homme-par-qui-le-scandale-est-arrive\" target=\"_blank\" rel=\"noopener\">l&rsquo;homme \u00e0 l&rsquo;origine de la r\u00e9v\u00e9lation de l&rsquo;affaire<\/a>, s&rsquo;est montr\u00e9 particuli\u00e8rement bavard. \u00c0 la barre, il a tacl\u00e9 \u00e0 tour de bras, n&rsquo;\u00e9pargnant personne, \u00e9gratignant pr\u00e9venus comme parties civiles.<\/p>\n<p><strong>&gt;&gt; <a href=\"https:\/\/www.leprogres.fr\/faits-divers-justice\/2025\/09\/22\/proces-perdriau-trois-ans-apres-l-affaire-de-la-sextape-l-audience-s-ouvre-ce-lundi\" target=\"_blank\" rel=\"noopener\">Revivez la premi\u00e8re journ\u00e9e du proc\u00e8s<br \/><\/a><\/strong><\/p>\n","protected":false},"excerpt":{"rendered":"Tous les pr\u00e9venus pr\u00e9sents Tous les pr\u00e9venus \u00e9taient pr\u00e9sents au tribunal d\u00e8s lundi matin et, contrairement aux inqui\u00e9tudes,&hellip;\n","protected":false},"author":2,"featured_media":411240,"comment_status":"","ping_status":"","sticky":false,"template":"","format":"standard","meta":{"footnotes":""},"categories":[9653],"tags":[1111,11,42797,2430,271,272,7539,1777,674,274,107,1011,27,3367,2428,12,316,25,2429,4001],"class_list":{"0":"post-411241","1":"post","2":"type-post","3":"status-publish","4":"format-standard","5":"has-post-thumbnail","7":"category-saint-etienne","8":"tag-actu","9":"tag-actualites","10":"tag-affaire-perdriau","11":"tag-auvergne-rhone-alpes","12":"tag-crime","13":"tag-delit-et-contravention","14":"tag-edition-loire-sud","15":"tag-eu","16":"tag-europe","17":"tag-faits-divers-justice","18":"tag-fil-info","19":"tag-fr","20":"tag-france","21":"tag-loire","22":"tag-lyon","23":"tag-news","24":"tag-politique","25":"tag-republique-francaise","26":"tag-rhone","27":"tag-saint-etienne"},"share_on_mastodon":{"url":"https:\/\/pubeurope.com\/@fr\/115252128962022996","error":""},"_links":{"self":[{"href":"https:\/\/www.europesays.com\/fr\/wp-json\/wp\/v2\/posts\/411241","targetHints":{"allow":["GET"]}}],"collection":[{"href":"https:\/\/www.europesays.com\/fr\/wp-json\/wp\/v2\/posts"}],"about":[{"href":"https:\/\/www.europesays.com\/fr\/wp-json\/wp\/v2\/types\/post"}],"author":[{"embeddable":true,"href":"https:\/\/www.europesays.com\/fr\/wp-json\/wp\/v2\/users\/2"}],"replies":[{"embeddable":true,"href":"https:\/\/www.europesays.com\/fr\/wp-json\/wp\/v2\/comments?post=411241"}],"version-history":[{"count":0,"href":"https:\/\/www.europesays.com\/fr\/wp-json\/wp\/v2\/posts\/411241\/revisions"}],"wp:featuredmedia":[{"embeddable":true,"href":"https:\/\/www.europesays.com\/fr\/wp-json\/wp\/v2\/media\/411240"}],"wp:attachment":[{"href":"https:\/\/www.europesays.com\/fr\/wp-json\/wp\/v2\/media?parent=411241"}],"wp:term":[{"taxonomy":"category","embeddable":true,"href":"https:\/\/www.europesays.com\/fr\/wp-json\/wp\/v2\/categories?post=411241"},{"taxonomy":"post_tag","embeddable":true,"href":"https:\/\/www.europesays.com\/fr\/wp-json\/wp\/v2\/tags?post=411241"}],"curies":[{"name":"wp","href":"https:\/\/api.w.org\/{rel}","templated":true}]}}