{"id":411254,"date":"2025-09-23T06:17:14","date_gmt":"2025-09-23T06:17:14","guid":{"rendered":"https:\/\/www.europesays.com\/fr\/411254\/"},"modified":"2025-09-23T06:17:14","modified_gmt":"2025-09-23T06:17:14","slug":"la-metropole-rouen-normandie-et-haropa-port-unissent-leurs-forces","status":"publish","type":"post","link":"https:\/\/www.europesays.com\/fr\/411254\/","title":{"rendered":"La M\u00e9tropole Rouen Normandie et Haropa Port unissent leurs forces"},"content":{"rendered":"<p>\n                    La M\u00e9tropole Rouen Normandie et Haropa Port viennent de signer une convention cadre de partenariat ambitieuse pour cinq ans. L\u2019objectif : conjuguer leurs forces pour d\u00e9velopper l\u2019attractivit\u00e9 \u00e9conomique de l\u2019Axe Seine, renforcer la transition \u00e9cologique, le tourisme et les mobilit\u00e9s d\u00e9carbon\u00e9es et renforcer le lien entre le territoire, le port et le fleuve.                <\/p>\n<p>\u00ab\u00a0La M\u00e9tropole Rouen Normandie, 1er p\u00f4le d\u2019emploi r\u00e9gional et Haropa Port, premier port de France, partagent un destin profond\u00e9ment li\u00e9 \u00e0 la Seine\u00a0\u00bb, expliquent les deux organisations dans un communiqu\u00e9 commun. Elles y affirment ainsi leur volont\u00e9 de \u00ab\u00a0conjuguer comp\u00e9titivit\u00e9 \u00e9conomique et exemplarit\u00e9 environnementale, dans un contexte o\u00f9 les enjeux de souverainet\u00e9 industrielle, de qualit\u00e9 de l\u2019air et d\u2019adaptation au changement climatique sont centraux\u00a0\u00bb.<\/p>\n<p>\u00ab\u00a0En s\u2019inscrivant dans les grands enjeux de souverainet\u00e9 \u00e9conomique, de transition \u00e9nerg\u00e9tique et d\u2019adaptation au changement climatique, la M\u00e9tropole Rouen Normandie et Haropa Port entendent consolider leur r\u00f4le de moteur \u00e9conomique et environnemental \u00e0 l\u2019\u00e9chelle nationale et europ\u00e9enne\u00a0\u00bb.<\/p>\n<p>Afin de mat\u00e9rialiser ces engagements, une convention cadre d\u2019une dur\u00e9e de 5 ans a \u00e9t\u00e9 sign\u00e9e entre la M\u00e9tropole et le Port.<\/p>\n<p>Un partenariat strat\u00e9gique au service du territoire<\/p>\n<p>5 axes majeurs de coop\u00e9ration :<\/p>\n<ul>\n<li>Valoriser le potentiel \u00e9conomique de l\u2019Axe Seine : mise en place d\u2019une strat\u00e9gie fonci\u00e8re partag\u00e9e, soutien \u00e0 l\u2019implantation de nouvelles entreprises industrielles et logistiques, promotion de l\u2019\u00e9conomie circulaire et de l\u2019\u00e9cologie industrielle. Chiffres cl\u00e9s : 23 000 emplois directs et indirects g\u00e9n\u00e9r\u00e9s par le Port de Rouen \/ 28,3 millions de tonnes de trafic maritime et fluvial).<\/li>\n<li>Renforcer l\u2019identit\u00e9 fluviale et industrialo-portuaire : d\u00e9veloppement du tourisme fluvial et maritime, valorisation du patrimoine portuaire et organisation d\u2019\u00e9v\u00e9nements culturels autour du fleuve (Armada, F\u00eate du Fleuve, Solitaire du Figaro, reconversion de sites embl\u00e9matiques), accompagnement du futur Centre des Congr\u00e8s de Rouen.<\/li>\n<li>Accompagner le d\u00e9veloppement des mobilit\u00e9s d\u00e9carbon\u00e9es : accroissement du fret fluvial et ferroviaire, soutien \u00e0 la logistique urbaine durable (projet fluvio-cyclable en 2025), am\u00e9lioration des connexions ferroviaires et d\u00e9veloppement de pistes cyclables et pi\u00e9tonnes sur le domaine portuaire.<\/li>\n<li>Acc\u00e9l\u00e9rer la transition \u00e9cologique : production et distribution d\u2019\u00e9nergies renouvelables (photovolta\u00efque, hydrog\u00e8ne, r\u00e9seaux de chaleur), \u00e9lectrification des transports, gestion raisonn\u00e9e de la ressource en eau, pr\u00e9servation et restauration des espaces naturels.<\/li>\n<li>Favoriser un cod\u00e9veloppement responsable entre ville et port : reconversion des friches industrialo-portuaires, am\u00e9nagement paysager des interfaces ville\/port, adaptation des infrastructures aux risques climatiques, dialogue renforc\u00e9 avec les habitants et communes riveraines.<\/li>\n<\/ul>\n<p>\u00ab Ce partenariat in\u00e9dit avec Haropa Port traduit notre ambition commune : faire de Rouen et de l\u2019Axe Seine un territoire exemplaire, o\u00f9 r\u00e9industrialisation durable, transition \u00e9cologique et attractivit\u00e9 se conjuguent au service des habitants et de l\u2019avenir\u00a0\u00bb, s\u2019est ainsi f\u00e9licit\u00e9 Nicolas Mayer-Rossignol, Pr\u00e9sident de la M\u00e9tropole Rouen Normandie.<\/p>\n<p>\u00ab La cr\u00e9ation du grand port fluvio-maritime de l\u2019Axe Seine, n\u00e9 de la fusion des ports du Havre, de Rouen et de Paris, a permis d\u2019impulser une nouvelle dynamique autour de la Seine. La collaboration engag\u00e9e aujourd\u2019hui permet d\u2019apporter aux habitants de nos territoires les b\u00e9n\u00e9fices d\u2019un d\u00e9veloppement \u00e9conomique responsable, prenant en compte les enjeux soci\u00e9taux et environnementaux actuels. En conjuguant nos comp\u00e9tences et \u00e9nergies, nous accompagnons la transformation \u00e9cologique et \u00e9nerg\u00e9tique de l\u2019Axe Seine afin de renforcer sa comp\u00e9titivit\u00e9 et attractivit\u00e9 \u00bb, a pour sa part estim\u00e9 Beno\u00eet Rochet, directeur g\u00e9n\u00e9ral de Haropa Port.<\/p>\n","protected":false},"excerpt":{"rendered":"La M\u00e9tropole Rouen Normandie et Haropa Port viennent de signer une convention cadre de partenariat ambitieuse pour cinq&hellip;\n","protected":false},"author":2,"featured_media":411255,"comment_status":"","ping_status":"","sticky":false,"template":"","format":"standard","meta":{"footnotes":""},"categories":[9587],"tags":[1111,11,1777,674,1011,27,7029,47909,12,5161,25,9590],"class_list":{"0":"post-411254","1":"post","2":"type-post","3":"status-publish","4":"format-standard","5":"has-post-thumbnail","7":"category-rouen","8":"tag-actu","9":"tag-actualites","10":"tag-eu","11":"tag-europe","12":"tag-fr","13":"tag-france","14":"tag-haropa-port","15":"tag-metropole-rouen-normandie","16":"tag-news","17":"tag-normandie","18":"tag-republique-francaise","19":"tag-rouen"},"share_on_mastodon":{"url":"https:\/\/pubeurope.com\/@fr\/115252156909576747","error":""},"_links":{"self":[{"href":"https:\/\/www.europesays.com\/fr\/wp-json\/wp\/v2\/posts\/411254","targetHints":{"allow":["GET"]}}],"collection":[{"href":"https:\/\/www.europesays.com\/fr\/wp-json\/wp\/v2\/posts"}],"about":[{"href":"https:\/\/www.europesays.com\/fr\/wp-json\/wp\/v2\/types\/post"}],"author":[{"embeddable":true,"href":"https:\/\/www.europesays.com\/fr\/wp-json\/wp\/v2\/users\/2"}],"replies":[{"embeddable":true,"href":"https:\/\/www.europesays.com\/fr\/wp-json\/wp\/v2\/comments?post=411254"}],"version-history":[{"count":0,"href":"https:\/\/www.europesays.com\/fr\/wp-json\/wp\/v2\/posts\/411254\/revisions"}],"wp:featuredmedia":[{"embeddable":true,"href":"https:\/\/www.europesays.com\/fr\/wp-json\/wp\/v2\/media\/411255"}],"wp:attachment":[{"href":"https:\/\/www.europesays.com\/fr\/wp-json\/wp\/v2\/media?parent=411254"}],"wp:term":[{"taxonomy":"category","embeddable":true,"href":"https:\/\/www.europesays.com\/fr\/wp-json\/wp\/v2\/categories?post=411254"},{"taxonomy":"post_tag","embeddable":true,"href":"https:\/\/www.europesays.com\/fr\/wp-json\/wp\/v2\/tags?post=411254"}],"curies":[{"name":"wp","href":"https:\/\/api.w.org\/{rel}","templated":true}]}}