{"id":411258,"date":"2025-09-23T06:20:14","date_gmt":"2025-09-23T06:20:14","guid":{"rendered":"https:\/\/www.europesays.com\/fr\/411258\/"},"modified":"2025-09-23T06:20:14","modified_gmt":"2025-09-23T06:20:14","slug":"entreprises-terr-estre-et-caeli-energie-recoivent-un-prix-levee-de-fonds-de-15-me-pour-enercoop-aura-lactu-en-bref","status":"publish","type":"post","link":"https:\/\/www.europesays.com\/fr\/411258\/","title":{"rendered":"Entreprises. Terr-estre et Caeli Energie re\u00e7oivent un prix, lev\u00e9e de fonds de 1,5 M\u20ac pour\u00a0Enercoop Aura&#8230; L&rsquo;actu en bref"},"content":{"rendered":"<p>  &#13;<br \/>\n      <a href=\"https:\/\/cdn-s-www.ledauphine.com\/images\/d777a285-de28-4e00-a2e8-90eda61e3906\/NW_raw\/nous-n-utilisons-pas-de-fluides-frigorigenes-nous-ne-rejetons-pas-d-air-chaud-a-l-exterieur-explique-remi-perony-fondateur-de-caeli-energie-photo-le-dl-matthieu-estrangin-1694035096.jpg\" title=\"\u00a0\u00a0\u00a0\u00ab Nous n\u2019utilisons pas de fluides frigorig\u00e8nes, nous ne rejetons pas d\u2019air chaud \u00e0 l\u2019ext\u00e9rieur\u00bb, explique R\u00e9mi P\u00e9rony,\u00a0fondateur\u00a0de Caeli Energie. Photo\u00a0Le DL \/ Matthieu Estrangin\" class=\"chocolat-image GA-tracking\" data-ga_type=\"click\" data-ga_category=\"D\u00e9tail\" data-ga_action=\"zoomer\" data-ga_label=\"agrandir image\" target=\"_blank\" rel=\"noopener\">&#13;<br \/>\n          <img loading=\"lazy\" decoding=\"async\" src=\"https:\/\/www.europesays.com\/fr\/wp-content\/uploads\/2025\/09\/nous-n-utilisons-pas-de-fluides-frigorigenes-nous-ne-rejetons-pas-d-air-chaud-a-l-exterieur-explique.jpeg\" data-mobile=\"NW_listC_M|1694035096\" data-base=\"NW_listC|1694035096\" alt=\"\u00a0\u00a0\u00a0\u00ab Nous n\u2019utilisons pas de fluides frigorig\u00e8nes, nous ne rejetons pas d\u2019air chaud \u00e0 l\u2019ext\u00e9rieur\u00bb, explique R\u00e9mi P\u00e9rony,\u00a0fondateur\u00a0de Caeli Energie. Photo\u00a0Le DL \/ Matthieu Estrangin\"\/>&#13;<br \/>\n      <\/a>&#13;<\/p>\n<ul class=\"ulEdition\">\n<li>\u00a0\u00a0\u00a0\u00ab Nous n\u2019utilisons pas de fluides frigorig\u00e8nes, nous ne rejetons pas d\u2019air chaud \u00e0 l\u2019ext\u00e9rieur\u00bb, explique R\u00e9mi P\u00e9rony,\u00a0fondateur\u00a0de Caeli Energie. Photo\u00a0Le DL \/ Matthieu Estrangin<\/li>\n<\/ul>\n<p>&#13;<\/p>\n<p>  Is\u00e8re\u00a0:\u00a0Terr-estre et\u00a0Caeli Energie prim\u00e9s \u00e0 France Design Impact Award<\/p>\n<p>Les\u00a0laur\u00e9ats de la premi\u00e8re \u00e9dition France Design Impact Award, qui\u00a0a pour vocation de r\u00e9compenser des projets exemplaires issus de tous les m\u00e9tiers du design, ont \u00e9t\u00e9 r\u00e9v\u00e9l\u00e9s.\u00a0\u00a0<\/p>\n<p>Le projet is\u00e9rois de lieu collaboratif\u00a0Terr-estre a re\u00e7u le \u00a0\u00bbPrix\u00a0des Transitions soci\u00e9tales\u00a0\u00bb.\u00a0Sur le territoire du Gr\u00e9sivaudan (\u00e0 proximit\u00e9 de Grenoble) <a href=\"https:\/\/www.ledauphine.com\/economie\/2024\/06\/13\/le-tiers-lieu-terr-estre-veut-unir-pour-produire-autrement\" target=\"_blank\" rel=\"noopener\">Terr-estre r\u00e9unit<\/a> cr\u00e9ateurs, citoyens, scolaires\u00a0et entreprises (TPE de la fabrication, startups&#8230;) autour de la cr\u00e9ation, de la fabrication locale et de l\u2019\u00e9conomie circulaire.<\/p>\n<p>Autre r\u00e9compense en Is\u00e8re\u00a0: celle pour Caeli Energie,\u00a0qui r\u00e9colte le \u00a0\u00bbPrix de la R\u00e9invention\u00a0\u00bb gr\u00e2ce \u00e0 <a href=\"https:\/\/www.ledauphine.com\/environnement\/2023\/10\/18\/caeli-energie-une-alternative-ecologique-a-la-climatisation\" target=\"_blank\" rel=\"noopener\">son\u00a0innovation majeure dans le secteur de la climatisation<\/a>\u00a0en r\u00e9duisant de 85% les \u00e9missions de CO2 li\u00e9e au rafra\u00eechissement et ce, sans gaz frigorig\u00e8nes ni groupe ext\u00e9rieur.\u00a0Soit un rendement cinq fois sup\u00e9rieur aux climatiseurs traditionnels.<\/p>\n<p>  R\u00e9gion\/Is\u00e8re\u00a0: une lev\u00e9e de fonds de 1,5 M\u20ac pour\u00a0Enercoop AURA<\/p>\n<p>Enercoop, seul fournisseur d&rsquo;\u00e9lectricit\u00e9 national sous forme coop\u00e9rative proposant une \u00e9lectricit\u00e9 100% fran\u00e7aise et renouvelable, vient d&rsquo;annoncer le lancement d&rsquo;une lev\u00e9e de fonds de 6 millions d&rsquo;euros d\u2019ici la fin de l\u2019ann\u00e9e.<\/p>\n<p>Sur cette somme, 1,5 millions seront allou\u00e9s \u00e0 la coop\u00e9rative Enercoop Auvergne-Rh\u00f4ne-Alpes, implant\u00e9e \u00e0 Grenoble depuis 2010.\u00a0<\/p>\n<p>Cette op\u00e9ration aura pour but de financer de nouveaux projets de production d\u2019\u00e9nergie dans la r\u00e9gion et de renforcer la r\u00e9silience de la coop\u00e9rative.<\/p>\n<p>Enercoop Auvergne-Rh\u00f4ne-Alpes (AURA) a entrepris 25 projets de production d\u2019\u00e9lectricit\u00e9 renouvelable en propre depuis 15 ans dont 7 parcs solaires d\u00e9j\u00e0 en service et 11 en cours de d\u00e9veloppement.<\/p>\n<p>En 2025, sept nouveaux parcs solaires ont vu et verront le jour. pour un investissement total de 8,4 millions d\u2019euros, dont 1,5 million apport\u00e9 en fonds propres gr\u00e2ce aux soci\u00e9taires de la coop\u00e9rative.<\/p>\n<p>\u00a0<\/p>\n","protected":false},"excerpt":{"rendered":"&#13; &#13; &#13; &#13; \u00a0\u00a0\u00a0\u00ab Nous n\u2019utilisons pas de fluides frigorig\u00e8nes, nous ne rejetons pas d\u2019air chaud \u00e0&hellip;\n","protected":false},"author":2,"featured_media":411259,"comment_status":"","ping_status":"","sticky":false,"template":"","format":"standard","meta":{"footnotes":""},"categories":[9566],"tags":[1111,11,2738,4646,2430,9810,2730,33,1777,674,1011,27,2731,4638,693,5015,108,3367,12,25,2429,5508,216],"class_list":{"0":"post-411258","1":"post","2":"type-post","3":"status-publish","4":"format-standard","5":"has-post-thumbnail","7":"category-grenoble","8":"tag-actu","9":"tag-actualites","10":"tag-ain","11":"tag-ardeche","12":"tag-auvergne-rhone-alpes","13":"tag-direct-entreprises","14":"tag-drome","15":"tag-economie","16":"tag-eu","17":"tag-europe","18":"tag-fr","19":"tag-france","20":"tag-grenoble","21":"tag-haute-savoie","22":"tag-industrie","23":"tag-innovation-et-start-up","24":"tag-isere","25":"tag-loire","26":"tag-news","27":"tag-republique-francaise","28":"tag-rhone","29":"tag-savoie","30":"tag-vie-des-entreprises"},"share_on_mastodon":{"url":"https:\/\/pubeurope.com\/@fr\/115252168260166467","error":""},"_links":{"self":[{"href":"https:\/\/www.europesays.com\/fr\/wp-json\/wp\/v2\/posts\/411258","targetHints":{"allow":["GET"]}}],"collection":[{"href":"https:\/\/www.europesays.com\/fr\/wp-json\/wp\/v2\/posts"}],"about":[{"href":"https:\/\/www.europesays.com\/fr\/wp-json\/wp\/v2\/types\/post"}],"author":[{"embeddable":true,"href":"https:\/\/www.europesays.com\/fr\/wp-json\/wp\/v2\/users\/2"}],"replies":[{"embeddable":true,"href":"https:\/\/www.europesays.com\/fr\/wp-json\/wp\/v2\/comments?post=411258"}],"version-history":[{"count":0,"href":"https:\/\/www.europesays.com\/fr\/wp-json\/wp\/v2\/posts\/411258\/revisions"}],"wp:featuredmedia":[{"embeddable":true,"href":"https:\/\/www.europesays.com\/fr\/wp-json\/wp\/v2\/media\/411259"}],"wp:attachment":[{"href":"https:\/\/www.europesays.com\/fr\/wp-json\/wp\/v2\/media?parent=411258"}],"wp:term":[{"taxonomy":"category","embeddable":true,"href":"https:\/\/www.europesays.com\/fr\/wp-json\/wp\/v2\/categories?post=411258"},{"taxonomy":"post_tag","embeddable":true,"href":"https:\/\/www.europesays.com\/fr\/wp-json\/wp\/v2\/tags?post=411258"}],"curies":[{"name":"wp","href":"https:\/\/api.w.org\/{rel}","templated":true}]}}