{"id":411262,"date":"2025-09-23T06:22:16","date_gmt":"2025-09-23T06:22:16","guid":{"rendered":"https:\/\/www.europesays.com\/fr\/411262\/"},"modified":"2025-09-23T06:22:16","modified_gmt":"2025-09-23T06:22:16","slug":"orgeres-le-theatre-de-la-mouche-sera-en-representation-samedi","status":"publish","type":"post","link":"https:\/\/www.europesays.com\/fr\/411262\/","title":{"rendered":"Org\u00e8res. Le Th\u00e9\u00e2tre de la mouche sera en repr\u00e9sentation, samedi"},"content":{"rendered":"<p>Le petit th\u00e9\u00e2tre d\u2019Org\u00e8res a pour habitude d\u2019inviter d\u2019autres troupes \u00e0 domicile. \u00a0Le souhait est de proposer aux Orgerois des \u00e9v\u00e9nements autour du th\u00e9\u00e2tre. Ce qui permet d\u2019accueillir et d\u2019\u00eatre ensuite accueilli. Il y a un \u00e9change, pr\u00e9cise Guillaume For\u00eat, pr\u00e9sident de l\u2019association. Il y a un besoin pour les troupes amateurs de trouver des salles o\u00f9 se produire\u00a0\u00bb, ajoute le pr\u00e9sident.<\/p>\n<p>Il a invit\u00e9, cette fois, la troupe du Th\u00e9\u00e2tre de la mouche pour pr\u00e9senter une pi\u00e8ce de Pierre Palmade et Christophe Duthuron, Fugueuses. L\u2019histoire d\u2019une femme qui a quitt\u00e9 son domicile et qui rencontre une dame \u00e2g\u00e9e qui s\u2019est \u00e9chapp\u00e9e d\u2019une maison de retraite, une com\u00e9die dr\u00f4le et pleine de p\u00e9rip\u00e9ties.<\/p>\n<p>Anne Melou, com\u00e9dienne et chanteuse, a pris les r\u00eanes, en 2005, du Th\u00e9\u00e2tre de la mouche. \u00a0Depuis, on a mont\u00e9 pas mal de choses, explique la com\u00e9dienne. J\u2019ai eu un coup de foudre pour cette pi\u00e8ce et je me suis dit, il faut qu\u2019on la joue. Cela m\u2019a pris sept ans de pr\u00e9paration.\u00a0 Elle est accompagn\u00e9e sur sc\u00e8ne par Catherine Bronnec.<\/p>\n<p><strong>Samedi 27\u00a0septembre,<\/strong> \u00e0 20\u00a0h\u00a030, \u00e0 la salle des f\u00eates. Entr\u00e9e\u00a0: 8 et 5\u00a0\u20ac. R\u00e9servation sur HelloAsso, par t\u00e9l.\u00a006\u00a031\u00a028\u00a054\u00a014 ou par mail, theatredelamouche@hotmail.fr<\/p>\n<p>\u00a0<\/p>\n","protected":false},"excerpt":{"rendered":"Le petit th\u00e9\u00e2tre d\u2019Org\u00e8res a pour habitude d\u2019inviter d\u2019autres troupes \u00e0 domicile. \u00a0Le souhait est de proposer aux&hellip;\n","protected":false},"author":2,"featured_media":411263,"comment_status":"","ping_status":"","sticky":false,"template":"","format":"standard","meta":{"footnotes":""},"categories":[2821],"tags":[1111,11,829,1777,674,1011,27,54241,12,54240,3086,584,21490,25,3982,1347],"class_list":{"0":"post-411262","1":"post","2":"type-post","3":"status-publish","4":"format-standard","5":"has-post-thumbnail","7":"category-rennes","8":"tag-actu","9":"tag-actualites","10":"tag-bretagne","11":"tag-eu","12":"tag-europe","13":"tag-fr","14":"tag-france","15":"tag-mouche","16":"tag-news","17":"tag-orgeres","18":"tag-redon","19":"tag-rennes","20":"tag-representation","21":"tag-republique-francaise","22":"tag-samedi","23":"tag-theatre"},"share_on_mastodon":{"url":"https:\/\/pubeurope.com\/@fr\/115252176155624112","error":""},"_links":{"self":[{"href":"https:\/\/www.europesays.com\/fr\/wp-json\/wp\/v2\/posts\/411262","targetHints":{"allow":["GET"]}}],"collection":[{"href":"https:\/\/www.europesays.com\/fr\/wp-json\/wp\/v2\/posts"}],"about":[{"href":"https:\/\/www.europesays.com\/fr\/wp-json\/wp\/v2\/types\/post"}],"author":[{"embeddable":true,"href":"https:\/\/www.europesays.com\/fr\/wp-json\/wp\/v2\/users\/2"}],"replies":[{"embeddable":true,"href":"https:\/\/www.europesays.com\/fr\/wp-json\/wp\/v2\/comments?post=411262"}],"version-history":[{"count":0,"href":"https:\/\/www.europesays.com\/fr\/wp-json\/wp\/v2\/posts\/411262\/revisions"}],"wp:featuredmedia":[{"embeddable":true,"href":"https:\/\/www.europesays.com\/fr\/wp-json\/wp\/v2\/media\/411263"}],"wp:attachment":[{"href":"https:\/\/www.europesays.com\/fr\/wp-json\/wp\/v2\/media?parent=411262"}],"wp:term":[{"taxonomy":"category","embeddable":true,"href":"https:\/\/www.europesays.com\/fr\/wp-json\/wp\/v2\/categories?post=411262"},{"taxonomy":"post_tag","embeddable":true,"href":"https:\/\/www.europesays.com\/fr\/wp-json\/wp\/v2\/tags?post=411262"}],"curies":[{"name":"wp","href":"https:\/\/api.w.org\/{rel}","templated":true}]}}