{"id":411264,"date":"2025-09-23T06:23:15","date_gmt":"2025-09-23T06:23:15","guid":{"rendered":"https:\/\/www.europesays.com\/fr\/411264\/"},"modified":"2025-09-23T06:23:15","modified_gmt":"2025-09-23T06:23:15","slug":"des-ateliers-artisanaux-et-un-marche-de-producteurs-ce-dimanche","status":"publish","type":"post","link":"https:\/\/www.europesays.com\/fr\/411264\/","title":{"rendered":"des ateliers artisanaux et un march\u00e9 de producteurs ce dimanche"},"content":{"rendered":"<p>            Par<br \/>\n        <strong><br \/>\n            <a href=\"https:\/\/actu.fr\/auteur\/redaction-jv\" title=\"Consulter tous les articles de R\u00e9daction Vitr\u00e9\" rel=\"nofollow noopener\" target=\"_blank\">R\u00e9daction Vitr\u00e9<\/a><br \/>\n        <\/strong><\/p>\n<p>        Publi\u00e9 le<\/p>\n<p>            23 sept. 2025 \u00e0 7h16        <\/p>\n<p><b>Un Dimanche \u00e0 la Ferme<\/b>\u00a0est un \u00e9v\u00e9nement organis\u00e9 par <b>l\u2019association\u00a0Le Panier des F\u00e9es,<\/b> visant \u00e0 promouvoir une agriculture et un artisanat responsables et locaux. Il se tient tous les deux ou trois ans et rassemble environ\u00a0<b>4\u2009000\u00a0visiteurs<\/b>.<\/p>\n<p class=\" wall-content\">Il aura lieu, cette ann\u00e9e, ce dimanche 28\u00a0septembre, \u00e0 <b>la Ferme du Rozay \u00e0 Ess\u00e9<\/b> (Ille-et-Vilaine).<\/p>\n<p class=\" wall-content\">L\u2019association Le Panier des F\u00e9es rassemble <b>trois exploitations<\/b>\u2009: La Cordi\u00e8re de Fabien Houget (charcuterie de porc \u00e0 l\u2019ancienne sans colorant ni conservateur)\u2009; La Ferme du Rozay de S\u00e9bastien Hivert (vaches de race parthenaise)\u2009; Fagots et Froment de B\u00e9atrice Roz\u00e9 et Gwenhael Ribault (pains et g\u00e2teaux bios).<\/p>\n<p>Visites du fournil<\/p>\n<p class=\" wall-content\">C\u00f4t\u00e9 animations gratuites, dimanche 28\u00a0septembre, on trouvera notamment <b>les visites du fournil<\/b>, toutes les 30\u00a0minutes, avec d\u00e9couverte de l\u2019histoire de Fagots et Froment, du p\u00e9trissage du pain \u00e0 la main, de la cuisson au feu de bois et distribution des pains aupr\u00e8s des cantines.<\/p>\n<p class=\" wall-content\">Des visites de la ferme sont \u00e9galement au programme, avec d\u00e9couverte du troupeau de 60 vaches allaitantes (avec leurs petits veaux)\u2009; de l\u2019agroforesterie pratiqu\u00e9e sur la ferme pour permettre de retrouver un paysage bocager et favoriser la biodiversit\u00e9\u2009; du moulin \u00e0 meule de pierre qui \u00e9crase tout\u00a0le bl\u00e9 meunier de la ferme\u2009; et l\u2019orge brassicole pour la fili\u00e8re bretonne de\u00a0la Terre \u00e0 la bi\u00e8re.<\/p>\n<p>Vid\u00e9os : en ce moment sur Actu<\/p>\n<p class=\" wall-content\">Le traditionnel <b>march\u00e9 de producteurs r\u00e9unira une trentaine d\u2019exposants<\/b> de tr\u00e8s larges horizons\u2009: sorbets, canard, escargots\u2026<\/p>\n<p class=\" wall-content\">Pour les plus jeunes, sont pr\u00e9vus des ateliers de pain, de grimpe d\u2019arbres et de jeux en bois.<\/p>\n<p>Votre r\u00e9gion, votre actu !<\/p>\n<p>Recevez chaque jour les infos qui comptent pour vous.<\/p>\n<p>\t<a href=\"https:\/\/actu.fr\/newsletter\" class=\"ac-btn ac-btn--corner ac-btn--medium ac-btn--blue800\" rel=\"nofollow noopener\" target=\"_blank\">S&rsquo;incrire<\/a><br \/>\nUn groupe d\u2019inspiration italienne<\/p>\n<p class=\" wall-content\">C\u00f4t\u00e9 sportif, l\u2019association Chemins et Randonn\u00e9es, de Retiers \u2013 Le Theil-de-Bretagne, organise \u00e9galement <b>une randonn\u00e9e p\u00e9destre<\/b> \u00e0 travers la campagne.<\/p>\n<p class=\" wall-content\">Le rendez-vous est donn\u00e9 pour 9\u2009h sur la ferme. Les participants seront accueillis par un caf\u00e9 et une\u00a0gourmandise, avant de s\u2019\u00e9lancer \u00e0 9\u2009h\u200930 pour 1\u2009h\u200930 de marche.<\/p>\n<p class=\" wall-content\">Une nouveaut\u00e9 est \u00e0 signaler cette ann\u00e9e\u2009: sur inscription et dans la limite de disponibilit\u00e9, <b>une randonn\u00e9e en jo\u00eblette<\/b> (un fauteuil muni d\u2019une roue unique, situ\u00e9e sous\u00a0le fauteuil, et de deux brancards, permettant ainsi de v\u00e9hiculer la personne \u00e0 mobilit\u00e9\u00a0r\u00e9duite sur des chemins plus escarp\u00e9s que la route).<\/p>\n<p class=\" wall-content\"><b>Le groupe Lato Lontano<\/b> animera cette journ\u00e9e.\u00a0Reflet d\u2019une riche tradition familiale du sud de l\u2019Italie, Lato Lontano renouvelle la musique m\u00e9diterran\u00e9enne en y\u00a0ajoutant des touches armoricaines.<\/p>\n<p class=\" wall-content\">\u00ab\u2009Le son de la mandoline et de l\u2019accord\u00e9on fusionne avec les m\u00e9lodies enjou\u00e9es et joyeuses des voix\u2009; les polkas, mazurkas et valses sont typiques de la p\u00e9ninsule, les tarentelles et les pizzicas se m\u00e9tamorphosent en cercles circassiens. Douce et l\u00e9g\u00e8re, alla carpinese\u2009se fond en une gavotte de Grenoble tandis que Madonna delle Grazie vous emporte dans un tourbillon, une farandole effr\u00e9n\u00e9e\u2009\u00bb, s\u2019enthousiasment les organisateurs.<\/p>\n<p>Ferme du Rozay, \u00e0 Ess\u00e9, dimanche 28\u00a0septembre. Contact\u2009: 02\u200999\u200947\u200904\u200926<\/p>\n<p class=\" wall-content\">Personnalisez votre actualit\u00e9 en ajoutant vos villes et m\u00e9dias en favori avec <a href=\"https:\/\/moncompte.actu.fr\" title=\"D\u00e9couvez Mon Actu\" rel=\"nofollow noopener\" data-trk=\"{&quot;cta&quot;:{&quot;action&quot;:&quot;https:\\\/\\\/moncompte.actu.fr&quot;,&quot;category&quot;:&quot;mon compte&quot;,&quot;from&quot;:&quot;article footer&quot;,&quot;name&quot;:&quot;Mon actu&quot;,&quot;type&quot;:&quot;cta&quot;}}\" target=\"_blank\">Mon Actu<\/a>.<\/p>\n","protected":false},"excerpt":{"rendered":"Par R\u00e9daction Vitr\u00e9 Publi\u00e9 le 23 sept. 2025 \u00e0 7h16 Un Dimanche \u00e0 la Ferme\u00a0est un \u00e9v\u00e9nement organis\u00e9&hellip;\n","protected":false},"author":2,"featured_media":411265,"comment_status":"","ping_status":"","sticky":false,"template":"","format":"standard","meta":{"footnotes":""},"categories":[2821],"tags":[1111,11,327,829,1777,674,1011,27,1652,12,584,25],"class_list":{"0":"post-411264","1":"post","2":"type-post","3":"status-publish","4":"format-standard","5":"has-post-thumbnail","7":"category-rennes","8":"tag-actu","9":"tag-actualites","10":"tag-agriculture","11":"tag-bretagne","12":"tag-eu","13":"tag-europe","14":"tag-fr","15":"tag-france","16":"tag-loisirs-culture","17":"tag-news","18":"tag-rennes","19":"tag-republique-francaise"},"share_on_mastodon":{"url":"https:\/\/pubeurope.com\/@fr\/115252180010544173","error":""},"_links":{"self":[{"href":"https:\/\/www.europesays.com\/fr\/wp-json\/wp\/v2\/posts\/411264","targetHints":{"allow":["GET"]}}],"collection":[{"href":"https:\/\/www.europesays.com\/fr\/wp-json\/wp\/v2\/posts"}],"about":[{"href":"https:\/\/www.europesays.com\/fr\/wp-json\/wp\/v2\/types\/post"}],"author":[{"embeddable":true,"href":"https:\/\/www.europesays.com\/fr\/wp-json\/wp\/v2\/users\/2"}],"replies":[{"embeddable":true,"href":"https:\/\/www.europesays.com\/fr\/wp-json\/wp\/v2\/comments?post=411264"}],"version-history":[{"count":0,"href":"https:\/\/www.europesays.com\/fr\/wp-json\/wp\/v2\/posts\/411264\/revisions"}],"wp:featuredmedia":[{"embeddable":true,"href":"https:\/\/www.europesays.com\/fr\/wp-json\/wp\/v2\/media\/411265"}],"wp:attachment":[{"href":"https:\/\/www.europesays.com\/fr\/wp-json\/wp\/v2\/media?parent=411264"}],"wp:term":[{"taxonomy":"category","embeddable":true,"href":"https:\/\/www.europesays.com\/fr\/wp-json\/wp\/v2\/categories?post=411264"},{"taxonomy":"post_tag","embeddable":true,"href":"https:\/\/www.europesays.com\/fr\/wp-json\/wp\/v2\/tags?post=411264"}],"curies":[{"name":"wp","href":"https:\/\/api.w.org\/{rel}","templated":true}]}}