{"id":411266,"date":"2025-09-23T06:24:12","date_gmt":"2025-09-23T06:24:12","guid":{"rendered":"https:\/\/www.europesays.com\/fr\/411266\/"},"modified":"2025-09-23T06:24:12","modified_gmt":"2025-09-23T06:24:12","slug":"on-peut-vivre-avec-peu","status":"publish","type":"post","link":"https:\/\/www.europesays.com\/fr\/411266\/","title":{"rendered":"On peut vivre avec peu"},"content":{"rendered":"<p>            Par<br \/>\n        <strong><br \/>\n            <a href=\"https:\/\/actu.fr\/auteur\/ivan-capecchi\" title=\"Consulter tous les articles de Ivan CAPECCHI\" target=\"_blank\" rel=\"noopener\">Ivan CAPECCHI<\/a><br \/>\n        <\/strong><\/p>\n<p>        Publi\u00e9 le<\/p>\n<p>            22 sept. 2025 \u00e0 16h53        <\/p>\n<p>Confront\u00e9 \u00e0 la difficult\u00e9 de trouver un terrain o\u00f9 s\u2019installer en toute l\u00e9galit\u00e9, Alain r\u00eave de cr\u00e9er un village de <strong>tiny houses<\/strong> \u00e0 <a href=\"https:\/\/actu.fr\/strasbourg\/\" target=\"_blank\" rel=\"noopener\">Strasbourg<\/a>. Objectif\u2009:<strong> offrir \u00ab\u2009un point de chute\u2009\u00bb<\/strong> \u00e0 quiconque aimerait y rester \u00ab\u20096\u00a0mois, un an, deux ans\u2009\u00bb. Mais le projet <strong>se heurte \u00e0 de nombreux obstacles<\/strong>.<\/p>\n<p>Adepte de tiny house, il veut \u00ab\u2009montrer qu\u2019on peut vivre diff\u00e9remment\u2009\u00bb<\/p>\n<p class=\" wall-content\">\u00c2g\u00e9 de 51\u00a0ans et fonctionnaire \u00e0 l\u2019<strong>Eurom\u00e9tropole<\/strong>, il vit depuis huit ans dans une tiny house du c\u00f4t\u00e9 de <a href=\"https:\/\/actu.fr\/grand-est\/molsheim_67300\" target=\"_blank\" rel=\"noopener\">Molsheim (Bas-Rhin)<\/a>. \u00ab\u2009J\u2019ai v\u00e9cu 20\u00a0ans dans une maison au <strong>Neudorf<\/strong>. J\u2019y \u00e9tais seul et je commen\u00e7ais \u00e0 tourner en rond. En regardant sur internet, j\u2019ai d\u00e9couvert les tiny houses. <strong>J\u2019ai trouv\u00e9 \u00e7a g\u00e9nial car finalement on a besoin de peu pour vivre.<\/strong>\u2009\u00bb Aujourd\u2019hui, il appr\u00e9cie un <strong>quotidien plus simple\u2009: moins d\u2019entretien, moins de m\u00e9nage, plus de libert\u00e9<\/strong>.<\/p>\n<p class=\" wall-content\">Avec d\u2019autres passionn\u00e9s, il a fond\u00e9 l\u2019association Les Toits filants pour porter le projet. \u00ab\u2009Ce serait aussi l\u2019opportunit\u00e9 de <strong>promouvoir ce type d\u2019habitat<\/strong> en faisant venir des \u00e9coles, pour montrer qu\u2019on peut vivre diff\u00e9remment\u2009\u00bb, explique-t-il.<\/p>\n<p class=\" wall-content\">Un terrain avait m\u00eame \u00e9t\u00e9 identifi\u00e9 \u00e0 la <strong>Robertsau<\/strong>, mais le dossier a fini par bloquer.<\/p>\n<p>De nombreux obstacles \u00e0 lever<\/p>\n<p class=\" wall-content\">Pour Marc Hoffsess, \u00e9lu r\u00e9f\u00e9rent du quartier, la difficult\u00e9 est avant tout <strong>r\u00e9glementaire<\/strong>. \u00ab\u2009Le <strong>PLU<\/strong> [Plan local d\u2019urbanisme, NDLR] ne pr\u00e9voit pas la possibilit\u00e9 d\u2019accueillir des tiny houses \u00e0 Strasbourg, sauf sur des terrains priv\u00e9s et \u00e0 des conditions particuli\u00e8res.\u2009\u00bb S\u2019ajoutent des <strong>contraintes techniques<\/strong> de raccordement aux r\u00e9seaux. \u00ab\u2009Concr\u00e8tement, il y a une <strong>s\u00e9rie d\u2019\u00e9cueils<\/strong> r\u00e9glementaires, juridiques, techniques et financiers, <strong>difficiles \u00e0 lever pour l\u2019instant<\/strong>.\u2009\u00bb<\/p>\n<p class=\" wall-content\">L\u2019\u00e9lu assure toutefois avoir \u00ab\u2009<strong>de la consid\u00e9ration pour ce type d\u2019habitat<\/strong>, tr\u00e8s \u00e9cologique en termes de mode de vie\u2009\u00bb, et n\u2019exclut pas une \u00e9volution lors d\u2019une future <strong>r\u00e9vision du PLU<\/strong>, qui pourrait intervenir lors du prochain mandat.<\/p>\n<p class=\" wall-content\">Personnalisez votre actualit\u00e9 en ajoutant vos villes et m\u00e9dias en favori avec <a href=\"https:\/\/moncompte.actu.fr\" title=\"D\u00e9couvez Mon Actu\" rel=\"nofollow noopener\" data-trk=\"{&quot;cta&quot;:{&quot;action&quot;:&quot;https:\\\/\\\/moncompte.actu.fr&quot;,&quot;category&quot;:&quot;mon compte&quot;,&quot;from&quot;:&quot;article footer&quot;,&quot;name&quot;:&quot;Mon actu&quot;,&quot;type&quot;:&quot;cta&quot;}}\" target=\"_blank\">Mon Actu<\/a>.<\/p>\n","protected":false},"excerpt":{"rendered":"Par Ivan CAPECCHI Publi\u00e9 le 22 sept. 2025 \u00e0 16h53 Confront\u00e9 \u00e0 la difficult\u00e9 de trouver un terrain&hellip;\n","protected":false},"author":2,"featured_media":411267,"comment_status":"","ping_status":"","sticky":false,"template":"","format":"standard","meta":{"footnotes":""},"categories":[2820],"tags":[1111,11,1777,674,1011,27,775,1757,1908,12,25,104,640],"class_list":{"0":"post-411266","1":"post","2":"type-post","3":"status-publish","4":"format-standard","5":"has-post-thumbnail","7":"category-strasbourg","8":"tag-actu","9":"tag-actualites","10":"tag-eu","11":"tag-europe","12":"tag-fr","13":"tag-france","14":"tag-grand-est","15":"tag-insolite","16":"tag-logement","17":"tag-news","18":"tag-republique-francaise","19":"tag-societe","20":"tag-strasbourg"},"share_on_mastodon":{"url":"https:\/\/pubeurope.com\/@fr\/115252183950441479","error":""},"_links":{"self":[{"href":"https:\/\/www.europesays.com\/fr\/wp-json\/wp\/v2\/posts\/411266","targetHints":{"allow":["GET"]}}],"collection":[{"href":"https:\/\/www.europesays.com\/fr\/wp-json\/wp\/v2\/posts"}],"about":[{"href":"https:\/\/www.europesays.com\/fr\/wp-json\/wp\/v2\/types\/post"}],"author":[{"embeddable":true,"href":"https:\/\/www.europesays.com\/fr\/wp-json\/wp\/v2\/users\/2"}],"replies":[{"embeddable":true,"href":"https:\/\/www.europesays.com\/fr\/wp-json\/wp\/v2\/comments?post=411266"}],"version-history":[{"count":0,"href":"https:\/\/www.europesays.com\/fr\/wp-json\/wp\/v2\/posts\/411266\/revisions"}],"wp:featuredmedia":[{"embeddable":true,"href":"https:\/\/www.europesays.com\/fr\/wp-json\/wp\/v2\/media\/411267"}],"wp:attachment":[{"href":"https:\/\/www.europesays.com\/fr\/wp-json\/wp\/v2\/media?parent=411266"}],"wp:term":[{"taxonomy":"category","embeddable":true,"href":"https:\/\/www.europesays.com\/fr\/wp-json\/wp\/v2\/categories?post=411266"},{"taxonomy":"post_tag","embeddable":true,"href":"https:\/\/www.europesays.com\/fr\/wp-json\/wp\/v2\/tags?post=411266"}],"curies":[{"name":"wp","href":"https:\/\/api.w.org\/{rel}","templated":true}]}}