{"id":411279,"date":"2025-09-23T06:31:11","date_gmt":"2025-09-23T06:31:11","guid":{"rendered":"https:\/\/www.europesays.com\/fr\/411279\/"},"modified":"2025-09-23T06:31:11","modified_gmt":"2025-09-23T06:31:11","slug":"trois-tableaux-voles-a-un-peintre-juif-par-les-nazis-a-bordeaux-en-1940-rendus-a-son-heritier-en-2025","status":"publish","type":"post","link":"https:\/\/www.europesays.com\/fr\/411279\/","title":{"rendered":"Trois tableaux vol\u00e9s \u00e0 un peintre juif par les nazis \u00e0 Bordeaux en 1940, rendus \u00e0 son h\u00e9ritier en 2025"},"content":{"rendered":"<p>L\u2019h\u00e9ritier, qui est redevenu le propri\u00e9taire des trois \u0153uvres, a toutefois accept\u00e9 de les pr\u00eater pour une exposition au mus\u00e9e d\u2019art et d\u2019histoire du juda\u00efsme \u00e0 Paris.<\/p>\n<p class=\"fig-paragraph\">Les\u00a0<a href=\"http:\/\/www.lefigaro.fr\/bordeaux\/bordeaux-un-tableau-d-eugene-boudin-vendu-pres-de-23-000-euros-aux-encheres-20241213\" data-fig-type=\"NewsFlash\" data-gtm-custom-categorie=\"navigation\" data-gtm-custom-action=\"crossclick\" data-gtm-custom-label=\"Contextuel\" data-gtm-event=\"customEventSPE\" data-fig-domain=\"LEFIGARO\" target=\"_blank\" rel=\"noopener\">trois toiles<\/a>\u00a0avaient \u00e9t\u00e9 saisies par les\u00a0<a href=\"http:\/\/www.lefigaro.fr\/bordeaux\/un-mineur-isole-tenant-des-discours-nazis-en-detention-provisoire-a-bordeaux-20250113\" data-fig-type=\"NewsFlash\" data-gtm-custom-categorie=\"navigation\" data-gtm-custom-action=\"crossclick\" data-gtm-custom-label=\"Contextuel\" data-gtm-event=\"customEventSPE\" data-fig-domain=\"LEFIGARO\" target=\"_blank\" rel=\"noopener\">Allemands<\/a>, en m\u00eame temps que 22 autres peintures du m\u00eame artiste, en d\u00e9cembre 1940 dans un dock du\u00a0<a href=\"http:\/\/www.lefigaro.fr\/bordeaux\/pourquoi-bordeaux-est-elle-aussi-baptisee-le-port-de-la-lune-20240203\" data-fig-type=\"NewsFlash\" data-gtm-custom-categorie=\"navigation\" data-gtm-custom-action=\"crossclick\" data-gtm-custom-label=\"Contextuel\" data-gtm-event=\"customEventSPE\" data-fig-domain=\"LEFIGARO\" target=\"_blank\" rel=\"noopener\">port de Bordeaux<\/a>. Ces tableaux \u00e9taient alors destin\u00e9s \u00e0 faire l\u2019objet d\u2019une exposition aux \u00c9tats-Unis. Le 16 septembre 2025, 85 ans plus tard, l\u2019h\u00e9ritier du peintre F\u00e9dor L\u00f6wenstein s\u2019est vu restituer les \u0153uvres par le minist\u00e8re de la culture. Intitul\u00e9s Les Peupliers, Arbres et Composition, les trois tableaux de l\u2019artiste tch\u00e9coslovaque et juif avaient \u00e9t\u00e9 transport\u00e9s \u00e0 Paris au mus\u00e9e du Jeu de Paume, qui \u00e9tait alors un \u00ablieu de transit des \u0153uvres d\u2019art spoli\u00e9es par le service de pillage allemand Einsatzstab Reichsleiter Rosenberg (ERR)\u00bb, expliquent les services de l\u2019\u00c9tat.<\/p>\n<p class=\"fig-paragraph\">Sans provenance connue, les trois \u0153uvres avaient \u00e9t\u00e9 ind\u00fbment inscrites sur les inventaires du Mus\u00e9e national d\u2019Art moderne comme \u00abdon anonyme\u00bb. En 1973, elles se trouvaient ainsi dans la r\u00e9serve Lefuel du Louvre. Il a fallu attendre pr\u00e8s de quatre d\u00e9cennies plus tard, en 2010, pour que le minist\u00e8re de la culture les identifie comme des \u0153uvres spoli\u00e9es et \u00e9pargn\u00e9es par les nazis \u00abpour des raisons inconnues\u00bb.<\/p>\n<p>                                    <a class=\"fig-a11y-skip a11y-hidden\" href=\"#fig-a11y-skip-main-inarticle\"><br \/>\n        Passer la publicit\u00e9<br \/>\n    <\/a><\/p>\n<p>Recherches g\u00e9n\u00e9alogiques<\/p>\n<p class=\"fig-paragraph\">La recherche des h\u00e9ritiers du propri\u00e9taire a \u00e9t\u00e9 imm\u00e9diatement enclench\u00e9e par G\u00e9n\u00e9alogistes de France, l\u2019organisation nationale de la profession. En parall\u00e8le, d\u00e8s 2014, un petit-cousin de F\u00e9dor L\u00f6wenstein demandait la restitution des trois toiles pour faire conna\u00eetre le travail de son anc\u00eatre. L\u2019h\u00e9ritier, qui est redevenu le propri\u00e9taire des trois \u0153uvres, a toutefois accept\u00e9 de les pr\u00eater au mus\u00e9e d\u2019art et d\u2019histoire du juda\u00efsme \u00e0 Paris. Elles doivent faire l\u2019objet d\u2019une exposition sur F\u00e9dor L\u00f6wenstein \u00e0 partir du 19 f\u00e9vrier 2026.<\/p>\n<p class=\"fig-paragraph\">Depuis 1950, 221 \u0153uvres spoli\u00e9es par les nazis ont \u00e9t\u00e9 remises aux ayants droit de leur propri\u00e9taire. Le minist\u00e8re de la culture, les mus\u00e9es et les biblioth\u00e8ques nationales \u00abpoursuivent leur effort\u00bb pour retrouver ces \u0153uvres mal acquises. S\u2019agissant de F\u00e9dor L\u00f6wenstein, les 22 autres toiles saisies par les Allemands en d\u00e9cembre 1940 sont r\u00e9put\u00e9es perdues mais elles seront restitu\u00e9es si un jour elles \u00e9taient retrouv\u00e9es.<\/p>\n","protected":false},"excerpt":{"rendered":"L\u2019h\u00e9ritier, qui est redevenu le propri\u00e9taire des trois \u0153uvres, a toutefois accept\u00e9 de les pr\u00eater pour une exposition&hellip;\n","protected":false},"author":2,"featured_media":411280,"comment_status":"","ping_status":"","sticky":false,"template":"","format":"standard","meta":{"footnotes":""},"categories":[2817],"tags":[1111,11,1997,251,1777,674,1011,27,16684,12,2219,2551,25],"class_list":{"0":"post-411279","1":"post","2":"type-post","3":"status-publish","4":"format-standard","5":"has-post-thumbnail","7":"category-bordeaux","8":"tag-actu","9":"tag-actualites","10":"tag-bordeaux","11":"tag-culture","12":"tag-eu","13":"tag-europe","14":"tag-fr","15":"tag-france","16":"tag-nazisme","17":"tag-news","18":"tag-nouvelle-aquitaine","19":"tag-patrimoine","20":"tag-republique-francaise"},"share_on_mastodon":{"url":"https:\/\/pubeurope.com\/@fr\/115252211641878346","error":""},"_links":{"self":[{"href":"https:\/\/www.europesays.com\/fr\/wp-json\/wp\/v2\/posts\/411279","targetHints":{"allow":["GET"]}}],"collection":[{"href":"https:\/\/www.europesays.com\/fr\/wp-json\/wp\/v2\/posts"}],"about":[{"href":"https:\/\/www.europesays.com\/fr\/wp-json\/wp\/v2\/types\/post"}],"author":[{"embeddable":true,"href":"https:\/\/www.europesays.com\/fr\/wp-json\/wp\/v2\/users\/2"}],"replies":[{"embeddable":true,"href":"https:\/\/www.europesays.com\/fr\/wp-json\/wp\/v2\/comments?post=411279"}],"version-history":[{"count":0,"href":"https:\/\/www.europesays.com\/fr\/wp-json\/wp\/v2\/posts\/411279\/revisions"}],"wp:featuredmedia":[{"embeddable":true,"href":"https:\/\/www.europesays.com\/fr\/wp-json\/wp\/v2\/media\/411280"}],"wp:attachment":[{"href":"https:\/\/www.europesays.com\/fr\/wp-json\/wp\/v2\/media?parent=411279"}],"wp:term":[{"taxonomy":"category","embeddable":true,"href":"https:\/\/www.europesays.com\/fr\/wp-json\/wp\/v2\/categories?post=411279"},{"taxonomy":"post_tag","embeddable":true,"href":"https:\/\/www.europesays.com\/fr\/wp-json\/wp\/v2\/tags?post=411279"}],"curies":[{"name":"wp","href":"https:\/\/api.w.org\/{rel}","templated":true}]}}