{"id":411285,"date":"2025-09-23T06:34:09","date_gmt":"2025-09-23T06:34:09","guid":{"rendered":"https:\/\/www.europesays.com\/fr\/411285\/"},"modified":"2025-09-23T06:34:09","modified_gmt":"2025-09-23T06:34:09","slug":"avis-aux-chanteurs-de-lille-et-du-nord","status":"publish","type":"post","link":"https:\/\/www.europesays.com\/fr\/411285\/","title":{"rendered":"Avis aux chanteurs de Lille et du Nord"},"content":{"rendered":"<p>            Par<br \/>\n        <strong><br \/>\n            <a href=\"https:\/\/actu.fr\/auteur\/hervine-mahaud\" title=\"Consulter tous les articles de Hervine Mahaud\" target=\"_blank\" rel=\"noopener\">Hervine Mahaud<\/a><br \/>\n        <\/strong><\/p>\n<p>        Publi\u00e9 le<\/p>\n<p>            23 sept. 2025 \u00e0 8h12        <\/p>\n<p>Avis aux chanteurs du <b>Nord<\/b> et du <b>Pas-de-Calais<\/b> : l\u2019\u00e9mission culte de France 2, <b>\u00ab\u00a0N\u2019oubliez pas les paroles !\u00a0\u00bb<\/b>, relance ses castings dans les <b>Hauts-de-France<\/b>. Pr\u00e9sent\u00e9e par <b>Nagui<\/b>, l\u2019\u00e9mission f\u00eate cette ann\u00e9e ses 18 ans. En d\u00e9cembre, elle sera officiellement \u00ab\u00a0majeure\u00a0\u00bb\u2026 et compte bien souffler ses bougies en chanson avec de nouveaux talents lillois et r\u00e9gionaux.<\/p>\n<p>Un casting 100 % \u00e0 distance<\/p>\n<p class=\" wall-content\">Pas besoin de monter \u00e0 Paris pour tenter sa chance : les s\u00e9lections se d\u00e9roulent enti\u00e8rement \u00e0 distance. L\u2019\u00e9quipe de production cherche ses prochaines \u00ab\u00a0p\u00e9pites\u00a0\u00bb dans la m\u00e9tropole lilloise, mais aussi dans tout le Nord et le Pas-de-Calais.<\/p>\n<p class=\" wall-content\">Le processus est simple :<\/p>\n<ul class=\" wall-content\">\n<li>un premier appel t\u00e9l\u00e9phonique o\u00f9 le candidat interpr\u00e8te une chanson de son choix ;<\/li>\n<li>l\u2019envoi d\u2019une courte vid\u00e9o de pr\u00e9sentation et de titres chant\u00e9s sur bande-son ;<\/li>\n<li>puis un test de paroles en visioconf\u00e9rence pour \u00e9valuer le niveau.<\/li>\n<\/ul>\n<p>Les ingr\u00e9dients pour s\u00e9duire Nagui<\/p>\n<p class=\" wall-content\">Pas question de venir les mains dans les poches : les candidats doivent d\u00e9montrer une <b>solide connaissance des paroles<\/b>, de Charles Aznavour \u00e0 Marine Delplace, en passant par tous les classiques de la chanson fran\u00e7aise.<\/p>\n<p class=\" wall-content\"><a href=\"https:\/\/www.instagram.com\/p\/DOVeCo4jkL0\/embed\" title=\"Ouvrir le lien sur Instagram\" target=\"_blank\" rel=\"noopener\">Visualiser le contenu sur Instagram<\/a><\/p>\n<p class=\" wall-content\">Mais l\u2019\u00e9mission ne mise pas seulement sur la m\u00e9moire : <b>la justesse, le rythme, l\u2019\u00e9nergie et le sourire<\/b> comptent tout autant. La personnalit\u00e9, c\u2019est ce qui fait la diff\u00e9rence sur le plateau !<\/p>\n<p>Un plateau flambant neuf<\/p>\n<p class=\" wall-content\">Pour cette nouvelle saison anniversaire, le d\u00e9cor de l\u2019\u00e9mission a \u00e9t\u00e9 repens\u00e9 : \u00e9crans g\u00e9ants, ambiance immersive, et toujours les musiciens, les ambianceurs et Nagui, fid\u00e8le ma\u00eetre de c\u00e9r\u00e9monie.<\/p>\n<p>Votre r\u00e9gion, votre actu !<\/p>\n<p>Recevez chaque jour les infos qui comptent pour vous.<\/p>\n<p>\t<a href=\"https:\/\/actu.fr\/newsletter\" class=\"ac-btn ac-btn--corner ac-btn--medium ac-btn--blue800\" target=\"_blank\" rel=\"noopener\">S&rsquo;incrire<\/a><\/p>\n<p class=\" wall-content\">Participer \u00e0 \u00ab\u00a0N\u2019oubliez pas les paroles\u00a0\u00bb reste une exp\u00e9rience unique, faite de musique, d\u2019adr\u00e9naline et d\u2019\u00e9motions. Et il y a un enjeu non n\u00e9gligeable : jusqu\u2019\u00e0 <b>20 000 \u20ac peuvent \u00eatre remport\u00e9s par \u00e9mission<\/b>.<\/p>\n<p class=\" wall-content\">Les habitants de Lille, du Nord et du Pas-de-Calais qui r\u00eavent de chanter face \u00e0 Nagui peuvent d\u00e9j\u00e0 s\u2019inscrire en ligne <a href=\"https:\/\/inscription.noplp.tv\/\" target=\"_blank\" rel=\"noopener\">via ce lien<\/a> ou par t\u00e9l\u00e9phone au 01 49 17 84 20.<\/p>\n<p class=\" wall-content\">L\u2019\u00e9quipe a d\u00e9j\u00e0 h\u00e2te d\u2019accueillir les nouveaux candidats des Hauts-de-France pour souffler, en musique, les 18 bougies de l\u2019\u00e9mission.<\/p>\n<p class=\" wall-content\">Personnalisez votre actualit\u00e9 en ajoutant vos villes et m\u00e9dias en favori avec <a href=\"https:\/\/moncompte.actu.fr\" title=\"D\u00e9couvez Mon Actu\" rel=\"nofollow noopener\" data-trk=\"{&quot;cta&quot;:{&quot;action&quot;:&quot;https:\\\/\\\/moncompte.actu.fr&quot;,&quot;category&quot;:&quot;mon compte&quot;,&quot;from&quot;:&quot;article footer&quot;,&quot;name&quot;:&quot;Mon actu&quot;,&quot;type&quot;:&quot;cta&quot;}}\" target=\"_blank\">Mon Actu<\/a>.<\/p>\n<p>                    <script async src=\"\/\/www.instagram.com\/embed.js\"><\/script><\/p>\n","protected":false},"excerpt":{"rendered":"Par Hervine Mahaud Publi\u00e9 le 23 sept. 2025 \u00e0 8h12 Avis aux chanteurs du Nord et du Pas-de-Calais&hellip;\n","protected":false},"author":2,"featured_media":411286,"comment_status":"","ping_status":"","sticky":false,"template":"","format":"standard","meta":{"footnotes":""},"categories":[2815],"tags":[1111,11,11668,1777,674,1011,27,811,1307,1652,12,25,252],"class_list":{"0":"post-411285","1":"post","2":"type-post","3":"status-publish","4":"format-standard","5":"has-post-thumbnail","7":"category-lille","8":"tag-actu","9":"tag-actualites","10":"tag-casting","11":"tag-eu","12":"tag-europe","13":"tag-fr","14":"tag-france","15":"tag-hauts-de-france","16":"tag-lille","17":"tag-loisirs-culture","18":"tag-news","19":"tag-republique-francaise","20":"tag-television"},"share_on_mastodon":{"url":"https:\/\/pubeurope.com\/@fr\/115252223404078487","error":""},"_links":{"self":[{"href":"https:\/\/www.europesays.com\/fr\/wp-json\/wp\/v2\/posts\/411285","targetHints":{"allow":["GET"]}}],"collection":[{"href":"https:\/\/www.europesays.com\/fr\/wp-json\/wp\/v2\/posts"}],"about":[{"href":"https:\/\/www.europesays.com\/fr\/wp-json\/wp\/v2\/types\/post"}],"author":[{"embeddable":true,"href":"https:\/\/www.europesays.com\/fr\/wp-json\/wp\/v2\/users\/2"}],"replies":[{"embeddable":true,"href":"https:\/\/www.europesays.com\/fr\/wp-json\/wp\/v2\/comments?post=411285"}],"version-history":[{"count":0,"href":"https:\/\/www.europesays.com\/fr\/wp-json\/wp\/v2\/posts\/411285\/revisions"}],"wp:featuredmedia":[{"embeddable":true,"href":"https:\/\/www.europesays.com\/fr\/wp-json\/wp\/v2\/media\/411286"}],"wp:attachment":[{"href":"https:\/\/www.europesays.com\/fr\/wp-json\/wp\/v2\/media?parent=411285"}],"wp:term":[{"taxonomy":"category","embeddable":true,"href":"https:\/\/www.europesays.com\/fr\/wp-json\/wp\/v2\/categories?post=411285"},{"taxonomy":"post_tag","embeddable":true,"href":"https:\/\/www.europesays.com\/fr\/wp-json\/wp\/v2\/tags?post=411285"}],"curies":[{"name":"wp","href":"https:\/\/api.w.org\/{rel}","templated":true}]}}