{"id":411293,"date":"2025-09-23T06:39:13","date_gmt":"2025-09-23T06:39:13","guid":{"rendered":"https:\/\/www.europesays.com\/fr\/411293\/"},"modified":"2025-09-23T06:39:13","modified_gmt":"2025-09-23T06:39:13","slug":"municipales-2026-bientot-candidat-a-lyon-aulas-recoit-aussi-le-soutien-dattal","status":"publish","type":"post","link":"https:\/\/www.europesays.com\/fr\/411293\/","title":{"rendered":"Municipales 2026 : bient\u00f4t candidat \u00e0 Lyon, Aulas re\u00e7oit aussi le soutien d&rsquo;Attal"},"content":{"rendered":"<ul class=\"jsx-862013697 ArticleChapo__List\">\n<li class=\"jsx-862013697 ArticleChapo__List_Item flex\">L\u2019ancien patron de l\u2019Olympique Lyonnais s\u2019appr\u00eate \u00e0 officialiser sa candidature \u00e0 la mairie de la ville de son c\u0153ur.<\/li>\n<li class=\"jsx-862013697 ArticleChapo__List_Item flex\">Apr\u00e8s le LR Laurent Wauquiez, homme fort de la droite locale, c\u2019est Gabriel Attal pour Renaissance qui lui a apport\u00e9 lundi son soutien.<\/li>\n<li class=\"jsx-862013697 ArticleChapo__List_Item flex\">Il tentera de faire tomber le maire sortant \u00e9cologiste Gr\u00e9gory Doucet, en poste depuis 2020.<\/li>\n<\/ul>\n<p><a href=\"https:\/\/www.tf1info.fr\/elections\/\" rel=\"noopener\" class=\"jsx-484472199 Link jsx-1428418400 jsx-2392744303\" target=\"_blank\"><\/p>\n<p style=\"font-weight:400\" class=\"jsx-1837267516\">Suivez la couverture compl\u00e8te<\/p>\n<p style=\"font-weight:800\" class=\"jsx-1837267516\">\u00c9lections Municipales 2026<\/p>\n<p><\/a><\/p>\n<p data-module=\"article-paragraph\" class=\"jsx-3046738180 Paragraph Paragraph__End\">Il est dans les starting-blocks. Alors qu\u2019il doit officialiser sa candidature aux municipales 2026 ce vendredi lors d\u2019une premi\u00e8re r\u00e9union publique, l\u2019ancien pr\u00e9sident de l\u2019Olympique Lyonnais Jean-Michel Aulaus, 76 ans, a re\u00e7u lundi un nouveau soutien de poids en la personne de Gabriel Attal, le secr\u00e9taire g\u00e9n\u00e9ral du parti Renaissance.\u00a0<\/p>\n<p data-module=\"article-paragraph\" class=\"jsx-3046738180 Paragraph Paragraph__End\">\u00ab\u00a0Nous avons d\u00e9cid\u00e9 de rejoindre la dynamique de rassemblement initi\u00e9e par Jean-Michel Aulas\u00a0\u00bb, a fait savoir l\u2019ancien Premier ministre sur le r\u00e9seau social X. \u00ab\u00a0Loin des querelles partisanes, c&rsquo;est une d\u00e9marche d&rsquo;apaisement pour les Lyonnais, et d&rsquo;ambition pour Lyon que nous initions aujourd&rsquo;hui avec Jean-Michel Aulas\u00a0\u00bb, qui a \u00ab\u00a0toutes les qualit\u00e9s pour \u00eatre un grand maire de Lyon\u00a0\u00bb.<\/p>\n<blockquote data-testid=\"EmbedTwitter\" id=\"tweet-1970195214254875008-:R4qcmj9n79m:\" class=\"jsx-aeff1a1c40f54d7a twitter-tweet flex justify-center items-center\"><p>\u00c0 Lyon, l\u2019\u00e9lection municipale qui se tiendra en mars 2026 sera d\u00e9terminante pour l\u2019avenir de la ville.  Fid\u00e8les \u00e0 notre m\u00e9thode de rassemblement, fid\u00e8les \u00e0 nos valeurs et \u00e0 nos priorit\u00e9s pour l\u2019\u00e9cologie, la s\u00e9curit\u00e9, l\u2019\u00e9ducation et le d\u00e9veloppement \u00e9conomique, nous avons d\u00e9cid\u00e9\u2026 \u2014 Gabriel Attal (@GabrielAttal)  September 22, 2025<\/p><\/blockquote>\n<p data-module=\"article-paragraph\" class=\"jsx-3046738180 Paragraph Paragraph__End\">Outre une \u00ab\u00a0concordance de nos visions sur les questions de s\u00e9curit\u00e9, de d\u00e9veloppement \u00e9conomique, de l&rsquo;attractivit\u00e9 de la ville, il nous a donn\u00e9 satisfaction sur deux points qui \u00e9taient tr\u00e8s importants pour nous : la transition \u00e9cologique et la lutte contre les in\u00e9galit\u00e9s\u00a0\u00bb, a pr\u00e9cis\u00e9 \u00e0 l&rsquo;AFP Thomas Rudigoz, r\u00e9f\u00e9rent local du parti macroniste. \u00ab\u00a0Nous serons associ\u00e9s \u00e0 la gouvernance de la campagne\u00a0\u00bb, a-t-il ajout\u00e9, pr\u00e9cisant que lui-m\u00eame serait t\u00eate de liste dans le 5\u1d49 arrondissement de Lyon.<\/p>\n<p><a href=\"https:\/\/www.tf1info.fr\/elections\/municipales-2026-laurence-ruffin-soeur-de-francois-ruffin-candidate-ecologiste-a-la-mairie-de-grenoble-2396049.html\" rel=\"noopener\" class=\"jsx-3308031228 Link flex\" target=\"_blank\"><img decoding=\"async\" src=\"https:\/\/www.europesays.com\/fr\/wp-content\/uploads\/2025\/09\/laurence-ruffin-a837a1-0@1x.jpeg\" alt=\"Laurence Ruffin, candidate \u00e9cologiste \u00e0 la mairie de Grenoble\" loading=\"lazy\" importance=\"low\" fetchpriority=\"low\" class=\"\" aria-hidden=\"true\"\/><\/p>\n<p class=\"jsx-3657663356 ReadMoreArticle__Title\">Lire aussi<\/p>\n<p class=\"jsx-3657663356\">Municipales 2026 : Laurence Ruffin, s\u0153ur de Fran\u00e7ois Ruffin, candidate \u00e9colo \u00e0 la mairie de Grenoble<\/p>\n<p><\/a><\/p>\n<p data-module=\"article-paragraph\" class=\"jsx-3046738180 Paragraph\">Dans sa course \u00e0 la maire de Lyon, dirig\u00e9e depuis 2020 par l\u2019\u00e9cologiste Gr\u00e9gory Doucet, le chef d\u2019entreprise avait d\u00e9j\u00e0 \u00e9t\u00e9 adoub\u00e9 par l\u2019homme fort de la droite locale Laurent Wauquiez, obtenant le retrait de la candidate du maire LR du 2e arrondissement de Lyon, Pierre Oliver. Le parti pr\u00e9sid\u00e9 par Bruno Retailleau doit encore formellement lui accorder l&rsquo;investiture officielle lors d&rsquo;une r\u00e9union de sa commission nationale ce mardi en fin de journ\u00e9e.<\/p>\n<p data-module=\"article-paragraph\" class=\"jsx-3046738180 Paragraph Paragraph__End\">Les soutiens \u00e0 Jean-Michel Aulas se sont acc\u00e9l\u00e9r\u00e9s ces derniers jours avec \u00e9galement ceux de l&rsquo;Union des d\u00e9mocrates et ind\u00e9pendants (UDI) et du parti Horizons de l&rsquo;ancien Premier ministre Edouard Philippe. L\u2019ex-patron de l\u2019OL doit lancer sa campagne vendredi lors d&rsquo;une premi\u00e8re r\u00e9union publique \u00e0 Lyon au H7, un incubateur de start-up install\u00e9 dans le quartier de Confluence.<\/p>\n<p>J.V.<\/p>\n","protected":false},"excerpt":{"rendered":"L\u2019ancien patron de l\u2019Olympique Lyonnais s\u2019appr\u00eate \u00e0 officialiser sa candidature \u00e0 la mairie de la ville de son&hellip;\n","protected":false},"author":2,"featured_media":411294,"comment_status":"","ping_status":"","sticky":false,"template":"","format":"standard","meta":{"footnotes":""},"categories":[1889],"tags":[1111,11,1921,2430,4188,1777,674,1011,27,4410,1922,5227,5639,2428,12,978,25,133,35598],"class_list":{"0":"post-411293","1":"post","2":"type-post","3":"status-publish","4":"format-standard","5":"has-post-thumbnail","7":"category-lyon","8":"tag-actu","9":"tag-actualites","10":"tag-article-video","11":"tag-auvergne-rhone-alpes","12":"tag-elections-municipales","13":"tag-eu","14":"tag-europe","15":"tag-fr","16":"tag-france","17":"tag-gabriel-attal","18":"tag-info","19":"tag-jean-michel-aulas","20":"tag-laurent-wauquiez","21":"tag-lyon","22":"tag-news","23":"tag-olympique-lyonnais","24":"tag-republique-francaise","25":"tag-video","26":"tag-video-elections-municipales-2026"},"share_on_mastodon":{"url":"https:\/\/pubeurope.com\/@fr\/115252242995152684","error":""},"_links":{"self":[{"href":"https:\/\/www.europesays.com\/fr\/wp-json\/wp\/v2\/posts\/411293","targetHints":{"allow":["GET"]}}],"collection":[{"href":"https:\/\/www.europesays.com\/fr\/wp-json\/wp\/v2\/posts"}],"about":[{"href":"https:\/\/www.europesays.com\/fr\/wp-json\/wp\/v2\/types\/post"}],"author":[{"embeddable":true,"href":"https:\/\/www.europesays.com\/fr\/wp-json\/wp\/v2\/users\/2"}],"replies":[{"embeddable":true,"href":"https:\/\/www.europesays.com\/fr\/wp-json\/wp\/v2\/comments?post=411293"}],"version-history":[{"count":0,"href":"https:\/\/www.europesays.com\/fr\/wp-json\/wp\/v2\/posts\/411293\/revisions"}],"wp:featuredmedia":[{"embeddable":true,"href":"https:\/\/www.europesays.com\/fr\/wp-json\/wp\/v2\/media\/411294"}],"wp:attachment":[{"href":"https:\/\/www.europesays.com\/fr\/wp-json\/wp\/v2\/media?parent=411293"}],"wp:term":[{"taxonomy":"category","embeddable":true,"href":"https:\/\/www.europesays.com\/fr\/wp-json\/wp\/v2\/categories?post=411293"},{"taxonomy":"post_tag","embeddable":true,"href":"https:\/\/www.europesays.com\/fr\/wp-json\/wp\/v2\/tags?post=411293"}],"curies":[{"name":"wp","href":"https:\/\/api.w.org\/{rel}","templated":true}]}}