{"id":411295,"date":"2025-09-23T06:41:13","date_gmt":"2025-09-23T06:41:13","guid":{"rendered":"https:\/\/www.europesays.com\/fr\/411295\/"},"modified":"2025-09-23T06:41:13","modified_gmt":"2025-09-23T06:41:13","slug":"la-pluie-complique-la-circulation-sur-les-routes-de-paris-et-dile-de-france-les-bouchons-senvolent","status":"publish","type":"post","link":"https:\/\/www.europesays.com\/fr\/411295\/","title":{"rendered":"La pluie complique la circulation sur les routes de Paris et d&rsquo;\u00cele-de-France : les bouchons s&rsquo;envolent"},"content":{"rendered":"<p>            Par<br \/>\n        <strong><br \/>\n            <a href=\"https:\/\/actu.fr\/auteur\/redaction-paris\" title=\"Consulter tous les articles de R\u00e9daction Paris\" target=\"_blank\" rel=\"noopener\">R\u00e9daction Paris<\/a><br \/>\n        <\/strong><\/p>\n<p>        Publi\u00e9 le<\/p>\n<p>            23 sept. 2025 \u00e0 8h34        <\/p>\n<p>C\u2019\u00e9tait d\u00e9j\u00e0 le cas hier. C\u2019est \u00e0 nouveau le cas ce mardi 23\u00a0septembre 2025\u2009: la <a href=\"https:\/\/actu.fr\/tag\/circulation\" target=\"_blank\" rel=\"noopener\">circulation<\/a> sur les routes de Paris et d\u2019\u00cele-de-France est difficile en d\u00e9but de journ\u00e9e et les <strong>embouteillages<\/strong> sont au-dessus des moyennes.<\/p>\n<p>Plusieurs ralentissements<\/p>\n<p class=\" wall-content\">D\u2019apr\u00e8s le barom\u00e8tre de <a href=\"https:\/\/www.sytadin.fr\/sys\/barometre_bouchon.jsp.html\" target=\"_blank\" rel=\"noopener\">Sytadin.fr<\/a>, le cumul des bouchons \u00e0 8h10 atteint <strong>412 kilom\u00e8tres<\/strong>. Lorsque le trafic est fluide, il ne d\u00e9passe pas 250 kilom\u00e8tres. Cela s\u2019explique par plusieurs raisons\u2009: la pluie, qui incite les automobilistes \u00e0 r\u00e9duire leur vitesse, et quelques incidents signal\u00e9s sur le r\u00e9seau.<\/p>\n<p>    <img   decoding=\"async\" loading=\"lazy\" src=\"https:\/\/www.europesays.com\/fr\/wp-content\/uploads\/2025\/09\/sytadin-cumul-de-bouchon-google-chrome-960x640.jpg\" alt=\"Le cumul des bouchons ce mardi 23 septembre 2025 sur les routes de Paris et d'\u00cele-de-France.\" width=\"960\" height=\"640\"\/><br \/>\n    Le cumul des bouchons ce mardi 23\u00a0septembre 2025 sur les routes de Paris et d\u2019\u00cele-de-France. (\u00a9Capture d\u2019\u00e9cran Sytadin.fr)<\/p>\n<p class=\" wall-content\">\u2013 Sur l\u2019<strong>A13<\/strong>\u2009: circulation difficile entre Mantes et Orgeval. Temps de parcours actuel\u2009: 50\u00a0minutes contre 23\u00a0minutes habituellement<\/p>\n<p class=\" wall-content\">\u2013 Sur la <strong>N19<\/strong>\u2009: circulation difficile entre Brie-Comte-Robert et Bonneuil-sur-Marne. Temps de parcours actuel\u2009: 1 heure contre 28\u00a0minutes en temps normal<\/p>\n<p class=\" wall-content\">Le <a href=\"https:\/\/actu.fr\/meteo\/vous-n-avez-meme-pas-idee-de-ce-qui-vous-attend-la-meteo-change-brutalement-a-paris-et-en-ile-de-fran_63190939.html\" target=\"_blank\" rel=\"noopener\">temps va rester gris et pluvieux<\/a> toute la semaine, les <strong>routes<\/strong> devraient donc \u00eatre embouteill\u00e9es dans les prochains jours.<\/p>\n<p class=\" wall-content\">Personnalisez votre actualit\u00e9 en ajoutant vos villes et m\u00e9dias en favori avec <a href=\"https:\/\/moncompte.actu.fr\" title=\"D\u00e9couvez Mon Actu\" rel=\"nofollow noopener\" data-trk=\"{&quot;cta&quot;:{&quot;action&quot;:&quot;https:\\\/\\\/moncompte.actu.fr&quot;,&quot;category&quot;:&quot;mon compte&quot;,&quot;from&quot;:&quot;article footer&quot;,&quot;name&quot;:&quot;Mon actu&quot;,&quot;type&quot;:&quot;cta&quot;}}\" target=\"_blank\">Mon Actu<\/a>.<\/p>\n","protected":false},"excerpt":{"rendered":"Par R\u00e9daction Paris Publi\u00e9 le 23 sept. 2025 \u00e0 8h34 C\u2019\u00e9tait d\u00e9j\u00e0 le cas hier. C\u2019est \u00e0 nouveau&hellip;\n","protected":false},"author":2,"featured_media":411296,"comment_status":"","ping_status":"","sticky":false,"template":"","format":"standard","meta":{"footnotes":""},"categories":[1592],"tags":[1111,11,3542,1777,674,1011,27,662,12,626,25,104],"class_list":{"0":"post-411295","1":"post","2":"type-post","3":"status-publish","4":"format-standard","5":"has-post-thumbnail","7":"category-ile-de-france","8":"tag-actu","9":"tag-actualites","10":"tag-circulation","11":"tag-eu","12":"tag-europe","13":"tag-fr","14":"tag-france","15":"tag-ile-de-france","16":"tag-news","17":"tag-paris","18":"tag-republique-francaise","19":"tag-societe"},"share_on_mastodon":{"url":"https:\/\/pubeurope.com\/@fr\/115252251184653858","error":""},"_links":{"self":[{"href":"https:\/\/www.europesays.com\/fr\/wp-json\/wp\/v2\/posts\/411295","targetHints":{"allow":["GET"]}}],"collection":[{"href":"https:\/\/www.europesays.com\/fr\/wp-json\/wp\/v2\/posts"}],"about":[{"href":"https:\/\/www.europesays.com\/fr\/wp-json\/wp\/v2\/types\/post"}],"author":[{"embeddable":true,"href":"https:\/\/www.europesays.com\/fr\/wp-json\/wp\/v2\/users\/2"}],"replies":[{"embeddable":true,"href":"https:\/\/www.europesays.com\/fr\/wp-json\/wp\/v2\/comments?post=411295"}],"version-history":[{"count":0,"href":"https:\/\/www.europesays.com\/fr\/wp-json\/wp\/v2\/posts\/411295\/revisions"}],"wp:featuredmedia":[{"embeddable":true,"href":"https:\/\/www.europesays.com\/fr\/wp-json\/wp\/v2\/media\/411296"}],"wp:attachment":[{"href":"https:\/\/www.europesays.com\/fr\/wp-json\/wp\/v2\/media?parent=411295"}],"wp:term":[{"taxonomy":"category","embeddable":true,"href":"https:\/\/www.europesays.com\/fr\/wp-json\/wp\/v2\/categories?post=411295"},{"taxonomy":"post_tag","embeddable":true,"href":"https:\/\/www.europesays.com\/fr\/wp-json\/wp\/v2\/tags?post=411295"}],"curies":[{"name":"wp","href":"https:\/\/api.w.org\/{rel}","templated":true}]}}